
{"id":8402,"date":"2016-07-04T06:00:59","date_gmt":"2016-07-04T04:00:59","guid":{"rendered":"http:\/\/rauchfrei.ipax.hosting\/?p=8402"},"modified":"2024-10-02T16:56:27","modified_gmt":"2024-10-02T14:56:27","slug":"hilfe-mein-kind-raucht","status":"publish","type":"post","link":"https:\/\/rauchfrei.at\/en\/hilfe-mein-kind-raucht\/","title":{"rendered":"Hilfe! Mein Kind raucht!"},"content":{"rendered":"<p>[et_pb_section fb_built=&#8221;1&#8243; module_class=&#8221;header&#8221; _builder_version=&#8221;3.0.99&#8243;][et_pb_row _builder_version=&#8221;3.0.99&#8243;][et_pb_column type=&#8221;4_4&#8243; _builder_version=&#8221;3.0.47&#8243;][et_pb_dp_dmb_module_10001 _builder_version=&#8221;3.21.1&#8243;][\/et_pb_dp_dmb_module_10001][\/et_pb_column][\/et_pb_row][\/et_pb_section][et_pb_section fb_built=&#8221;1&#8243; _builder_version=&#8221;3.0.47&#8243;][et_pb_row _builder_version=&#8221;3.0.48&#8243; background_size=&#8221;initial&#8221; background_position=&#8221;top_left&#8221; background_repeat=&#8221;repeat&#8221;][et_pb_column type=&#8221;2_3&#8243; _builder_version=&#8221;3.0.47&#8243;][et_pb_text _builder_version=&#8221;3.0.74&#8243; background_size=&#8221;initial&#8221; background_position=&#8221;top_left&#8221; background_repeat=&#8221;repeat&#8221;]<\/p>\n<p><span style=\"font-size: 15px;\">Etwa bis zum 11. Lebensjahr\u00a0nehmen die meisten Kinder den Zigarettenrauch als <\/span><strong style=\"font-size: 15px;\">&#8220;grauslich&#8221;<\/strong><span style=\"font-size: 15px;\"> wahr und sind entschieden gegen das Rauchen. Viele sind auch schon \u00fcber die <\/span><strong style=\"font-size: 15px;\">negativen Auswirkungen<\/strong><span style=\"font-size: 15px;\"> des Rauchens informiert und machen sich <\/span><strong style=\"font-size: 15px;\">Sorgen<\/strong><span style=\"font-size: 15px;\"> \u00fcber rauchende Angeh\u00f6rige.\u00a0In dieser Phase k\u00f6nnen Gespr\u00e4che helfen, die <\/span><strong style=\"font-size: 15px;\">kritische Haltung<\/strong><span style=\"font-size: 15px;\"> zu st\u00e4rken.<\/span><span style=\"font-size: 15px;\">\u00a0<\/span><\/p>\n<p>In der sp\u00e4teren Entwicklung wird das Rauchen\u00a0attraktiver und\u00a0der Griff zur Zigarette scheint in der Experimentierphase pl\u00f6tzlich\u00a0normal.\u00a0Wie die erste Zigarette erlebt und bewertet wird, kann das zuk\u00fcnftige Rauchverhalten beeinflussen. Suchen Sie auch hier ein <strong>offenes, ehrliches Gespr\u00e4ch<\/strong> mit Ihrem Kind.<\/p>\n<p>Nehmen Sie ein klare Haltung ein &#8211; auch wenn Sie selbst rauchen &#8211; und best\u00e4rken Sie Ihr Kind darin, eine eigene Entscheidung zu treffen.<\/p>\n<p><span style=\"text-decoration: underline;\">Hilfreiche Punkte f\u00fcr ein Gespr\u00e4ch:<\/span><\/p>\n<ul>\n<li><strong>Ruhige\u00a0Gespr\u00e4chssituation schaffen <\/strong>(statt pl\u00f6tzlicher &#8220;\u00dcberfall&#8221;)<\/li>\n<li><strong>Zuh\u00f6ren\/Nachfragen<\/strong> (statt Belehrungen)<\/li>\n<li><strong>Eigene Meinung klar \u00e4u\u00dfern<\/strong><\/li>\n<li><strong>Sachliche Informationen liefern<\/strong> (Fakten)<\/li>\n<li><strong>Kritische Haltung und Eigenverantwortung st\u00e4rken<\/strong><\/li>\n<li><strong>Unterst\u00fctzung anbieten<\/strong><\/li>\n<li><strong>Gemeinsame Vereinbarungen treffen<\/strong> (statt Verbote)<\/li>\n<\/ul>\n<p>Weitere Informationen:<\/p>\n<p><a title=\"Tipps f\u00fcr ein Gespr\u00e4ch\" href=\"https:\/\/rauchfrei.at\/fakten\/eltern-kinder\/mein-kind-raucht\/\" target=\"_blank\" rel=\"noopener noreferrer\">Wie rede ich mit meinem Kind \u00fcber das Rauchen?<\/a><\/p>\n<p>10 Tipps f\u00fcr Eltern &amp; Gro\u00dfeltern (Leitfaden, FG\u00d6)<\/p>\n<p>Eltern und Angeh\u00f6rige, aber auch Kinder und Jugendliche k\u00f6nnen sich gerne mit\u00a0ihren Fragen an uns wenden\u00a0&#8211; auf Wunsch anonym! <strong>0800 810 013 oder <a title=\"E-mail Rauchfrei Telefon\" href=\"mailto:%20info@rauchfrei.ipax.hosting\" target=\"_blank\" rel=\"noopener noreferrer\">info@rauchfrei.at<\/a><\/strong><\/p>\n<p><img loading=\"lazy\" decoding=\"async\" class=\"size-medium wp-image-7610\" src=\"https:\/\/rauchfrei.at\/wp-content\/uploads\/Zeichenpostits_800px_Rauchfreitelefon-225x225.jpg\" alt=\"\u00a9 www.yolo.at\" width=\"225\" height=\"225\" data-id=\"7610\" srcset=\"https:\/\/rauchfrei.at\/wp-content\/uploads\/Zeichenpostits_800px_Rauchfreitelefon-225x225.jpg 225w, https:\/\/rauchfrei.at\/wp-content\/uploads\/Zeichenpostits_800px_Rauchfreitelefon-150x150.jpg 150w, https:\/\/rauchfrei.at\/wp-content\/uploads\/Zeichenpostits_800px_Rauchfreitelefon-480x480.jpg 480w, https:\/\/rauchfrei.at\/wp-content\/uploads\/Zeichenpostits_800px_Rauchfreitelefon-50x50.jpg 50w, https:\/\/rauchfrei.at\/wp-content\/uploads\/Zeichenpostits_800px_Rauchfreitelefon.jpg 1667w\" sizes=\"(max-width: 225px) 100vw, 225px\" \/> <br \/>\u00a9 www.yolo.at<\/p>\n<p>&nbsp;<\/p>\n<p>[\/et_pb_text][\/et_pb_column][et_pb_column type=&#8221;1_3&#8243; _builder_version=&#8221;3.0.47&#8243;][et_pb_sidebar area=&#8221;sidebar-1&#8243; _builder_version=&#8221;3.15&#8243;][\/et_pb_sidebar][\/et_pb_column][\/et_pb_row][\/et_pb_section]<\/p>\n","protected":false},"excerpt":{"rendered":"<p>Man hat es schon geahnt, gerochen oder sogar Zigaretten gefunden. Irgendwann ist klar: Mein Kind raucht! Aber wie reagiert man da richtig? Hier finden Sie Tipps, wie Sie das Thema Rauchen ansprechen k\u00f6nnen.<\/p>\n","protected":false},"author":16,"featured_media":0,"comment_status":"open","ping_status":"open","sticky":false,"template":"","format":"standard","meta":{"_et_pb_use_builder":"on","_et_pb_old_content":"<p>\u00a0<\/p><p>Etwa bis zum 11. Lebensjahr\u00a0nehmen die meisten Kinder den Zigarettenrauch als <strong>\"grauslich\"<\/strong> wahr und sind entschieden gegen das Rauchen. Viele sind auch schon \u00fcber die <strong>negativen Auswirkungen<\/strong> des Rauchens informiert und machen sich <strong>Sorgen<\/strong> \u00fcber rauchende Angeh\u00f6rige.\u00a0In dieser Phase k\u00f6nnen Gespr\u00e4che helfen, die <strong>kritische Haltung<\/strong> zu st\u00e4rken.<\/p><p>\u00a0<\/p><p>In der sp\u00e4teren Entwicklung wird das Rauchen\u00a0attraktiver und\u00a0der Griff zur Zigarette scheint in der Experimentierphase pl\u00f6tzlich\u00a0normal.\u00a0Wie die erste Zigarette erlebt und bewertet wird, kann das zuk\u00fcnftige Rauchverhalten beeinflussen. Suchen Sie auch hier ein <strong>offenes, ehrliches Gespr\u00e4ch<\/strong> mit Ihrem Kind.<\/p><p>\u00a0<\/p><p>Nehmen Sie ein klare Haltung ein - auch wenn Sie selbst rauchen - und best\u00e4rken Sie Ihr Kind darin, eine eigene Entscheidung zu treffen.<\/p><p>\u00a0<\/p><p><span style=\"text-decoration: underline;\">Hilfreiche Punkte f\u00fcr ein Gespr\u00e4ch:<\/span><\/p><p>\u00a0<\/p><ul><li><strong>Ruhige\u00a0Gespr\u00e4chssituation schaffen <\/strong>(statt pl\u00f6tzlicher \"\u00dcberfall\")<\/li><li><strong>Zuh\u00f6ren\/Nachfragen<\/strong> (statt Belehrungen)<\/li><li><strong>Eigene Meinung klar \u00e4u\u00dfern<\/strong><\/li><li><strong>Sachliche Informationen liefern<\/strong> (Fakten)<\/li><li><strong>Kritische Haltung und Eigenverantwortung st\u00e4rken<\/strong><\/li><li><strong>Unterst\u00fctzung anbieten<\/strong><\/li><li><strong>Gemeinsame Vereinbarungen treffen<\/strong> (statt Verbote)<\/li><\/ul><p>\u00a0<\/p><p>Weitere Informationen:<\/p><p><a title=\"Tipps f\u00fcr ein Gespr\u00e4ch\" href=\"https:\/\/rauchfrei.at\/fakten\/eltern-kinder\/mein-kind-raucht\/\" target=\"_blank\" rel=\"noopener\">Wie rede ich mit meinem Kind \u00fcber das Rauchen?<\/a><\/p><p><a title=\"10 Tipps\" href=\"http:\/\/yolo.at\/downloads\/leporello.pdf\" target=\"_blank\" rel=\"noopener\">10 Tipps f\u00fcr Eltern & Gro\u00dfeltern<\/a> (Leitfaden, FG\u00d6)<\/p><p>\u00a0<\/p><p>Eltern und Angeh\u00f6rige, aber auch Kinder und Jugendliche k\u00f6nnen sich gerne mit\u00a0ihren Fragen an uns wenden\u00a0- auf Wunsch anonym! <strong>0800 810 013 oder <a title=\"E-mail Rauchfrei Telefon\" href=\"mailto:%20info@rauchfrei.ipax.hosting\" target=\"_blank\" rel=\"noopener\">info@rauchfrei.ipax.hosting<\/a><\/strong><\/p><p>\u00a0<\/p>[caption id=\"attachment_7610\" align=\"aligncenter\" width=\"225\"]<img class=\"size-medium wp-image-7610\" src=\"https:\/\/rauchfrei.at\/wp-content\/uploads\/Zeichenpostits_800px_Rauchfreitelefon-225x225.jpg\" alt=\"\u00a9 www.yolo.at\" width=\"225\" height=\"225\" data-id=\"7610\" \/> \u00a9 www.yolo.at[\/caption]<p>\u00a0<\/p><p>\u00a0<\/p><p>\u00a0<\/p>","_et_gb_content_width":"","footnotes":""},"categories":[237,233],"tags":[],"class_list":["post-8402","post","type-post","status-publish","format-standard","hentry","category-literatur-und-hintergrundwissen","category-unterstuetzung-beim-rauchstopp"],"yoast_head":"<!-- This site is optimized with the Yoast SEO plugin v26.2 - https:\/\/yoast.com\/wordpress\/plugins\/seo\/ -->\n<title>Hilfe! Mein Kind raucht! - Rauchfrei Telefon<\/title>\n<meta name=\"robots\" content=\"index, follow, max-snippet:-1, max-image-preview:large, max-video-preview:-1\" \/>\n<link rel=\"canonical\" href=\"https:\/\/rauchfrei.at\/hilfe-mein-kind-raucht\/\" \/>\n<meta property=\"og:locale\" content=\"en_US\" \/>\n<meta property=\"og:type\" content=\"article\" \/>\n<meta property=\"og:title\" content=\"Hilfe! Mein Kind raucht! - Rauchfrei Telefon\" \/>\n<meta property=\"og:description\" content=\"Man hat es schon geahnt, gerochen oder sogar Zigaretten gefunden. Irgendwann ist klar: Mein Kind raucht! Aber wie reagiert man da richtig? Hier finden Sie Tipps, wie Sie das Thema Rauchen ansprechen k\u00f6nnen.\" \/>\n<meta property=\"og:url\" content=\"https:\/\/rauchfrei.at\/hilfe-mein-kind-raucht\/\" \/>\n<meta property=\"og:site_name\" content=\"Rauchfrei Telefon\" \/>\n<meta property=\"article:published_time\" content=\"2016-07-04T04:00:59+00:00\" \/>\n<meta property=\"article:modified_time\" content=\"2024-10-02T14:56:27+00:00\" \/>\n<meta property=\"og:image\" content=\"https:\/\/rauchfrei.at\/wp-content\/uploads\/Zeichenpostits_800px_Rauchfreitelefon-225x225.jpg\" \/>\n<meta name=\"author\" content=\"Melanie Stulik\" \/>\n<meta name=\"twitter:card\" content=\"summary_large_image\" \/>\n<meta name=\"twitter:label1\" content=\"Written by\" \/>\n\t<meta name=\"twitter:data1\" content=\"Melanie Stulik\" \/>\n\t<meta name=\"twitter:label2\" content=\"Est. reading time\" \/>\n\t<meta name=\"twitter:data2\" content=\"2 minutes\" \/>\n<script type=\"application\/ld+json\" class=\"yoast-schema-graph\">{\"@context\":\"https:\/\/schema.org\",\"@graph\":[{\"@type\":\"WebPage\",\"@id\":\"https:\/\/rauchfrei.at\/hilfe-mein-kind-raucht\/\",\"url\":\"https:\/\/rauchfrei.at\/hilfe-mein-kind-raucht\/\",\"name\":\"Hilfe! Mein Kind raucht! - Rauchfrei Telefon\",\"isPartOf\":{\"@id\":\"https:\/\/rauchfrei.at\/#website\"},\"primaryImageOfPage\":{\"@id\":\"https:\/\/rauchfrei.at\/hilfe-mein-kind-raucht\/#primaryimage\"},\"image\":{\"@id\":\"https:\/\/rauchfrei.at\/hilfe-mein-kind-raucht\/#primaryimage\"},\"thumbnailUrl\":\"https:\/\/rauchfrei.at\/wp-content\/uploads\/Zeichenpostits_800px_Rauchfreitelefon-225x225.jpg\",\"datePublished\":\"2016-07-04T04:00:59+00:00\",\"dateModified\":\"2024-10-02T14:56:27+00:00\",\"author\":{\"@id\":\"https:\/\/rauchfrei.at\/#\/schema\/person\/91493cc00c3601c46943b77e7ebc0075\"},\"inLanguage\":\"en-US\",\"potentialAction\":[{\"@type\":\"ReadAction\",\"target\":[\"https:\/\/rauchfrei.at\/hilfe-mein-kind-raucht\/\"]}]},{\"@type\":\"ImageObject\",\"inLanguage\":\"en-US\",\"@id\":\"https:\/\/rauchfrei.at\/hilfe-mein-kind-raucht\/#primaryimage\",\"url\":\"https:\/\/rauchfrei.at\/wp-content\/uploads\/Zeichenpostits_800px_Rauchfreitelefon-225x225.jpg\",\"contentUrl\":\"https:\/\/rauchfrei.at\/wp-content\/uploads\/Zeichenpostits_800px_Rauchfreitelefon-225x225.jpg\"},{\"@type\":\"WebSite\",\"@id\":\"https:\/\/rauchfrei.at\/#website\",\"url\":\"https:\/\/rauchfrei.at\/\",\"name\":\"Rauchfrei Telefon\",\"description\":\"Eine \u00f6sterreichweite Initiative der Sozialversicherungen.\",\"potentialAction\":[{\"@type\":\"SearchAction\",\"target\":{\"@type\":\"EntryPoint\",\"urlTemplate\":\"https:\/\/rauchfrei.at\/?s={search_term_string}\"},\"query-input\":{\"@type\":\"PropertyValueSpecification\",\"valueRequired\":true,\"valueName\":\"search_term_string\"}}],\"inLanguage\":\"en-US\"},{\"@type\":\"Person\",\"@id\":\"https:\/\/rauchfrei.at\/#\/schema\/person\/91493cc00c3601c46943b77e7ebc0075\",\"name\":\"Melanie Stulik\",\"image\":{\"@type\":\"ImageObject\",\"inLanguage\":\"en-US\",\"@id\":\"https:\/\/rauchfrei.at\/#\/schema\/person\/image\/\",\"url\":\"https:\/\/secure.gravatar.com\/avatar\/5ac3b6bb2b037bda3c21df97a4ee7e763aa9f84d8ffc3f86db3731b4c62ffb71?s=96&d=mm&r=g\",\"contentUrl\":\"https:\/\/secure.gravatar.com\/avatar\/5ac3b6bb2b037bda3c21df97a4ee7e763aa9f84d8ffc3f86db3731b4c62ffb71?s=96&d=mm&r=g\",\"caption\":\"Melanie Stulik\"},\"url\":\"https:\/\/rauchfrei.at\/en\/author\/melanie-stulik\/\"}]}<\/script>\n<!-- \/ Yoast SEO plugin. -->","yoast_head_json":{"title":"Hilfe! Mein Kind raucht! - Rauchfrei Telefon","robots":{"index":"index","follow":"follow","max-snippet":"max-snippet:-1","max-image-preview":"max-image-preview:large","max-video-preview":"max-video-preview:-1"},"canonical":"https:\/\/rauchfrei.at\/hilfe-mein-kind-raucht\/","og_locale":"en_US","og_type":"article","og_title":"Hilfe! Mein Kind raucht! - Rauchfrei Telefon","og_description":"Man hat es schon geahnt, gerochen oder sogar Zigaretten gefunden. Irgendwann ist klar: Mein Kind raucht! Aber wie reagiert man da richtig? Hier finden Sie Tipps, wie Sie das Thema Rauchen ansprechen k\u00f6nnen.","og_url":"https:\/\/rauchfrei.at\/hilfe-mein-kind-raucht\/","og_site_name":"Rauchfrei Telefon","article_published_time":"2016-07-04T04:00:59+00:00","article_modified_time":"2024-10-02T14:56:27+00:00","og_image":[{"url":"https:\/\/rauchfrei.at\/wp-content\/uploads\/Zeichenpostits_800px_Rauchfreitelefon-225x225.jpg","type":"","width":"","height":""}],"author":"Melanie Stulik","twitter_card":"summary_large_image","twitter_misc":{"Written by":"Melanie Stulik","Est. reading time":"2 minutes"},"schema":{"@context":"https:\/\/schema.org","@graph":[{"@type":"WebPage","@id":"https:\/\/rauchfrei.at\/hilfe-mein-kind-raucht\/","url":"https:\/\/rauchfrei.at\/hilfe-mein-kind-raucht\/","name":"Hilfe! Mein Kind raucht! - Rauchfrei Telefon","isPartOf":{"@id":"https:\/\/rauchfrei.at\/#website"},"primaryImageOfPage":{"@id":"https:\/\/rauchfrei.at\/hilfe-mein-kind-raucht\/#primaryimage"},"image":{"@id":"https:\/\/rauchfrei.at\/hilfe-mein-kind-raucht\/#primaryimage"},"thumbnailUrl":"https:\/\/rauchfrei.at\/wp-content\/uploads\/Zeichenpostits_800px_Rauchfreitelefon-225x225.jpg","datePublished":"2016-07-04T04:00:59+00:00","dateModified":"2024-10-02T14:56:27+00:00","author":{"@id":"https:\/\/rauchfrei.at\/#\/schema\/person\/91493cc00c3601c46943b77e7ebc0075"},"inLanguage":"en-US","potentialAction":[{"@type":"ReadAction","target":["https:\/\/rauchfrei.at\/hilfe-mein-kind-raucht\/"]}]},{"@type":"ImageObject","inLanguage":"en-US","@id":"https:\/\/rauchfrei.at\/hilfe-mein-kind-raucht\/#primaryimage","url":"https:\/\/rauchfrei.at\/wp-content\/uploads\/Zeichenpostits_800px_Rauchfreitelefon-225x225.jpg","contentUrl":"https:\/\/rauchfrei.at\/wp-content\/uploads\/Zeichenpostits_800px_Rauchfreitelefon-225x225.jpg"},{"@type":"WebSite","@id":"https:\/\/rauchfrei.at\/#website","url":"https:\/\/rauchfrei.at\/","name":"Rauchfrei Telefon","description":"Eine \u00f6sterreichweite Initiative der Sozialversicherungen.","potentialAction":[{"@type":"SearchAction","target":{"@type":"EntryPoint","urlTemplate":"https:\/\/rauchfrei.at\/?s={search_term_string}"},"query-input":{"@type":"PropertyValueSpecification","valueRequired":true,"valueName":"search_term_string"}}],"inLanguage":"en-US"},{"@type":"Person","@id":"https:\/\/rauchfrei.at\/#\/schema\/person\/91493cc00c3601c46943b77e7ebc0075","name":"Melanie Stulik","image":{"@type":"ImageObject","inLanguage":"en-US","@id":"https:\/\/rauchfrei.at\/#\/schema\/person\/image\/","url":"https:\/\/secure.gravatar.com\/avatar\/5ac3b6bb2b037bda3c21df97a4ee7e763aa9f84d8ffc3f86db3731b4c62ffb71?s=96&d=mm&r=g","contentUrl":"https:\/\/secure.gravatar.com\/avatar\/5ac3b6bb2b037bda3c21df97a4ee7e763aa9f84d8ffc3f86db3731b4c62ffb71?s=96&d=mm&r=g","caption":"Melanie Stulik"},"url":"https:\/\/rauchfrei.at\/en\/author\/melanie-stulik\/"}]}},"_links":{"self":[{"href":"https:\/\/rauchfrei.at\/en\/wp-json\/wp\/v2\/posts\/8402","targetHints":{"allow":["GET"]}}],"collection":[{"href":"https:\/\/rauchfrei.at\/en\/wp-json\/wp\/v2\/posts"}],"about":[{"href":"https:\/\/rauchfrei.at\/en\/wp-json\/wp\/v2\/types\/post"}],"author":[{"embeddable":true,"href":"https:\/\/rauchfrei.at\/en\/wp-json\/wp\/v2\/users\/16"}],"replies":[{"embeddable":true,"href":"https:\/\/rauchfrei.at\/en\/wp-json\/wp\/v2\/comments?post=8402"}],"version-history":[{"count":6,"href":"https:\/\/rauchfrei.at\/en\/wp-json\/wp\/v2\/posts\/8402\/revisions"}],"predecessor-version":[{"id":29887,"href":"https:\/\/rauchfrei.at\/en\/wp-json\/wp\/v2\/posts\/8402\/revisions\/29887"}],"wp:attachment":[{"href":"https:\/\/rauchfrei.at\/en\/wp-json\/wp\/v2\/media?parent=8402"}],"wp:term":[{"taxonomy":"category","embeddable":true,"href":"https:\/\/rauchfrei.at\/en\/wp-json\/wp\/v2\/categories?post=8402"},{"taxonomy":"post_tag","embeddable":true,"href":"https:\/\/rauchfrei.at\/en\/wp-json\/wp\/v2\/tags?post=8402"}],"curies":[{"name":"wp","href":"https:\/\/api.w.org\/{rel}","templated":true}]}}