
{"id":8473,"date":"2016-07-25T06:00:22","date_gmt":"2016-07-25T04:00:22","guid":{"rendered":"http:\/\/rauchfrei.ipax.hosting\/?p=8473"},"modified":"2024-04-19T13:28:59","modified_gmt":"2024-04-19T11:28:59","slug":"jugendschutzgesetz-wann-duerfen-jugendliche-rauchen","status":"publish","type":"post","link":"https:\/\/rauchfrei.at\/en\/jugendschutzgesetz-wann-duerfen-jugendliche-rauchen\/","title":{"rendered":"Jugendschutzgesetz: Wann d\u00fcrfen Jugendliche rauchen?"},"content":{"rendered":"<p>[et_pb_section fb_built=&#8221;1&#8243; module_class=&#8221;header&#8221; _builder_version=&#8221;4.16&#8243; global_colors_info=&#8221;{}&#8221;][et_pb_row _builder_version=&#8221;4.16&#8243; global_colors_info=&#8221;{}&#8221;][et_pb_column type=&#8221;4_4&#8243; _builder_version=&#8221;4.16&#8243; custom_padding=&#8221;|||&#8221; global_colors_info=&#8221;{}&#8221; custom_padding__hover=&#8221;|||&#8221;][et_pb_dp_dmb_module_10001 _builder_version=&#8221;4.16&#8243; global_colors_info=&#8221;{}&#8221;][\/et_pb_dp_dmb_module_10001][\/et_pb_column][\/et_pb_row][\/et_pb_section][et_pb_section fb_built=&#8221;1&#8243; _builder_version=&#8221;4.16&#8243; global_colors_info=&#8221;{}&#8221;][et_pb_row column_structure=&#8221;2_3,1_3&#8243; _builder_version=&#8221;4.16&#8243; background_size=&#8221;initial&#8221; background_position=&#8221;top_left&#8221; background_repeat=&#8221;repeat&#8221; global_colors_info=&#8221;{}&#8221;][et_pb_column type=&#8221;2_3&#8243; _builder_version=&#8221;4.16&#8243; custom_padding=&#8221;|||&#8221; global_colors_info=&#8221;{}&#8221; custom_padding__hover=&#8221;|||&#8221;][et_pb_text _builder_version=&#8221;4.23.1&#8243; background_size=&#8221;initial&#8221; background_position=&#8221;top_left&#8221; background_repeat=&#8221;repeat&#8221; hover_enabled=&#8221;0&#8243; global_colors_info=&#8221;{}&#8221; sticky_enabled=&#8221;0&#8243;]<\/p>\n<p><span style=\"font-size: 15px;\">In Deutschland ist das Rauchen erst ab 18 Jahren erlaubt und auch f\u00fcr E-Produkte gibt es eigene gesetzliche Bestimmungen.<\/span><\/p>\n<p>Aber wie ist die Situation bei uns in \u00d6sterreich?<\/p>\n<p>Hier die Regelungen der einzelnen Bundesl\u00e4nder:<\/p>\n<p><a title=\"Jugendschutzgesetze Bundesl\u00e4nder\" href=\"https:\/\/www.oesterreich.gv.at\/themen\/reisen_und_freizeit\/vorschriften-fuer-jugendliche\/verhaltensregeln-im-alltag-und-auf-reisen\/Seite.1740250.html\" target=\"_blank\" rel=\"noopener noreferrer\"><strong>\u00dcberblick Jugendschutzgesetze \u00d6sterreich<\/strong> &#8211; Rauchen<\/a><\/p>\n<p><img loading=\"lazy\" decoding=\"async\" class=\"aligncenter size-full wp-image-8474\" src=\"https:\/\/rauchfrei.at\/wp-content\/uploads\/Waage.png\" alt=\"Waage\" data-id=\"8474\" width=\"191\" height=\"161\" \/><\/p>\n<p>Neben den <strong>Rechtsfolgen f\u00fcr Jugendliche<\/strong> (meist Verwaltungs\u00fcbertretungen) sind auch <strong>Strafbestimmungen f\u00fcr Erwachsene<\/strong> (meist Geldstrafen) im Jugendschutzgesetz klar geregelt.<\/p>\n<p>Dies betrifft z.B. Erwachsene, die \u00fcber das Rauchverhalten ihrer Kinder Bescheid wissen und dieses dulden.<\/p>\n<p>In <strong>Gewinnabsicht<\/strong> begangene Verwaltungs\u00fcbertretungen und Verletzungen des Jugendschutzgesetzes k\u00f6nnen deutlich <strong>h\u00f6here Geldstrafen<\/strong> nach sich ziehen. Das betrifft v.a. Unternehmer\/innen, Veranstalter\/innen, Trafikanten und Trafikantinnen, Wirte und Wirtinnen, die z.B. Rauchprodukte ohne Ausweiskontrolle an Jugendliche abgeben oder Rauchverbote missachten.<\/p>\n<p>[\/et_pb_text][\/et_pb_column][et_pb_column type=&#8221;1_3&#8243; _builder_version=&#8221;4.16&#8243; custom_padding=&#8221;|||&#8221; global_colors_info=&#8221;{}&#8221; custom_padding__hover=&#8221;|||&#8221;][et_pb_sidebar area=&#8221;sidebar-1&#8243; _builder_version=&#8221;4.16&#8243; global_colors_info=&#8221;{}&#8221;][\/et_pb_sidebar][\/et_pb_column][\/et_pb_row][\/et_pb_section]<\/p>\n","protected":false},"excerpt":{"rendered":"<p>Wer kennt sich aus im Dschungel des Jugenschutzgesetzes? Ab wann ist Rauchen erlaubt und was d\u00fcrfen Jugendliche konsumieren? F\u00fcr alle Bundesl\u00e4nder gelten andere Regelungen, einige beziehen auch E-Zigaretten und E-Shishas mit ein. Wir haben einen guten \u00dcberblick \u00fcber die derzeitigen Jugendrechte in \u00d6sterreich gefunden. <\/p>\n","protected":false},"author":16,"featured_media":0,"comment_status":"open","ping_status":"open","sticky":false,"template":"","format":"standard","meta":{"_et_pb_use_builder":"on","_et_pb_old_content":"<p>\u00a0<\/p><p>In Deutschland ist das Rauchen erst ab 18 Jahren erlaubt und auch f\u00fcr E-Produkte gibt es eigene gesetzliche Bestimmungen.<\/p><p>\u00a0<\/p><p>Aber wie ist die Situation bei uns in \u00d6sterreich?<\/p><p>\u00a0<\/p><p>Hier die Regelungen der einzelnen Bundesl\u00e4nder:<\/p><p><a title=\"Jugendschutzgesetze Bundesl\u00e4nder\" href=\"https:\/\/www.help.gv.at\/Portal.Node\/hlpd\/public\/content\/174\/Seite.1740250.html\" target=\"_blank\" rel=\"noopener\"><strong>\u00dcberblick Jugendschutzgesetze \u00d6sterreich<\/strong> - Rauchen<\/a><\/p><p>\u00a0<\/p><p>\u00a0<\/p><p><img class=\"aligncenter size-full wp-image-8474\" src=\"https:\/\/rauchfrei.at\/wp-content\/uploads\/Waage.png\" alt=\"Waage\" width=\"191\" height=\"161\" data-id=\"8474\" \/><\/p><p>\u00a0<\/p><p>\u00a0<\/p><p>Neben den <strong>Rechtsfolgen f\u00fcr Jugendliche<\/strong> (meist Verwaltungs\u00fcbertretungen) sind auch <strong>Strafbestimmungen f\u00fcr Erwachsene<\/strong> (meist Geldstrafen) im Jugendschutzgesetz klar geregelt.<\/p><p>Dies betrifft z.B. Erwachsene, die \u00fcber das Rauchverhalten ihrer Kinder Bescheid wissen und dieses dulden.<\/p><p>\u00a0<\/p><p>In <strong>Gewinnabsicht<\/strong> begangene Verwaltungs\u00fcbertretungen und Verletzungen des Jugendschutzgesetzes k\u00f6nnen deutlich <strong>h\u00f6here Geldstrafen<\/strong> nach sich ziehen. Das betrifft v.a. Unternehmer\/innen, Veranstalter\/innen, Trafikanten und Trafikantinnen, Wirte und Wirtinnen, die z.B. Rauchprodukte ohne Ausweiskontrolle an Jugendliche abgeben oder Rauchverbote missachten.<\/p><p>\u00a0<\/p><p>\u00a0<\/p><p>\u00a0<\/p>","_et_gb_content_width":"","footnotes":""},"categories":[236],"tags":[],"class_list":["post-8473","post","type-post","status-publish","format-standard","hentry","category-nicht-kategorisiert"],"yoast_head":"<!-- This site is optimized with the Yoast SEO plugin v26.2 - https:\/\/yoast.com\/wordpress\/plugins\/seo\/ -->\n<title>Jugendschutzgesetz: Wann d\u00fcrfen Jugendliche rauchen? - Rauchfrei Telefon<\/title>\n<meta name=\"robots\" content=\"index, follow, max-snippet:-1, max-image-preview:large, max-video-preview:-1\" \/>\n<link rel=\"canonical\" href=\"https:\/\/rauchfrei.at\/jugendschutzgesetz-wann-duerfen-jugendliche-rauchen\/\" \/>\n<meta property=\"og:locale\" content=\"en_US\" \/>\n<meta property=\"og:type\" content=\"article\" \/>\n<meta property=\"og:title\" content=\"Jugendschutzgesetz: Wann d\u00fcrfen Jugendliche rauchen? - Rauchfrei Telefon\" \/>\n<meta property=\"og:description\" content=\"Wer kennt sich aus im Dschungel des Jugenschutzgesetzes? Ab wann ist Rauchen erlaubt und was d\u00fcrfen Jugendliche konsumieren? F\u00fcr alle Bundesl\u00e4nder gelten andere Regelungen, einige beziehen auch E-Zigaretten und E-Shishas mit ein. Wir haben einen guten \u00dcberblick \u00fcber die derzeitigen Jugendrechte in \u00d6sterreich gefunden.\" \/>\n<meta property=\"og:url\" content=\"https:\/\/rauchfrei.at\/jugendschutzgesetz-wann-duerfen-jugendliche-rauchen\/\" \/>\n<meta property=\"og:site_name\" content=\"Rauchfrei Telefon\" \/>\n<meta property=\"article:published_time\" content=\"2016-07-25T04:00:22+00:00\" \/>\n<meta property=\"article:modified_time\" content=\"2024-04-19T11:28:59+00:00\" \/>\n<meta property=\"og:image\" content=\"https:\/\/rauchfrei.at\/wp-content\/uploads\/Waage.png\" \/>\n<meta name=\"author\" content=\"Melanie Stulik\" \/>\n<meta name=\"twitter:card\" content=\"summary_large_image\" \/>\n<meta name=\"twitter:label1\" content=\"Written by\" \/>\n\t<meta name=\"twitter:data1\" content=\"Melanie Stulik\" \/>\n\t<meta name=\"twitter:label2\" content=\"Est. reading time\" \/>\n\t<meta name=\"twitter:data2\" content=\"1 minute\" \/>\n<script type=\"application\/ld+json\" class=\"yoast-schema-graph\">{\"@context\":\"https:\/\/schema.org\",\"@graph\":[{\"@type\":\"WebPage\",\"@id\":\"https:\/\/rauchfrei.at\/jugendschutzgesetz-wann-duerfen-jugendliche-rauchen\/\",\"url\":\"https:\/\/rauchfrei.at\/jugendschutzgesetz-wann-duerfen-jugendliche-rauchen\/\",\"name\":\"Jugendschutzgesetz: Wann d\u00fcrfen Jugendliche rauchen? - Rauchfrei Telefon\",\"isPartOf\":{\"@id\":\"https:\/\/rauchfrei.at\/#website\"},\"primaryImageOfPage\":{\"@id\":\"https:\/\/rauchfrei.at\/jugendschutzgesetz-wann-duerfen-jugendliche-rauchen\/#primaryimage\"},\"image\":{\"@id\":\"https:\/\/rauchfrei.at\/jugendschutzgesetz-wann-duerfen-jugendliche-rauchen\/#primaryimage\"},\"thumbnailUrl\":\"https:\/\/rauchfrei.at\/wp-content\/uploads\/Waage.png\",\"datePublished\":\"2016-07-25T04:00:22+00:00\",\"dateModified\":\"2024-04-19T11:28:59+00:00\",\"author\":{\"@id\":\"https:\/\/rauchfrei.at\/#\/schema\/person\/91493cc00c3601c46943b77e7ebc0075\"},\"inLanguage\":\"en-US\",\"potentialAction\":[{\"@type\":\"ReadAction\",\"target\":[\"https:\/\/rauchfrei.at\/jugendschutzgesetz-wann-duerfen-jugendliche-rauchen\/\"]}]},{\"@type\":\"ImageObject\",\"inLanguage\":\"en-US\",\"@id\":\"https:\/\/rauchfrei.at\/jugendschutzgesetz-wann-duerfen-jugendliche-rauchen\/#primaryimage\",\"url\":\"https:\/\/rauchfrei.at\/wp-content\/uploads\/Waage.png\",\"contentUrl\":\"https:\/\/rauchfrei.at\/wp-content\/uploads\/Waage.png\"},{\"@type\":\"WebSite\",\"@id\":\"https:\/\/rauchfrei.at\/#website\",\"url\":\"https:\/\/rauchfrei.at\/\",\"name\":\"Rauchfrei Telefon\",\"description\":\"Eine \u00f6sterreichweite Initiative der Sozialversicherungen.\",\"potentialAction\":[{\"@type\":\"SearchAction\",\"target\":{\"@type\":\"EntryPoint\",\"urlTemplate\":\"https:\/\/rauchfrei.at\/?s={search_term_string}\"},\"query-input\":{\"@type\":\"PropertyValueSpecification\",\"valueRequired\":true,\"valueName\":\"search_term_string\"}}],\"inLanguage\":\"en-US\"},{\"@type\":\"Person\",\"@id\":\"https:\/\/rauchfrei.at\/#\/schema\/person\/91493cc00c3601c46943b77e7ebc0075\",\"name\":\"Melanie Stulik\",\"image\":{\"@type\":\"ImageObject\",\"inLanguage\":\"en-US\",\"@id\":\"https:\/\/rauchfrei.at\/#\/schema\/person\/image\/\",\"url\":\"https:\/\/secure.gravatar.com\/avatar\/5ac3b6bb2b037bda3c21df97a4ee7e763aa9f84d8ffc3f86db3731b4c62ffb71?s=96&d=mm&r=g\",\"contentUrl\":\"https:\/\/secure.gravatar.com\/avatar\/5ac3b6bb2b037bda3c21df97a4ee7e763aa9f84d8ffc3f86db3731b4c62ffb71?s=96&d=mm&r=g\",\"caption\":\"Melanie Stulik\"},\"url\":\"https:\/\/rauchfrei.at\/en\/author\/melanie-stulik\/\"}]}<\/script>\n<!-- \/ Yoast SEO plugin. -->","yoast_head_json":{"title":"Jugendschutzgesetz: Wann d\u00fcrfen Jugendliche rauchen? - Rauchfrei Telefon","robots":{"index":"index","follow":"follow","max-snippet":"max-snippet:-1","max-image-preview":"max-image-preview:large","max-video-preview":"max-video-preview:-1"},"canonical":"https:\/\/rauchfrei.at\/jugendschutzgesetz-wann-duerfen-jugendliche-rauchen\/","og_locale":"en_US","og_type":"article","og_title":"Jugendschutzgesetz: Wann d\u00fcrfen Jugendliche rauchen? - Rauchfrei Telefon","og_description":"Wer kennt sich aus im Dschungel des Jugenschutzgesetzes? Ab wann ist Rauchen erlaubt und was d\u00fcrfen Jugendliche konsumieren? F\u00fcr alle Bundesl\u00e4nder gelten andere Regelungen, einige beziehen auch E-Zigaretten und E-Shishas mit ein. Wir haben einen guten \u00dcberblick \u00fcber die derzeitigen Jugendrechte in \u00d6sterreich gefunden.","og_url":"https:\/\/rauchfrei.at\/jugendschutzgesetz-wann-duerfen-jugendliche-rauchen\/","og_site_name":"Rauchfrei Telefon","article_published_time":"2016-07-25T04:00:22+00:00","article_modified_time":"2024-04-19T11:28:59+00:00","og_image":[{"url":"https:\/\/rauchfrei.at\/wp-content\/uploads\/Waage.png","type":"","width":"","height":""}],"author":"Melanie Stulik","twitter_card":"summary_large_image","twitter_misc":{"Written by":"Melanie Stulik","Est. reading time":"1 minute"},"schema":{"@context":"https:\/\/schema.org","@graph":[{"@type":"WebPage","@id":"https:\/\/rauchfrei.at\/jugendschutzgesetz-wann-duerfen-jugendliche-rauchen\/","url":"https:\/\/rauchfrei.at\/jugendschutzgesetz-wann-duerfen-jugendliche-rauchen\/","name":"Jugendschutzgesetz: Wann d\u00fcrfen Jugendliche rauchen? - Rauchfrei Telefon","isPartOf":{"@id":"https:\/\/rauchfrei.at\/#website"},"primaryImageOfPage":{"@id":"https:\/\/rauchfrei.at\/jugendschutzgesetz-wann-duerfen-jugendliche-rauchen\/#primaryimage"},"image":{"@id":"https:\/\/rauchfrei.at\/jugendschutzgesetz-wann-duerfen-jugendliche-rauchen\/#primaryimage"},"thumbnailUrl":"https:\/\/rauchfrei.at\/wp-content\/uploads\/Waage.png","datePublished":"2016-07-25T04:00:22+00:00","dateModified":"2024-04-19T11:28:59+00:00","author":{"@id":"https:\/\/rauchfrei.at\/#\/schema\/person\/91493cc00c3601c46943b77e7ebc0075"},"inLanguage":"en-US","potentialAction":[{"@type":"ReadAction","target":["https:\/\/rauchfrei.at\/jugendschutzgesetz-wann-duerfen-jugendliche-rauchen\/"]}]},{"@type":"ImageObject","inLanguage":"en-US","@id":"https:\/\/rauchfrei.at\/jugendschutzgesetz-wann-duerfen-jugendliche-rauchen\/#primaryimage","url":"https:\/\/rauchfrei.at\/wp-content\/uploads\/Waage.png","contentUrl":"https:\/\/rauchfrei.at\/wp-content\/uploads\/Waage.png"},{"@type":"WebSite","@id":"https:\/\/rauchfrei.at\/#website","url":"https:\/\/rauchfrei.at\/","name":"Rauchfrei Telefon","description":"Eine \u00f6sterreichweite Initiative der Sozialversicherungen.","potentialAction":[{"@type":"SearchAction","target":{"@type":"EntryPoint","urlTemplate":"https:\/\/rauchfrei.at\/?s={search_term_string}"},"query-input":{"@type":"PropertyValueSpecification","valueRequired":true,"valueName":"search_term_string"}}],"inLanguage":"en-US"},{"@type":"Person","@id":"https:\/\/rauchfrei.at\/#\/schema\/person\/91493cc00c3601c46943b77e7ebc0075","name":"Melanie Stulik","image":{"@type":"ImageObject","inLanguage":"en-US","@id":"https:\/\/rauchfrei.at\/#\/schema\/person\/image\/","url":"https:\/\/secure.gravatar.com\/avatar\/5ac3b6bb2b037bda3c21df97a4ee7e763aa9f84d8ffc3f86db3731b4c62ffb71?s=96&d=mm&r=g","contentUrl":"https:\/\/secure.gravatar.com\/avatar\/5ac3b6bb2b037bda3c21df97a4ee7e763aa9f84d8ffc3f86db3731b4c62ffb71?s=96&d=mm&r=g","caption":"Melanie Stulik"},"url":"https:\/\/rauchfrei.at\/en\/author\/melanie-stulik\/"}]}},"_links":{"self":[{"href":"https:\/\/rauchfrei.at\/en\/wp-json\/wp\/v2\/posts\/8473","targetHints":{"allow":["GET"]}}],"collection":[{"href":"https:\/\/rauchfrei.at\/en\/wp-json\/wp\/v2\/posts"}],"about":[{"href":"https:\/\/rauchfrei.at\/en\/wp-json\/wp\/v2\/types\/post"}],"author":[{"embeddable":true,"href":"https:\/\/rauchfrei.at\/en\/wp-json\/wp\/v2\/users\/16"}],"replies":[{"embeddable":true,"href":"https:\/\/rauchfrei.at\/en\/wp-json\/wp\/v2\/comments?post=8473"}],"version-history":[{"count":7,"href":"https:\/\/rauchfrei.at\/en\/wp-json\/wp\/v2\/posts\/8473\/revisions"}],"predecessor-version":[{"id":29470,"href":"https:\/\/rauchfrei.at\/en\/wp-json\/wp\/v2\/posts\/8473\/revisions\/29470"}],"wp:attachment":[{"href":"https:\/\/rauchfrei.at\/en\/wp-json\/wp\/v2\/media?parent=8473"}],"wp:term":[{"taxonomy":"category","embeddable":true,"href":"https:\/\/rauchfrei.at\/en\/wp-json\/wp\/v2\/categories?post=8473"},{"taxonomy":"post_tag","embeddable":true,"href":"https:\/\/rauchfrei.at\/en\/wp-json\/wp\/v2\/tags?post=8473"}],"curies":[{"name":"wp","href":"https:\/\/api.w.org\/{rel}","templated":true}]}}