
{"id":8520,"date":"2016-08-15T14:00:02","date_gmt":"2016-08-15T12:00:02","guid":{"rendered":"http:\/\/rauchfrei.at\/?p=8520"},"modified":"2019-05-02T11:00:07","modified_gmt":"2019-05-02T09:00:07","slug":"kurs-rauchfrei-in-5-wochen-startet-wieder-in-niederoesterreich","status":"publish","type":"post","link":"https:\/\/rauchfrei.at\/en\/kurs-rauchfrei-in-5-wochen-startet-wieder-in-niederoesterreich\/","title":{"rendered":"Kurs &#8220;Rauchfrei in 5 Wochen&#8221; startet wieder in Nieder\u00f6sterreich"},"content":{"rendered":"<p>[et_pb_section fb_built=&#8221;1&#8243; module_class=&#8221;header&#8221; _builder_version=&#8221;3.0.99&#8243;][et_pb_row _builder_version=&#8221;3.0.99&#8243;][et_pb_column type=&#8221;4_4&#8243; _builder_version=&#8221;3.0.47&#8243;][et_pb_dp_dmb_module_10001 _builder_version=&#8221;3.21.1&#8243;][\/et_pb_dp_dmb_module_10001][\/et_pb_column][\/et_pb_row][\/et_pb_section][et_pb_section fb_built=&#8221;1&#8243; _builder_version=&#8221;3.0.47&#8243;][et_pb_row _builder_version=&#8221;3.0.48&#8243; background_size=&#8221;initial&#8221; background_position=&#8221;top_left&#8221; background_repeat=&#8221;repeat&#8221;][et_pb_column type=&#8221;2_3&#8243; _builder_version=&#8221;3.0.47&#8243;][et_pb_text _builder_version=&#8221;3.0.74&#8243; background_size=&#8221;initial&#8221; background_position=&#8221;top_left&#8221; background_repeat=&#8221;repeat&#8221;]<\/p>\n<p><span style=\"font-size: 15px;\">Sie wohnen oder arbeiten in Nieder\u00f6sterreich, sind \u00fcber 18 Jahre alt, bei der <\/span><strong style=\"font-size: 15px;\">N\u00d6GKK, SVA, SVB oder BVA<\/strong><span style=\"font-size: 15px;\"> versichert und m\u00f6chten<\/span><strong style=\"font-size: 15px;\"> rauchfrei<\/strong><span style=\"font-size: 15px;\"> werden?<\/span><\/p>\n<p>Dann nutzen Sie jetzt die Gelegenheit und machen sie gemeinsam mit anderen interessierten Raucher\/innen den Schritt in die Rauchfreiheit.<\/p>\n<p>Die Nieder\u00f6sterreichische Gebietskrankenkasse (N\u00d6GKK) bietet im Herbst wieder das bew\u00e4hrte\u00a0Gruppenprogramm &#8220;<strong>Rauchfrei in 5 Wochen&#8221;<\/strong> in folgenden Bezirken an:<\/p>\n<ul>\n<li>Baden<\/li>\n<li>Horn<\/li>\n<li>Neunkirchen<\/li>\n<li>St. P\u00f6lten<\/li>\n<li>Waidhofen\/Thaya<\/li>\n<li>Wr. Neustadt<\/li>\n<\/ul>\n<p><img loading=\"lazy\" decoding=\"async\" class=\"aligncenter size-large wp-image-8521\" src=\"https:\/\/rauchfrei.at\/wp-content\/uploads\/Foto_Rauchfrei_5_Wochen-480x271.jpg\" alt=\"Foto_Rauchfrei_5_Wochen\" width=\"480\" height=\"271\" data-id=\"8521\" srcset=\"https:\/\/rauchfrei.at\/wp-content\/uploads\/Foto_Rauchfrei_5_Wochen-480x271.jpg 480w, https:\/\/rauchfrei.at\/wp-content\/uploads\/Foto_Rauchfrei_5_Wochen-225x127.jpg 225w, https:\/\/rauchfrei.at\/wp-content\/uploads\/Foto_Rauchfrei_5_Wochen-768x434.jpg 768w\" sizes=\"(max-width: 480px) 100vw, 480px\" \/><\/p>\n<p>Das umfassende Kursprogramm\u00a0beinhaltet die\u00a0Einsch\u00e4tzung der pers\u00f6nlichen Abh\u00e4ngigkeit,\u00a0Informationen und Vorbereitung auf den Rauchstopp,\u00a0regelm\u00e4\u00dfige Kohlenmonoxidmessungen\u00a0und individuelle Beratung. Unterst\u00fctzt werden Sie dabei von einer Tabakentw\u00f6hnexpertin.<\/p>\n<p>Kostenbeitrag: <strong>\u20ac 25<\/strong><\/p>\n<p>Melden Sie sich noch im August an!<\/p>\n<p><strong>N\u00e4here Informationen<\/strong> zu\u00a0Terminen und\u00a0Anmeldung finden Sie auf der <a href=\"http:\/\/www.noegkk.at\/portal27\/noegkkportal\/content?contentid=10007.701989&amp;portal:componentId=gtn1416be4f-c7d0-4c0a-a0f1-42fd51ad3d8c&amp;viewmode=content\">Webseite der N\u00d6GKK<\/a>.<\/p>\n<p>&nbsp;<\/p>\n<p>[\/et_pb_text][\/et_pb_column][et_pb_column type=&#8221;1_3&#8243; _builder_version=&#8221;3.0.47&#8243;][et_pb_sidebar area=&#8221;sidebar-1&#8243; _builder_version=&#8221;3.15&#8243;][\/et_pb_sidebar][\/et_pb_column][\/et_pb_row][\/et_pb_section]<\/p>\n","protected":false},"excerpt":{"rendered":"<p>Im Herbst bietet die N\u00d6 Gebietskrankenkasse wieder das bew\u00e4hrte 5-w\u00f6chige Programm f\u00fcr den Rauchstopp an. Das Programm findet in mehreren Bezirken in Nieder\u00f6sterreich statt. Zus\u00e4tzlich zu N\u00d6GKK Versicherten sind auch Versicherte der BVA, SVA und SVB herzlich willkommen.<\/p>\n","protected":false},"author":16,"featured_media":0,"comment_status":"open","ping_status":"open","sticky":false,"template":"","format":"standard","meta":{"_et_pb_use_builder":"on","_et_pb_old_content":"<p>\u00a0<\/p><p>Sie wohnen oder arbeiten in Nieder\u00f6sterreich, sind \u00fcber 18 Jahre alt, bei der <strong>N\u00d6GKK, SVA, SVB oder BVA<\/strong> versichert und m\u00f6chten<strong> rauchfrei<\/strong> werden?<\/p><p>\u00a0<\/p><p>Dann nutzen Sie jetzt die Gelegenheit und machen sie gemeinsam mit anderen interessierten Raucher\/innen den Schritt in die Rauchfreiheit.<\/p><p>\u00a0<\/p><p>Die Nieder\u00f6sterreichische Gebietskrankenkasse (N\u00d6GKK) bietet im Herbst wieder das bew\u00e4hrte\u00a0Gruppenprogramm \"<strong>Rauchfrei in 5 Wochen\"<\/strong> in folgenden Bezirken an:<\/p><ul><li>Baden<\/li><li>Horn<\/li><li>Neunkirchen<\/li><li>St. P\u00f6lten<\/li><li>Waidhofen\/Thaya<\/li><li>Wr. Neustadt<\/li><\/ul><p>\u00a0<\/p><p><img class=\"aligncenter size-large wp-image-8521\" src=\"https:\/\/rauchfrei.at\/wp-content\/uploads\/Foto_Rauchfrei_5_Wochen-480x271.jpg\" alt=\"Foto_Rauchfrei_5_Wochen\" width=\"480\" height=\"271\" data-id=\"8521\" \/><\/p><p>\u00a0<\/p><p>Das umfassende Kursprogramm\u00a0beinhaltet die\u00a0Einsch\u00e4tzung der pers\u00f6nlichen Abh\u00e4ngigkeit,\u00a0Informationen und Vorbereitung auf den Rauchstopp,\u00a0regelm\u00e4\u00dfige Kohlenmonoxidmessungen\u00a0und individuelle Beratung. Unterst\u00fctzt werden Sie dabei von einer Tabakentw\u00f6hnexpertin.<\/p><p>\u00a0<\/p><p>Kostenbeitrag: <strong>\u20ac 25<\/strong><\/p><p>\u00a0<\/p><p>Melden Sie sich noch im August an!<\/p><p>\u00a0<\/p><p><strong>N\u00e4here Informationen<\/strong> zu\u00a0Terminen und\u00a0Anmeldung finden Sie auf der <a href=\"http:\/\/www.noegkk.at\/portal27\/noegkkportal\/content?contentid=10007.701989&portal:componentId=gtn1416be4f-c7d0-4c0a-a0f1-42fd51ad3d8c&viewmode=content\">Webseite der N\u00d6GKK<\/a>.<\/p><p>\u00a0<\/p><p>\u00a0<\/p>","_et_gb_content_width":"","footnotes":""},"categories":[234],"tags":[],"class_list":["post-8520","post","type-post","status-publish","format-standard","hentry","category-oesterreichweite-angebote-zur-entwoehnung"],"yoast_head":"<!-- This site is optimized with the Yoast SEO plugin v26.2 - https:\/\/yoast.com\/wordpress\/plugins\/seo\/ -->\n<title>Kurs &quot;Rauchfrei in 5 Wochen&quot; startet wieder in Nieder\u00f6sterreich - Rauchfrei Telefon<\/title>\n<meta name=\"robots\" content=\"index, follow, max-snippet:-1, max-image-preview:large, max-video-preview:-1\" \/>\n<link rel=\"canonical\" href=\"https:\/\/rauchfrei.at\/kurs-rauchfrei-in-5-wochen-startet-wieder-in-niederoesterreich\/\" \/>\n<meta property=\"og:locale\" content=\"en_US\" \/>\n<meta property=\"og:type\" content=\"article\" \/>\n<meta property=\"og:title\" content=\"Kurs &quot;Rauchfrei in 5 Wochen&quot; startet wieder in Nieder\u00f6sterreich - Rauchfrei Telefon\" \/>\n<meta property=\"og:description\" content=\"Im Herbst bietet die N\u00d6 Gebietskrankenkasse wieder das bew\u00e4hrte 5-w\u00f6chige Programm f\u00fcr den Rauchstopp an. Das Programm findet in mehreren Bezirken in Nieder\u00f6sterreich statt. Zus\u00e4tzlich zu N\u00d6GKK Versicherten sind auch Versicherte der BVA, SVA und SVB herzlich willkommen.\" \/>\n<meta property=\"og:url\" content=\"https:\/\/rauchfrei.at\/kurs-rauchfrei-in-5-wochen-startet-wieder-in-niederoesterreich\/\" \/>\n<meta property=\"og:site_name\" content=\"Rauchfrei Telefon\" \/>\n<meta property=\"article:published_time\" content=\"2016-08-15T12:00:02+00:00\" \/>\n<meta property=\"article:modified_time\" content=\"2019-05-02T09:00:07+00:00\" \/>\n<meta property=\"og:image\" content=\"https:\/\/rauchfrei.at\/wp-content\/uploads\/Foto_Rauchfrei_5_Wochen-480x271.jpg\" \/>\n<meta name=\"author\" content=\"Melanie Stulik\" \/>\n<meta name=\"twitter:card\" content=\"summary_large_image\" \/>\n<meta name=\"twitter:label1\" content=\"Written by\" \/>\n\t<meta name=\"twitter:data1\" content=\"Melanie Stulik\" \/>\n\t<meta name=\"twitter:label2\" content=\"Est. reading time\" \/>\n\t<meta name=\"twitter:data2\" content=\"1 minute\" \/>\n<script type=\"application\/ld+json\" class=\"yoast-schema-graph\">{\"@context\":\"https:\/\/schema.org\",\"@graph\":[{\"@type\":\"WebPage\",\"@id\":\"https:\/\/rauchfrei.at\/kurs-rauchfrei-in-5-wochen-startet-wieder-in-niederoesterreich\/\",\"url\":\"https:\/\/rauchfrei.at\/kurs-rauchfrei-in-5-wochen-startet-wieder-in-niederoesterreich\/\",\"name\":\"Kurs \\\"Rauchfrei in 5 Wochen\\\" startet wieder in Nieder\u00f6sterreich - Rauchfrei Telefon\",\"isPartOf\":{\"@id\":\"https:\/\/rauchfrei.at\/#website\"},\"primaryImageOfPage\":{\"@id\":\"https:\/\/rauchfrei.at\/kurs-rauchfrei-in-5-wochen-startet-wieder-in-niederoesterreich\/#primaryimage\"},\"image\":{\"@id\":\"https:\/\/rauchfrei.at\/kurs-rauchfrei-in-5-wochen-startet-wieder-in-niederoesterreich\/#primaryimage\"},\"thumbnailUrl\":\"https:\/\/rauchfrei.at\/wp-content\/uploads\/Foto_Rauchfrei_5_Wochen-480x271.jpg\",\"datePublished\":\"2016-08-15T12:00:02+00:00\",\"dateModified\":\"2019-05-02T09:00:07+00:00\",\"author\":{\"@id\":\"https:\/\/rauchfrei.at\/#\/schema\/person\/91493cc00c3601c46943b77e7ebc0075\"},\"inLanguage\":\"en-US\",\"potentialAction\":[{\"@type\":\"ReadAction\",\"target\":[\"https:\/\/rauchfrei.at\/kurs-rauchfrei-in-5-wochen-startet-wieder-in-niederoesterreich\/\"]}]},{\"@type\":\"ImageObject\",\"inLanguage\":\"en-US\",\"@id\":\"https:\/\/rauchfrei.at\/kurs-rauchfrei-in-5-wochen-startet-wieder-in-niederoesterreich\/#primaryimage\",\"url\":\"https:\/\/rauchfrei.at\/wp-content\/uploads\/Foto_Rauchfrei_5_Wochen-480x271.jpg\",\"contentUrl\":\"https:\/\/rauchfrei.at\/wp-content\/uploads\/Foto_Rauchfrei_5_Wochen-480x271.jpg\"},{\"@type\":\"WebSite\",\"@id\":\"https:\/\/rauchfrei.at\/#website\",\"url\":\"https:\/\/rauchfrei.at\/\",\"name\":\"Rauchfrei Telefon\",\"description\":\"Eine \u00f6sterreichweite Initiative der Sozialversicherungen.\",\"potentialAction\":[{\"@type\":\"SearchAction\",\"target\":{\"@type\":\"EntryPoint\",\"urlTemplate\":\"https:\/\/rauchfrei.at\/?s={search_term_string}\"},\"query-input\":{\"@type\":\"PropertyValueSpecification\",\"valueRequired\":true,\"valueName\":\"search_term_string\"}}],\"inLanguage\":\"en-US\"},{\"@type\":\"Person\",\"@id\":\"https:\/\/rauchfrei.at\/#\/schema\/person\/91493cc00c3601c46943b77e7ebc0075\",\"name\":\"Melanie Stulik\",\"image\":{\"@type\":\"ImageObject\",\"inLanguage\":\"en-US\",\"@id\":\"https:\/\/rauchfrei.at\/#\/schema\/person\/image\/\",\"url\":\"https:\/\/secure.gravatar.com\/avatar\/5ac3b6bb2b037bda3c21df97a4ee7e763aa9f84d8ffc3f86db3731b4c62ffb71?s=96&d=mm&r=g\",\"contentUrl\":\"https:\/\/secure.gravatar.com\/avatar\/5ac3b6bb2b037bda3c21df97a4ee7e763aa9f84d8ffc3f86db3731b4c62ffb71?s=96&d=mm&r=g\",\"caption\":\"Melanie Stulik\"},\"url\":\"https:\/\/rauchfrei.at\/en\/author\/melanie-stulik\/\"}]}<\/script>\n<!-- \/ Yoast SEO plugin. -->","yoast_head_json":{"title":"Kurs \"Rauchfrei in 5 Wochen\" startet wieder in Nieder\u00f6sterreich - Rauchfrei Telefon","robots":{"index":"index","follow":"follow","max-snippet":"max-snippet:-1","max-image-preview":"max-image-preview:large","max-video-preview":"max-video-preview:-1"},"canonical":"https:\/\/rauchfrei.at\/kurs-rauchfrei-in-5-wochen-startet-wieder-in-niederoesterreich\/","og_locale":"en_US","og_type":"article","og_title":"Kurs \"Rauchfrei in 5 Wochen\" startet wieder in Nieder\u00f6sterreich - Rauchfrei Telefon","og_description":"Im Herbst bietet die N\u00d6 Gebietskrankenkasse wieder das bew\u00e4hrte 5-w\u00f6chige Programm f\u00fcr den Rauchstopp an. Das Programm findet in mehreren Bezirken in Nieder\u00f6sterreich statt. Zus\u00e4tzlich zu N\u00d6GKK Versicherten sind auch Versicherte der BVA, SVA und SVB herzlich willkommen.","og_url":"https:\/\/rauchfrei.at\/kurs-rauchfrei-in-5-wochen-startet-wieder-in-niederoesterreich\/","og_site_name":"Rauchfrei Telefon","article_published_time":"2016-08-15T12:00:02+00:00","article_modified_time":"2019-05-02T09:00:07+00:00","og_image":[{"url":"https:\/\/rauchfrei.at\/wp-content\/uploads\/Foto_Rauchfrei_5_Wochen-480x271.jpg","type":"","width":"","height":""}],"author":"Melanie Stulik","twitter_card":"summary_large_image","twitter_misc":{"Written by":"Melanie Stulik","Est. reading time":"1 minute"},"schema":{"@context":"https:\/\/schema.org","@graph":[{"@type":"WebPage","@id":"https:\/\/rauchfrei.at\/kurs-rauchfrei-in-5-wochen-startet-wieder-in-niederoesterreich\/","url":"https:\/\/rauchfrei.at\/kurs-rauchfrei-in-5-wochen-startet-wieder-in-niederoesterreich\/","name":"Kurs \"Rauchfrei in 5 Wochen\" startet wieder in Nieder\u00f6sterreich - Rauchfrei Telefon","isPartOf":{"@id":"https:\/\/rauchfrei.at\/#website"},"primaryImageOfPage":{"@id":"https:\/\/rauchfrei.at\/kurs-rauchfrei-in-5-wochen-startet-wieder-in-niederoesterreich\/#primaryimage"},"image":{"@id":"https:\/\/rauchfrei.at\/kurs-rauchfrei-in-5-wochen-startet-wieder-in-niederoesterreich\/#primaryimage"},"thumbnailUrl":"https:\/\/rauchfrei.at\/wp-content\/uploads\/Foto_Rauchfrei_5_Wochen-480x271.jpg","datePublished":"2016-08-15T12:00:02+00:00","dateModified":"2019-05-02T09:00:07+00:00","author":{"@id":"https:\/\/rauchfrei.at\/#\/schema\/person\/91493cc00c3601c46943b77e7ebc0075"},"inLanguage":"en-US","potentialAction":[{"@type":"ReadAction","target":["https:\/\/rauchfrei.at\/kurs-rauchfrei-in-5-wochen-startet-wieder-in-niederoesterreich\/"]}]},{"@type":"ImageObject","inLanguage":"en-US","@id":"https:\/\/rauchfrei.at\/kurs-rauchfrei-in-5-wochen-startet-wieder-in-niederoesterreich\/#primaryimage","url":"https:\/\/rauchfrei.at\/wp-content\/uploads\/Foto_Rauchfrei_5_Wochen-480x271.jpg","contentUrl":"https:\/\/rauchfrei.at\/wp-content\/uploads\/Foto_Rauchfrei_5_Wochen-480x271.jpg"},{"@type":"WebSite","@id":"https:\/\/rauchfrei.at\/#website","url":"https:\/\/rauchfrei.at\/","name":"Rauchfrei Telefon","description":"Eine \u00f6sterreichweite Initiative der Sozialversicherungen.","potentialAction":[{"@type":"SearchAction","target":{"@type":"EntryPoint","urlTemplate":"https:\/\/rauchfrei.at\/?s={search_term_string}"},"query-input":{"@type":"PropertyValueSpecification","valueRequired":true,"valueName":"search_term_string"}}],"inLanguage":"en-US"},{"@type":"Person","@id":"https:\/\/rauchfrei.at\/#\/schema\/person\/91493cc00c3601c46943b77e7ebc0075","name":"Melanie Stulik","image":{"@type":"ImageObject","inLanguage":"en-US","@id":"https:\/\/rauchfrei.at\/#\/schema\/person\/image\/","url":"https:\/\/secure.gravatar.com\/avatar\/5ac3b6bb2b037bda3c21df97a4ee7e763aa9f84d8ffc3f86db3731b4c62ffb71?s=96&d=mm&r=g","contentUrl":"https:\/\/secure.gravatar.com\/avatar\/5ac3b6bb2b037bda3c21df97a4ee7e763aa9f84d8ffc3f86db3731b4c62ffb71?s=96&d=mm&r=g","caption":"Melanie Stulik"},"url":"https:\/\/rauchfrei.at\/en\/author\/melanie-stulik\/"}]}},"_links":{"self":[{"href":"https:\/\/rauchfrei.at\/en\/wp-json\/wp\/v2\/posts\/8520","targetHints":{"allow":["GET"]}}],"collection":[{"href":"https:\/\/rauchfrei.at\/en\/wp-json\/wp\/v2\/posts"}],"about":[{"href":"https:\/\/rauchfrei.at\/en\/wp-json\/wp\/v2\/types\/post"}],"author":[{"embeddable":true,"href":"https:\/\/rauchfrei.at\/en\/wp-json\/wp\/v2\/users\/16"}],"replies":[{"embeddable":true,"href":"https:\/\/rauchfrei.at\/en\/wp-json\/wp\/v2\/comments?post=8520"}],"version-history":[{"count":5,"href":"https:\/\/rauchfrei.at\/en\/wp-json\/wp\/v2\/posts\/8520\/revisions"}],"predecessor-version":[{"id":16304,"href":"https:\/\/rauchfrei.at\/en\/wp-json\/wp\/v2\/posts\/8520\/revisions\/16304"}],"wp:attachment":[{"href":"https:\/\/rauchfrei.at\/en\/wp-json\/wp\/v2\/media?parent=8520"}],"wp:term":[{"taxonomy":"category","embeddable":true,"href":"https:\/\/rauchfrei.at\/en\/wp-json\/wp\/v2\/categories?post=8520"},{"taxonomy":"post_tag","embeddable":true,"href":"https:\/\/rauchfrei.at\/en\/wp-json\/wp\/v2\/tags?post=8520"}],"curies":[{"name":"wp","href":"https:\/\/api.w.org\/{rel}","templated":true}]}}