
{"id":8529,"date":"2016-09-05T06:00:15","date_gmt":"2016-09-05T04:00:15","guid":{"rendered":"http:\/\/rauchfrei.at\/?p=8529"},"modified":"2019-04-27T00:25:00","modified_gmt":"2019-04-26T22:25:00","slug":"rauchfrei-in-den-herbst-starten","status":"publish","type":"post","link":"https:\/\/rauchfrei.at\/en\/rauchfrei-in-den-herbst-starten\/","title":{"rendered":"Rauchfrei in den Herbst starten!"},"content":{"rendered":"<p>[et_pb_section fb_built=&#8221;1&#8243; module_class=&#8221;header&#8221; _builder_version=&#8221;3.0.99&#8243;][et_pb_row _builder_version=&#8221;3.0.99&#8243;][et_pb_column type=&#8221;4_4&#8243; _builder_version=&#8221;3.0.47&#8243;][et_pb_dp_dmb_module_10001 _builder_version=&#8221;3.21.1&#8243;][\/et_pb_dp_dmb_module_10001][\/et_pb_column][\/et_pb_row][\/et_pb_section][et_pb_section fb_built=&#8221;1&#8243; _builder_version=&#8221;3.0.47&#8243;][et_pb_row _builder_version=&#8221;3.0.48&#8243; background_size=&#8221;initial&#8221; background_position=&#8221;top_left&#8221; background_repeat=&#8221;repeat&#8221;][et_pb_column type=&#8221;2_3&#8243; _builder_version=&#8221;3.0.47&#8243;][et_pb_text _builder_version=&#8221;3.0.74&#8243; background_size=&#8221;initial&#8221; background_position=&#8221;top_left&#8221; background_repeat=&#8221;repeat&#8221;]<\/p>\n<p><span style=\"font-size: 15px;\">Sie haben es sich so einfach vorgestellt:<\/span><\/p>\n<blockquote>\n<p>Einfach die Zigarettenpackung wegwerfen und aufh\u00f6ren!<\/p>\n<\/blockquote>\n<p>Vielen Raucherinnen und Rauchern f\u00e4llt es aber gerade im Sommer besonders schwer, das Rauchen zu beenden. Sommerurlaube, Grillfeiern und andere Veranstaltungen sind ohne Zigarette oft nicht vorstellbar. Mit Beginn der herbstlichen Temperaturen erh\u00f6hen sich meist die <strong>Motivation<\/strong> zum Rauchstopp und der <strong>Wunsch<\/strong>, wieder so richtig befreit atmen zu k\u00f6nnen.<\/p>\n<p>Sie wollen\u00a0im Herbst endlich\u00a0<strong>besser\u00a0durchatmen\u00a0<\/strong>k\u00f6nnen und\u00a0w\u00fcnschen sich <strong>mehr Ausdauer<\/strong> und <strong>Geld<\/strong>?<\/p>\n<p>Dann ist jetzt die Gelegenheit, um rauchfrei in den Herbst zu starten!<\/p>\n<p>Denn schon nach einigen Stunden steht Ihrem K\u00f6rper <strong>mehr Sauerstoff<\/strong> zur Verf\u00fcgung und nach den ersten rauchfreien Wochen bessert sich die <strong>Lungenfunktion<\/strong> deutlich. So l\u00e4sst sich die frische Herbstluft viel besser genie\u00dfen!<\/p>\n<p><strong>Herbstliche Strategien f\u00fcr Verlangensattacken:<\/strong><\/p>\n<p>Waldspazierg\u00e4nge, Bergwanderungen, Pilze suchen, Rad fahren, Wohnungsputz, Garage\/Keller aufr\u00e4umen und entr\u00fcmpeln, Herbstdekoration basteln bzw. anbringen, Wohnr\u00e4ume rauchfrei halten<\/p>\n<p><strong>Tipps f\u00fcr den Arbeitsplatz oder zuhause:<\/strong><\/p>\n<p>Rauchfrei neue Geschmackserlebnisse erfahren, saisonale Fr\u00fcchte (z.B. Zwetschken, Apfel) und Gem\u00fcse (z.B. K\u00fcrbis) essen und verkochen,\u00a0Teepausen, Mineralwasser\u00a0trinken, Dehnungs\u00fcbungen\u00a0oder Kurzentspannung<\/p>\n<p>Wagen Sie jetzt im Herbst den Rauchstopp und atmen Sie wieder so richtig durch!<\/p>\n<p>Unterst\u00fctzung beim Weg in die Rauchfreiheit erhalten Sie beim Rauchfrei Telefon unter 0800 810 013 sowie bei <a href=\"https:\/\/rauchfrei.at\/aufhoeren\/weitere-beratungsangebote-in-oe\/ambulante-beratung\/\">diesen Beratungsstellen<\/a>.<\/p>\n<p>&nbsp;<\/p>\n<p>[\/et_pb_text][\/et_pb_column][et_pb_column type=&#8221;1_3&#8243; _builder_version=&#8221;3.0.47&#8243;][et_pb_sidebar area=&#8221;sidebar-1&#8243; _builder_version=&#8221;3.15&#8243;][\/et_pb_sidebar][\/et_pb_column][\/et_pb_row][\/et_pb_section]<\/p>\n","protected":false},"excerpt":{"rendered":"<p>Sie w\u00fcnschen sich mehr Ausdauer f\u00fcr Wanderungen oder Herbstspazierg\u00e4nge?<br \/>\nSie wollen die Waldluft besser riechen und genie\u00dfen k\u00f6nnen?<br \/>\nSie m\u00f6chten mehr Geld f\u00fcr die Herbst\/Winter-Kollektion zur Verf\u00fcgung haben?<br \/>\nDann ist jetzt der richtige Zeitpunkt, um rauchfrei zu werden.<\/p>\n","protected":false},"author":16,"featured_media":0,"comment_status":"open","ping_status":"open","sticky":false,"template":"","format":"standard","meta":{"_et_pb_use_builder":"on","_et_pb_old_content":"<p>\u00a0<\/p><p>Sie haben es sich so einfach vorgestellt:<\/p><p>Einfach die Zigarettenpackung wegwerfen und aufh\u00f6ren!<\/p><p>\u00a0<\/p><p>Vielen Raucherinnen und Rauchern f\u00e4llt es aber gerade im Sommer besonders schwer, das Rauchen zu beenden. Sommerurlaube, Grillfeiern und andere Veranstaltungen sind ohne Zigarette oft nicht vorstellbar. Mit Beginn der herbstlichen Temperaturen erh\u00f6hen sich meist die <strong>Motivation<\/strong> zum Rauchstopp und der <strong>Wunsch<\/strong>, wieder so richtig befreit atmen zu k\u00f6nnen.<\/p><p>\u00a0<\/p><p>Sie wollen\u00a0im Herbst endlich\u00a0<strong>besser\u00a0durchatmen\u00a0<\/strong>k\u00f6nnen und\u00a0w\u00fcnschen sich <strong>mehr Ausdauer<\/strong> und <strong>Geld<\/strong>?<\/p><p>\u00a0<\/p><p>Dann ist jetzt die Gelegenheit, um rauchfrei in den Herbst zu starten!<\/p><p>\u00a0<\/p><p>Denn schon nach einigen Stunden steht Ihrem K\u00f6rper <strong>mehr Sauerstoff<\/strong> zur Verf\u00fcgung und nach den ersten rauchfreien Wochen bessert sich die <strong>Lungenfunktion<\/strong> deutlich. So l\u00e4sst sich die frische Herbstluft viel besser genie\u00dfen!<\/p><p>\u00a0<\/p><p><strong>Herbstliche Strategien f\u00fcr Verlangensattacken:<\/strong><\/p><p>Waldspazierg\u00e4nge, Bergwanderungen, Pilze suchen, Rad fahren, Wohnungsputz, Garage\/Keller aufr\u00e4umen und entr\u00fcmpeln, Herbstdekoration basteln bzw. anbringen, Wohnr\u00e4ume rauchfrei halten<\/p><p>\u00a0<\/p><p><strong>Tipps f\u00fcr den Arbeitsplatz oder zuhause:<\/strong><\/p><p>Rauchfrei neue Geschmackserlebnisse erfahren, saisonale Fr\u00fcchte (z.B. Zwetschken, Apfel) und Gem\u00fcse (z.B. K\u00fcrbis) essen und verkochen,\u00a0Teepausen, Mineralwasser\u00a0trinken, Dehnungs\u00fcbungen\u00a0oder Kurzentspannung<\/p><p>\u00a0<\/p><p>Wagen Sie jetzt im Herbst den Rauchstopp und atmen Sie wieder so richtig durch!<\/p><p>\u00a0<\/p><p>Unterst\u00fctzung beim Weg in die Rauchfreiheit erhalten Sie beim Rauchfrei Telefon unter 0800 810 013 sowie bei <a href=\"https:\/\/rauchfrei.at\/aufhoeren\/weitere-beratungsangebote-in-oe\/ambulante-beratung\/\">diesen Beratungsstellen<\/a>.<\/p><p>\u00a0<\/p>","_et_gb_content_width":"","footnotes":""},"categories":[234,233],"tags":[],"class_list":["post-8529","post","type-post","status-publish","format-standard","hentry","category-oesterreichweite-angebote-zur-entwoehnung","category-unterstuetzung-beim-rauchstopp"],"yoast_head":"<!-- This site is optimized with the Yoast SEO plugin v26.2 - https:\/\/yoast.com\/wordpress\/plugins\/seo\/ -->\n<title>Rauchfrei in den Herbst starten! - Rauchfrei Telefon<\/title>\n<meta name=\"robots\" content=\"index, follow, max-snippet:-1, max-image-preview:large, max-video-preview:-1\" \/>\n<link rel=\"canonical\" href=\"https:\/\/rauchfrei.at\/rauchfrei-in-den-herbst-starten\/\" \/>\n<meta property=\"og:locale\" content=\"en_US\" \/>\n<meta property=\"og:type\" content=\"article\" \/>\n<meta property=\"og:title\" content=\"Rauchfrei in den Herbst starten! - Rauchfrei Telefon\" \/>\n<meta property=\"og:description\" content=\"Sie w\u00fcnschen sich mehr Ausdauer f\u00fcr Wanderungen oder Herbstspazierg\u00e4nge? Sie wollen die Waldluft besser riechen und genie\u00dfen k\u00f6nnen? Sie m\u00f6chten mehr Geld f\u00fcr die Herbst\/Winter-Kollektion zur Verf\u00fcgung haben? Dann ist jetzt der richtige Zeitpunkt, um rauchfrei zu werden.\" \/>\n<meta property=\"og:url\" content=\"https:\/\/rauchfrei.at\/rauchfrei-in-den-herbst-starten\/\" \/>\n<meta property=\"og:site_name\" content=\"Rauchfrei Telefon\" \/>\n<meta property=\"article:published_time\" content=\"2016-09-05T04:00:15+00:00\" \/>\n<meta property=\"article:modified_time\" content=\"2019-04-26T22:25:00+00:00\" \/>\n<meta name=\"author\" content=\"Melanie Stulik\" \/>\n<meta name=\"twitter:card\" content=\"summary_large_image\" \/>\n<meta name=\"twitter:label1\" content=\"Written by\" \/>\n\t<meta name=\"twitter:data1\" content=\"Melanie Stulik\" \/>\n\t<meta name=\"twitter:label2\" content=\"Est. reading time\" \/>\n\t<meta name=\"twitter:data2\" content=\"2 minutes\" \/>\n<script type=\"application\/ld+json\" class=\"yoast-schema-graph\">{\"@context\":\"https:\/\/schema.org\",\"@graph\":[{\"@type\":\"WebPage\",\"@id\":\"https:\/\/rauchfrei.at\/rauchfrei-in-den-herbst-starten\/\",\"url\":\"https:\/\/rauchfrei.at\/rauchfrei-in-den-herbst-starten\/\",\"name\":\"Rauchfrei in den Herbst starten! - Rauchfrei Telefon\",\"isPartOf\":{\"@id\":\"https:\/\/rauchfrei.at\/#website\"},\"datePublished\":\"2016-09-05T04:00:15+00:00\",\"dateModified\":\"2019-04-26T22:25:00+00:00\",\"author\":{\"@id\":\"https:\/\/rauchfrei.at\/#\/schema\/person\/91493cc00c3601c46943b77e7ebc0075\"},\"inLanguage\":\"en-US\",\"potentialAction\":[{\"@type\":\"ReadAction\",\"target\":[\"https:\/\/rauchfrei.at\/rauchfrei-in-den-herbst-starten\/\"]}]},{\"@type\":\"WebSite\",\"@id\":\"https:\/\/rauchfrei.at\/#website\",\"url\":\"https:\/\/rauchfrei.at\/\",\"name\":\"Rauchfrei Telefon\",\"description\":\"Eine \u00f6sterreichweite Initiative der Sozialversicherungen.\",\"potentialAction\":[{\"@type\":\"SearchAction\",\"target\":{\"@type\":\"EntryPoint\",\"urlTemplate\":\"https:\/\/rauchfrei.at\/?s={search_term_string}\"},\"query-input\":{\"@type\":\"PropertyValueSpecification\",\"valueRequired\":true,\"valueName\":\"search_term_string\"}}],\"inLanguage\":\"en-US\"},{\"@type\":\"Person\",\"@id\":\"https:\/\/rauchfrei.at\/#\/schema\/person\/91493cc00c3601c46943b77e7ebc0075\",\"name\":\"Melanie Stulik\",\"image\":{\"@type\":\"ImageObject\",\"inLanguage\":\"en-US\",\"@id\":\"https:\/\/rauchfrei.at\/#\/schema\/person\/image\/\",\"url\":\"https:\/\/secure.gravatar.com\/avatar\/5ac3b6bb2b037bda3c21df97a4ee7e763aa9f84d8ffc3f86db3731b4c62ffb71?s=96&d=mm&r=g\",\"contentUrl\":\"https:\/\/secure.gravatar.com\/avatar\/5ac3b6bb2b037bda3c21df97a4ee7e763aa9f84d8ffc3f86db3731b4c62ffb71?s=96&d=mm&r=g\",\"caption\":\"Melanie Stulik\"},\"url\":\"https:\/\/rauchfrei.at\/en\/author\/melanie-stulik\/\"}]}<\/script>\n<!-- \/ Yoast SEO plugin. -->","yoast_head_json":{"title":"Rauchfrei in den Herbst starten! - Rauchfrei Telefon","robots":{"index":"index","follow":"follow","max-snippet":"max-snippet:-1","max-image-preview":"max-image-preview:large","max-video-preview":"max-video-preview:-1"},"canonical":"https:\/\/rauchfrei.at\/rauchfrei-in-den-herbst-starten\/","og_locale":"en_US","og_type":"article","og_title":"Rauchfrei in den Herbst starten! - Rauchfrei Telefon","og_description":"Sie w\u00fcnschen sich mehr Ausdauer f\u00fcr Wanderungen oder Herbstspazierg\u00e4nge? Sie wollen die Waldluft besser riechen und genie\u00dfen k\u00f6nnen? Sie m\u00f6chten mehr Geld f\u00fcr die Herbst\/Winter-Kollektion zur Verf\u00fcgung haben? Dann ist jetzt der richtige Zeitpunkt, um rauchfrei zu werden.","og_url":"https:\/\/rauchfrei.at\/rauchfrei-in-den-herbst-starten\/","og_site_name":"Rauchfrei Telefon","article_published_time":"2016-09-05T04:00:15+00:00","article_modified_time":"2019-04-26T22:25:00+00:00","author":"Melanie Stulik","twitter_card":"summary_large_image","twitter_misc":{"Written by":"Melanie Stulik","Est. reading time":"2 minutes"},"schema":{"@context":"https:\/\/schema.org","@graph":[{"@type":"WebPage","@id":"https:\/\/rauchfrei.at\/rauchfrei-in-den-herbst-starten\/","url":"https:\/\/rauchfrei.at\/rauchfrei-in-den-herbst-starten\/","name":"Rauchfrei in den Herbst starten! - Rauchfrei Telefon","isPartOf":{"@id":"https:\/\/rauchfrei.at\/#website"},"datePublished":"2016-09-05T04:00:15+00:00","dateModified":"2019-04-26T22:25:00+00:00","author":{"@id":"https:\/\/rauchfrei.at\/#\/schema\/person\/91493cc00c3601c46943b77e7ebc0075"},"inLanguage":"en-US","potentialAction":[{"@type":"ReadAction","target":["https:\/\/rauchfrei.at\/rauchfrei-in-den-herbst-starten\/"]}]},{"@type":"WebSite","@id":"https:\/\/rauchfrei.at\/#website","url":"https:\/\/rauchfrei.at\/","name":"Rauchfrei Telefon","description":"Eine \u00f6sterreichweite Initiative der Sozialversicherungen.","potentialAction":[{"@type":"SearchAction","target":{"@type":"EntryPoint","urlTemplate":"https:\/\/rauchfrei.at\/?s={search_term_string}"},"query-input":{"@type":"PropertyValueSpecification","valueRequired":true,"valueName":"search_term_string"}}],"inLanguage":"en-US"},{"@type":"Person","@id":"https:\/\/rauchfrei.at\/#\/schema\/person\/91493cc00c3601c46943b77e7ebc0075","name":"Melanie Stulik","image":{"@type":"ImageObject","inLanguage":"en-US","@id":"https:\/\/rauchfrei.at\/#\/schema\/person\/image\/","url":"https:\/\/secure.gravatar.com\/avatar\/5ac3b6bb2b037bda3c21df97a4ee7e763aa9f84d8ffc3f86db3731b4c62ffb71?s=96&d=mm&r=g","contentUrl":"https:\/\/secure.gravatar.com\/avatar\/5ac3b6bb2b037bda3c21df97a4ee7e763aa9f84d8ffc3f86db3731b4c62ffb71?s=96&d=mm&r=g","caption":"Melanie Stulik"},"url":"https:\/\/rauchfrei.at\/en\/author\/melanie-stulik\/"}]}},"_links":{"self":[{"href":"https:\/\/rauchfrei.at\/en\/wp-json\/wp\/v2\/posts\/8529","targetHints":{"allow":["GET"]}}],"collection":[{"href":"https:\/\/rauchfrei.at\/en\/wp-json\/wp\/v2\/posts"}],"about":[{"href":"https:\/\/rauchfrei.at\/en\/wp-json\/wp\/v2\/types\/post"}],"author":[{"embeddable":true,"href":"https:\/\/rauchfrei.at\/en\/wp-json\/wp\/v2\/users\/16"}],"replies":[{"embeddable":true,"href":"https:\/\/rauchfrei.at\/en\/wp-json\/wp\/v2\/comments?post=8529"}],"version-history":[{"count":5,"href":"https:\/\/rauchfrei.at\/en\/wp-json\/wp\/v2\/posts\/8529\/revisions"}],"predecessor-version":[{"id":16284,"href":"https:\/\/rauchfrei.at\/en\/wp-json\/wp\/v2\/posts\/8529\/revisions\/16284"}],"wp:attachment":[{"href":"https:\/\/rauchfrei.at\/en\/wp-json\/wp\/v2\/media?parent=8529"}],"wp:term":[{"taxonomy":"category","embeddable":true,"href":"https:\/\/rauchfrei.at\/en\/wp-json\/wp\/v2\/categories?post=8529"},{"taxonomy":"post_tag","embeddable":true,"href":"https:\/\/rauchfrei.at\/en\/wp-json\/wp\/v2\/tags?post=8529"}],"curies":[{"name":"wp","href":"https:\/\/api.w.org\/{rel}","templated":true}]}}