
{"id":8561,"date":"2016-09-12T06:00:32","date_gmt":"2016-09-12T04:00:32","guid":{"rendered":"http:\/\/rauchfrei.at\/?p=8561"},"modified":"2019-04-27T00:22:46","modified_gmt":"2019-04-26T22:22:46","slug":"viele-betrifft-es-aber-nur-wenige-sind-ueber-die-krankheit-informiert","status":"publish","type":"post","link":"https:\/\/rauchfrei.at\/en\/viele-betrifft-es-aber-nur-wenige-sind-ueber-die-krankheit-informiert\/","title":{"rendered":"Viele betrifft es, aber nur wenige sind \u00fcber die Krankheit informiert"},"content":{"rendered":"<p>[et_pb_section fb_built=&#8221;1&#8243; module_class=&#8221;header&#8221; _builder_version=&#8221;3.0.99&#8243;][et_pb_row _builder_version=&#8221;3.0.99&#8243;][et_pb_column type=&#8221;4_4&#8243; _builder_version=&#8221;3.0.47&#8243;][et_pb_dp_dmb_module_10001 _builder_version=&#8221;3.21.1&#8243;][\/et_pb_dp_dmb_module_10001][\/et_pb_column][\/et_pb_row][\/et_pb_section][et_pb_section fb_built=&#8221;1&#8243; _builder_version=&#8221;3.0.47&#8243;][et_pb_row _builder_version=&#8221;3.0.48&#8243; background_size=&#8221;initial&#8221; background_position=&#8221;top_left&#8221; background_repeat=&#8221;repeat&#8221;][et_pb_column type=&#8221;2_3&#8243; _builder_version=&#8221;3.0.47&#8243;][et_pb_text _builder_version=&#8221;3.0.74&#8243; background_size=&#8221;initial&#8221; background_position=&#8221;top_left&#8221; background_repeat=&#8221;repeat&#8221;]<\/p>\n<p><span style=\"font-size: 15px;\">Die chronische obstruktive Lungenkrankheit (COPD) betrifft weltweit etwa 64 Millionen Menschen &#8211; vor allem Raucherinnen und Raucher erkranken h\u00e4ufig daran. Die aktuelle Ausgabe des Magazins &#8220;Forum Gesundheit&#8221; informiert \u00fcber Symptome, Auswirkungen auf den Alltag und Behandlungsm\u00f6glichkeiten von COPD.<\/span><\/p>\n<p><strong>Artikel<\/strong> im FORUM GESUNDHEIT:<\/p>\n<p><a href=\"http:\/\/www.forumgesundheit.at\/portal27\/forumgesundheitportal\/content?contentid=10007.769980&amp;viewmode=content\">COPD: Vor allem Raucher erkranken h\u00e4ufig<\/a><\/p>\n<p><strong>Weitere Informationen zu COPD:<\/strong><\/p>\n<p>Folder des Rauchfrei Telefons:<\/p>\n<p><a href=\"https:\/\/rauchfrei.at\/wp-content\/uploads\/Folder_COPD_Rauchfrei.pdf\">&#8220;Rauchen Sie? Husten Sie? Haben Sie schon von COPD geh\u00f6rt?&#8221;<\/a><\/p>\n<p>Der Hauptverband der Sozialversicherungstr\u00e4ger hat ein<strong> Buch \u00fcber COPD<\/strong> \u201eHusten \u2013 Atemnot \u2013 COPD\u201c herausgegeben.\u00a0Patientinnen und Patienten k\u00f6nnen das Buch <strong>kostenfrei <\/strong>beim Rauchfrei Telefon<strong> bestellen<\/strong> (solange der Vorrat reicht).<\/p>\n<p><img loading=\"lazy\" decoding=\"async\" class=\"alignnone size-large wp-image-7191\" src=\"https:\/\/rauchfrei.at\/wp-content\/uploads\/COPD_Buch-480x329.jpg\" alt=\"Husten - Atemnot - COPD\" width=\"480\" height=\"329\" data-id=\"7191\" srcset=\"https:\/\/rauchfrei.at\/wp-content\/uploads\/COPD_Buch-480x329.jpg 480w, https:\/\/rauchfrei.at\/wp-content\/uploads\/COPD_Buch-225x154.jpg 225w, https:\/\/rauchfrei.at\/wp-content\/uploads\/COPD_Buch.jpg 898w\" sizes=\"(max-width: 480px) 100vw, 480px\" \/><\/p>\n<p>&nbsp;<\/p>\n<p>[\/et_pb_text][\/et_pb_column][et_pb_column type=&#8221;1_3&#8243; _builder_version=&#8221;3.0.47&#8243;][et_pb_sidebar area=&#8221;sidebar-1&#8243; _builder_version=&#8221;3.15&#8243;][\/et_pb_sidebar][\/et_pb_column][\/et_pb_row][\/et_pb_section]<\/p>\n","protected":false},"excerpt":{"rendered":"<p>Husten und Kurzatmigkeit k\u00f6nnen schon erste Anzeichen sein &#8211; Die Lungenerkrankung COPD betrifft viele, dennoch wissen nur wenige, was dahinter steckt. Die aktuelle Ausgabe des Magazins &#8220;Forum Gesundheit&#8221; widmet sich dem Thema COPD und informiert Symptome, Auswirkungen auf den Alltag und Behandlungsm\u00f6glichkeiten. <\/p>\n","protected":false},"author":17,"featured_media":0,"comment_status":"open","ping_status":"open","sticky":false,"template":"","format":"standard","meta":{"_et_pb_use_builder":"on","_et_pb_old_content":"<p>\u00a0<\/p><p>Die chronische obstruktive Lungenkrankheit (COPD) betrifft weltweit etwa 64 Millionen Menschen - vor allem Raucherinnen und Raucher erkranken h\u00e4ufig daran. Die aktuelle Ausgabe des Magazins \"Forum Gesundheit\" informiert \u00fcber Symptome, Auswirkungen auf den Alltag und Behandlungsm\u00f6glichkeiten von COPD.<\/p><p>\u00a0<\/p><p><strong>Artikel<\/strong> im FORUM GESUNDHEIT:<\/p><p><a href=\"http:\/\/www.forumgesundheit.at\/portal27\/forumgesundheitportal\/content?contentid=10007.769980&viewmode=content\">COPD: Vor allem Raucher erkranken h\u00e4ufig<\/a><\/p><p>\u00a0<\/p><p><strong>Weitere Informationen zu COPD:<\/strong><\/p><p>\u00a0<\/p><p>Folder des Rauchfrei Telefons:<\/p><p><a href=\"https:\/\/rauchfrei.at\/wp-content\/uploads\/Folder_COPD_Rauchfrei.pdf\">\"Rauchen Sie? Husten Sie? Haben Sie schon von COPD geh\u00f6rt?\"<\/a><\/p><p>\u00a0<\/p><p>Der Hauptverband der Sozialversicherungstr\u00e4ger hat ein<strong> Buch \u00fcber COPD<\/strong> \u201eHusten \u2013 Atemnot \u2013 COPD\u201c herausgegeben.\u00a0Patientinnen und Patienten k\u00f6nnen das Buch <strong>kostenfrei <\/strong>beim Rauchfrei Telefon<strong> bestellen<\/strong> (solange der Vorrat reicht).<\/p><p>\u00a0<\/p><p>\u00a0<\/p><p><img class=\"alignnone size-large wp-image-7191\" src=\"https:\/\/rauchfrei.at\/wp-content\/uploads\/COPD_Buch-480x329.jpg\" alt=\"Husten - Atemnot - COPD\" width=\"480\" height=\"329\" data-id=\"7191\" \/><\/p><p>\u00a0<\/p><p>\u00a0<\/p><p>\u00a0<\/p><p>\u00a0<\/p>","_et_gb_content_width":"","footnotes":""},"categories":[235,237],"tags":[],"class_list":["post-8561","post","type-post","status-publish","format-standard","hentry","category-gesundheit-und-rauchstopp","category-literatur-und-hintergrundwissen"],"yoast_head":"<!-- This site is optimized with the Yoast SEO plugin v26.2 - https:\/\/yoast.com\/wordpress\/plugins\/seo\/ -->\n<title>Viele betrifft es, aber nur wenige sind \u00fcber die Krankheit informiert - Rauchfrei Telefon<\/title>\n<meta name=\"robots\" content=\"index, follow, max-snippet:-1, max-image-preview:large, max-video-preview:-1\" \/>\n<link rel=\"canonical\" href=\"https:\/\/rauchfrei.at\/viele-betrifft-es-aber-nur-wenige-sind-ueber-die-krankheit-informiert\/\" \/>\n<meta property=\"og:locale\" content=\"en_US\" \/>\n<meta property=\"og:type\" content=\"article\" \/>\n<meta property=\"og:title\" content=\"Viele betrifft es, aber nur wenige sind \u00fcber die Krankheit informiert - Rauchfrei Telefon\" \/>\n<meta property=\"og:description\" content=\"Husten und Kurzatmigkeit k\u00f6nnen schon erste Anzeichen sein - Die Lungenerkrankung COPD betrifft viele, dennoch wissen nur wenige, was dahinter steckt. Die aktuelle Ausgabe des Magazins &quot;Forum Gesundheit&quot; widmet sich dem Thema COPD und informiert Symptome, Auswirkungen auf den Alltag und Behandlungsm\u00f6glichkeiten.\" \/>\n<meta property=\"og:url\" content=\"https:\/\/rauchfrei.at\/viele-betrifft-es-aber-nur-wenige-sind-ueber-die-krankheit-informiert\/\" \/>\n<meta property=\"og:site_name\" content=\"Rauchfrei Telefon\" \/>\n<meta property=\"article:published_time\" content=\"2016-09-12T04:00:32+00:00\" \/>\n<meta property=\"article:modified_time\" content=\"2019-04-26T22:22:46+00:00\" \/>\n<meta property=\"og:image\" content=\"https:\/\/rauchfrei.at\/wp-content\/uploads\/COPD_Buch-480x329.jpg\" \/>\n<meta name=\"author\" content=\"Gastkommentar\" \/>\n<meta name=\"twitter:card\" content=\"summary_large_image\" \/>\n<meta name=\"twitter:label1\" content=\"Written by\" \/>\n\t<meta name=\"twitter:data1\" content=\"Gastkommentar\" \/>\n\t<meta name=\"twitter:label2\" content=\"Est. reading time\" \/>\n\t<meta name=\"twitter:data2\" content=\"1 minute\" \/>\n<script type=\"application\/ld+json\" class=\"yoast-schema-graph\">{\"@context\":\"https:\/\/schema.org\",\"@graph\":[{\"@type\":\"WebPage\",\"@id\":\"https:\/\/rauchfrei.at\/viele-betrifft-es-aber-nur-wenige-sind-ueber-die-krankheit-informiert\/\",\"url\":\"https:\/\/rauchfrei.at\/viele-betrifft-es-aber-nur-wenige-sind-ueber-die-krankheit-informiert\/\",\"name\":\"Viele betrifft es, aber nur wenige sind \u00fcber die Krankheit informiert - Rauchfrei Telefon\",\"isPartOf\":{\"@id\":\"https:\/\/rauchfrei.at\/#website\"},\"primaryImageOfPage\":{\"@id\":\"https:\/\/rauchfrei.at\/viele-betrifft-es-aber-nur-wenige-sind-ueber-die-krankheit-informiert\/#primaryimage\"},\"image\":{\"@id\":\"https:\/\/rauchfrei.at\/viele-betrifft-es-aber-nur-wenige-sind-ueber-die-krankheit-informiert\/#primaryimage\"},\"thumbnailUrl\":\"https:\/\/rauchfrei.at\/wp-content\/uploads\/COPD_Buch-480x329.jpg\",\"datePublished\":\"2016-09-12T04:00:32+00:00\",\"dateModified\":\"2019-04-26T22:22:46+00:00\",\"author\":{\"@id\":\"https:\/\/rauchfrei.at\/#\/schema\/person\/5fc25ba0c5c18c7bb72f39740e4d31da\"},\"inLanguage\":\"en-US\",\"potentialAction\":[{\"@type\":\"ReadAction\",\"target\":[\"https:\/\/rauchfrei.at\/viele-betrifft-es-aber-nur-wenige-sind-ueber-die-krankheit-informiert\/\"]}]},{\"@type\":\"ImageObject\",\"inLanguage\":\"en-US\",\"@id\":\"https:\/\/rauchfrei.at\/viele-betrifft-es-aber-nur-wenige-sind-ueber-die-krankheit-informiert\/#primaryimage\",\"url\":\"https:\/\/rauchfrei.at\/wp-content\/uploads\/COPD_Buch-480x329.jpg\",\"contentUrl\":\"https:\/\/rauchfrei.at\/wp-content\/uploads\/COPD_Buch-480x329.jpg\"},{\"@type\":\"WebSite\",\"@id\":\"https:\/\/rauchfrei.at\/#website\",\"url\":\"https:\/\/rauchfrei.at\/\",\"name\":\"Rauchfrei Telefon\",\"description\":\"Eine \u00f6sterreichweite Initiative der Sozialversicherungen.\",\"potentialAction\":[{\"@type\":\"SearchAction\",\"target\":{\"@type\":\"EntryPoint\",\"urlTemplate\":\"https:\/\/rauchfrei.at\/?s={search_term_string}\"},\"query-input\":{\"@type\":\"PropertyValueSpecification\",\"valueRequired\":true,\"valueName\":\"search_term_string\"}}],\"inLanguage\":\"en-US\"},{\"@type\":\"Person\",\"@id\":\"https:\/\/rauchfrei.at\/#\/schema\/person\/5fc25ba0c5c18c7bb72f39740e4d31da\",\"name\":\"Gastkommentar\",\"image\":{\"@type\":\"ImageObject\",\"inLanguage\":\"en-US\",\"@id\":\"https:\/\/rauchfrei.at\/#\/schema\/person\/image\/\",\"url\":\"https:\/\/secure.gravatar.com\/avatar\/85407d990e69802a3bded43886ed11ed06b45db3bbf254d52dd9f9c82c33dd83?s=96&d=mm&r=g\",\"contentUrl\":\"https:\/\/secure.gravatar.com\/avatar\/85407d990e69802a3bded43886ed11ed06b45db3bbf254d52dd9f9c82c33dd83?s=96&d=mm&r=g\",\"caption\":\"Gastkommentar\"},\"url\":\"https:\/\/rauchfrei.at\/en\/author\/gastkommentar\/\"}]}<\/script>\n<!-- \/ Yoast SEO plugin. -->","yoast_head_json":{"title":"Viele betrifft es, aber nur wenige sind \u00fcber die Krankheit informiert - Rauchfrei Telefon","robots":{"index":"index","follow":"follow","max-snippet":"max-snippet:-1","max-image-preview":"max-image-preview:large","max-video-preview":"max-video-preview:-1"},"canonical":"https:\/\/rauchfrei.at\/viele-betrifft-es-aber-nur-wenige-sind-ueber-die-krankheit-informiert\/","og_locale":"en_US","og_type":"article","og_title":"Viele betrifft es, aber nur wenige sind \u00fcber die Krankheit informiert - Rauchfrei Telefon","og_description":"Husten und Kurzatmigkeit k\u00f6nnen schon erste Anzeichen sein - Die Lungenerkrankung COPD betrifft viele, dennoch wissen nur wenige, was dahinter steckt. Die aktuelle Ausgabe des Magazins \"Forum Gesundheit\" widmet sich dem Thema COPD und informiert Symptome, Auswirkungen auf den Alltag und Behandlungsm\u00f6glichkeiten.","og_url":"https:\/\/rauchfrei.at\/viele-betrifft-es-aber-nur-wenige-sind-ueber-die-krankheit-informiert\/","og_site_name":"Rauchfrei Telefon","article_published_time":"2016-09-12T04:00:32+00:00","article_modified_time":"2019-04-26T22:22:46+00:00","og_image":[{"url":"https:\/\/rauchfrei.at\/wp-content\/uploads\/COPD_Buch-480x329.jpg","type":"","width":"","height":""}],"author":"Gastkommentar","twitter_card":"summary_large_image","twitter_misc":{"Written by":"Gastkommentar","Est. reading time":"1 minute"},"schema":{"@context":"https:\/\/schema.org","@graph":[{"@type":"WebPage","@id":"https:\/\/rauchfrei.at\/viele-betrifft-es-aber-nur-wenige-sind-ueber-die-krankheit-informiert\/","url":"https:\/\/rauchfrei.at\/viele-betrifft-es-aber-nur-wenige-sind-ueber-die-krankheit-informiert\/","name":"Viele betrifft es, aber nur wenige sind \u00fcber die Krankheit informiert - Rauchfrei Telefon","isPartOf":{"@id":"https:\/\/rauchfrei.at\/#website"},"primaryImageOfPage":{"@id":"https:\/\/rauchfrei.at\/viele-betrifft-es-aber-nur-wenige-sind-ueber-die-krankheit-informiert\/#primaryimage"},"image":{"@id":"https:\/\/rauchfrei.at\/viele-betrifft-es-aber-nur-wenige-sind-ueber-die-krankheit-informiert\/#primaryimage"},"thumbnailUrl":"https:\/\/rauchfrei.at\/wp-content\/uploads\/COPD_Buch-480x329.jpg","datePublished":"2016-09-12T04:00:32+00:00","dateModified":"2019-04-26T22:22:46+00:00","author":{"@id":"https:\/\/rauchfrei.at\/#\/schema\/person\/5fc25ba0c5c18c7bb72f39740e4d31da"},"inLanguage":"en-US","potentialAction":[{"@type":"ReadAction","target":["https:\/\/rauchfrei.at\/viele-betrifft-es-aber-nur-wenige-sind-ueber-die-krankheit-informiert\/"]}]},{"@type":"ImageObject","inLanguage":"en-US","@id":"https:\/\/rauchfrei.at\/viele-betrifft-es-aber-nur-wenige-sind-ueber-die-krankheit-informiert\/#primaryimage","url":"https:\/\/rauchfrei.at\/wp-content\/uploads\/COPD_Buch-480x329.jpg","contentUrl":"https:\/\/rauchfrei.at\/wp-content\/uploads\/COPD_Buch-480x329.jpg"},{"@type":"WebSite","@id":"https:\/\/rauchfrei.at\/#website","url":"https:\/\/rauchfrei.at\/","name":"Rauchfrei Telefon","description":"Eine \u00f6sterreichweite Initiative der Sozialversicherungen.","potentialAction":[{"@type":"SearchAction","target":{"@type":"EntryPoint","urlTemplate":"https:\/\/rauchfrei.at\/?s={search_term_string}"},"query-input":{"@type":"PropertyValueSpecification","valueRequired":true,"valueName":"search_term_string"}}],"inLanguage":"en-US"},{"@type":"Person","@id":"https:\/\/rauchfrei.at\/#\/schema\/person\/5fc25ba0c5c18c7bb72f39740e4d31da","name":"Gastkommentar","image":{"@type":"ImageObject","inLanguage":"en-US","@id":"https:\/\/rauchfrei.at\/#\/schema\/person\/image\/","url":"https:\/\/secure.gravatar.com\/avatar\/85407d990e69802a3bded43886ed11ed06b45db3bbf254d52dd9f9c82c33dd83?s=96&d=mm&r=g","contentUrl":"https:\/\/secure.gravatar.com\/avatar\/85407d990e69802a3bded43886ed11ed06b45db3bbf254d52dd9f9c82c33dd83?s=96&d=mm&r=g","caption":"Gastkommentar"},"url":"https:\/\/rauchfrei.at\/en\/author\/gastkommentar\/"}]}},"_links":{"self":[{"href":"https:\/\/rauchfrei.at\/en\/wp-json\/wp\/v2\/posts\/8561","targetHints":{"allow":["GET"]}}],"collection":[{"href":"https:\/\/rauchfrei.at\/en\/wp-json\/wp\/v2\/posts"}],"about":[{"href":"https:\/\/rauchfrei.at\/en\/wp-json\/wp\/v2\/types\/post"}],"author":[{"embeddable":true,"href":"https:\/\/rauchfrei.at\/en\/wp-json\/wp\/v2\/users\/17"}],"replies":[{"embeddable":true,"href":"https:\/\/rauchfrei.at\/en\/wp-json\/wp\/v2\/comments?post=8561"}],"version-history":[{"count":5,"href":"https:\/\/rauchfrei.at\/en\/wp-json\/wp\/v2\/posts\/8561\/revisions"}],"predecessor-version":[{"id":16278,"href":"https:\/\/rauchfrei.at\/en\/wp-json\/wp\/v2\/posts\/8561\/revisions\/16278"}],"wp:attachment":[{"href":"https:\/\/rauchfrei.at\/en\/wp-json\/wp\/v2\/media?parent=8561"}],"wp:term":[{"taxonomy":"category","embeddable":true,"href":"https:\/\/rauchfrei.at\/en\/wp-json\/wp\/v2\/categories?post=8561"},{"taxonomy":"post_tag","embeddable":true,"href":"https:\/\/rauchfrei.at\/en\/wp-json\/wp\/v2\/tags?post=8561"}],"curies":[{"name":"wp","href":"https:\/\/api.w.org\/{rel}","templated":true}]}}