
{"id":8573,"date":"2016-09-02T14:43:39","date_gmt":"2016-09-02T12:43:39","guid":{"rendered":"http:\/\/rauchfrei.at\/?p=8573"},"modified":"2019-05-02T10:54:05","modified_gmt":"2019-05-02T08:54:05","slug":"presse-echo-der-woche","status":"publish","type":"post","link":"https:\/\/rauchfrei.at\/en\/presse-echo-der-woche\/","title":{"rendered":"Presse-Echo der Woche"},"content":{"rendered":"<p>[et_pb_section fb_built=&#8221;1&#8243; module_class=&#8221;header&#8221; _builder_version=&#8221;3.0.99&#8243;][et_pb_row _builder_version=&#8221;3.0.99&#8243;][et_pb_column type=&#8221;4_4&#8243; _builder_version=&#8221;3.0.47&#8243;][et_pb_dp_dmb_module_10001 _builder_version=&#8221;3.21.1&#8243; z_index_tablet=&#8221;500&#8243;][\/et_pb_dp_dmb_module_10001][\/et_pb_column][\/et_pb_row][\/et_pb_section][et_pb_section fb_built=&#8221;1&#8243; _builder_version=&#8221;3.0.47&#8243;][et_pb_row _builder_version=&#8221;3.0.48&#8243; background_size=&#8221;initial&#8221; background_position=&#8221;top_left&#8221; background_repeat=&#8221;repeat&#8221;][et_pb_column type=&#8221;2_3&#8243; _builder_version=&#8221;3.0.47&#8243;][et_pb_text _builder_version=&#8221;3.21.1&#8243; z_index_tablet=&#8221;500&#8243;]<\/p>\n<p>Diese Woche war das Rauchfrei Telefon in der Presse sehr pr\u00e4sent. Einige Berichte haben wir hier zum Nachschauen, Nachh\u00f6ren oder Nachlesen bereit gestellt.<\/p>\n<h3>Fernsehbeitr\u00e4ge:<\/h3>\n<ul>\n<li><a href=\"http:\/\/tvthek.orf.at\/program\/heute-mittag\/4660089\/heute-mittag\/13584411\">ORF Heute mittag vom 30.8.2016 um 13.15 Uhr<\/a><\/li>\n<li><\/li>\n<li><a href=\"http:\/\/tvthek.orf.at\/program\/heute-mittag\/4660089\/heute-mittag\/13584411\/Rauchfrei-Hotline-gibt-Rat\/13584772\">Rauchfrei-Hotline gibt Rat<\/a><\/li>\n<li><\/li>\n<li><a href=\"http:\/\/tvthek.orf.at\/program\/heute-mittag\/4660089\/heute-mittag\/13584411\/GKK-Arzt-zum-Rauchfrei-Telefon\/13584773\">GKK-Arzt zum Rauchfrei Telefon<\/a><\/li>\n<li><\/li>\n<li><\/li>\n<li><\/li>\n<li><a href=\"http:\/\/www.servustv.com\/at\/Medien\/Servus-am-Morgen580\">ServusTV &#8220;Servus am Morgen&#8221; vom 31.8.2016<\/a>\u00a0<br \/>(Beitrag \u00fcber das Rauchfrei Telefon von Minute 0:40 bis 5:20)<\/li>\n<\/ul>\n<h3>Radiobeitr\u00e4ge (Audiofiles zum Nachh\u00f6ren):<span style=\"font-size: 15px;\">\u00a0<\/span><\/h3>\n<ul>\n<li><a href=\"http:\/\/oe1.orf.at\/\" target=\"_blank\" rel=\"noopener noreferrer\">\u00d61<\/a>\u00a0vom 29.8.2016<\/li>\n<li><\/li>\n<li><a href=\"http:\/\/oe3.orf.at\/\" target=\"_blank\" rel=\"noopener noreferrer\">\u00d63 Fr\u00fchjournal<\/a>\u00a0vom 29.8.2016<\/li>\n<li><\/li>\n<li><a href=\"http:\/\/noe.orf.at\/radio\/\" target=\"_blank\" rel=\"noopener noreferrer\">Radio Nieder\u00f6sterreich<\/a>\u00a0vom 30.8.2016<\/li>\n<\/ul>\n<p>&nbsp;<\/p>\n<h3>Zeitungen:<\/h3>\n<ul>\n<li><a href=\"http:\/\/www.ots.at\/presseaussendung\/OTS_20160829_OTS0093\/grosser-ansturm-auf-oesterreichweites-rauchfrei-telefon-der-noegkk\">APA-Pressemeldung<\/a> vom 29.8.2008: &#8220;Gro\u00dfer Ansturm auf \u00f6sterreichweites Rauchfrei Telefon der N\u00d6GKK&#8221;<\/li>\n<li><\/li>\n<li><a href=\"http:\/\/derstandard.at\/2000043525401\/Rauchfrei-via-Telefon-Im-Juli-mehr-Anrufer-als-im-gesamten\">derStandard<\/a> (online) vom 29.8.2016: &#8220;Rauchfrei via Telefon: Im Juli mehr Anrufer als im gesamten Vorjahr&#8221;<\/li>\n<li><\/li>\n<li><a href=\"https:\/\/rauchfrei.at\/wp-content\/uploads\/KRONE_20160830_SEITE_16_OOEMorgen.pdf\">KronenZeitung<\/a>\u00a0vom 30.8.2016: &#8220;Wirken Schockbilder auf Raucher?&#8221;<\/li>\n<li><\/li>\n<li><a href=\"http:\/\/diepresse.com\/home\/panorama\/oesterreich\/5076884\/Rauchfrei-Telefon-hatte-im-Juli-mehr-Anrufer-als-im-gesamten-Vorjahr?from=suche.intern.portal\">DiePresse<\/a>\u00a0vom 29.8.2016: &#8220;Rauchfrei Telefon hatte im Juli mehr Anrufer als im gesamten Vorjahr&#8221;<\/li>\n<li><\/li>\n<li><a href=\"http:\/\/www.nachrichten.at\/nachrichten\/chronik\/Rauchen-Schock-Bilder-zeigen-Wirkung;art58,2328751\">O\u00d6Nachrichten<\/a>\u00a0vom 29.8.2016: &#8220;Rauchen: Schock-Bilder zeigen Wirkung&#8221;<\/li>\n<\/ul>\n<p>[\/et_pb_text][\/et_pb_column][et_pb_column type=&#8221;1_3&#8243; _builder_version=&#8221;3.0.47&#8243;][et_pb_sidebar area=&#8221;sidebar-1&#8243; _builder_version=&#8221;3.15&#8243;][\/et_pb_sidebar][\/et_pb_column][\/et_pb_row][\/et_pb_section]<\/p>\n","protected":false},"excerpt":{"rendered":"<p>Ansturm am Rauchfrei Telefon: Im Juli 2016 wurden bereits mehr Anrufe verzeichnet als im gesamten Jahr 2015. Davon hat auch die Presse Wind bekommen. Diese Woche war das Rauchfrei Telefon das Top Thema in Fernsehen, Radio und Printmedien. Wir haben einige Beitr\u00e4ge hier f\u00fcr Sie bereit gestellt.<\/p>\n","protected":false},"author":16,"featured_media":0,"comment_status":"open","ping_status":"open","sticky":false,"template":"","format":"standard","meta":{"_et_pb_use_builder":"on","_et_pb_old_content":"<p>\u00a0<\/p><p>Diese Woche war das Rauchfrei Telefon in der Presse sehr pr\u00e4sent. Einige Berichte haben wir hier zum Nachschauen, Nachh\u00f6ren oder Nachlesen bereit gestellt.<\/p><p>\u00a0<\/p><p><strong>Fernsehbeitr\u00e4ge:<\/strong><\/p><p>\u00a0<\/p><p><a href=\"http:\/\/tvthek.orf.at\/program\/heute-mittag\/4660089\/heute-mittag\/13584411\">ORF Heute mittag vom 30.8.2016 um 13.15 Uhr<\/a><\/p><p><a href=\"http:\/\/tvthek.orf.at\/program\/heute-mittag\/4660089\/heute-mittag\/13584411\/Rauchfrei-Hotline-gibt-Rat\/13584772\"><span style=\"color: #000000; font-family: Calibri;\">Rauchfrei-Hotline gibt Rat<\/span><\/a><\/p><p><a href=\"http:\/\/tvthek.orf.at\/program\/heute-mittag\/4660089\/heute-mittag\/13584411\/GKK-Arzt-zum-Rauchfrei-Telefon\/13584773\"><span style=\"color: #000000; font-family: Calibri;\">GKK-Arzt zum Rauchfrei Telefon<\/span><\/a><\/p><p><span style=\"color: #000000; font-family: Calibri;\">\u00a0<\/span><\/p><p><a href=\"http:\/\/www.servustv.com\/at\/Medien\/Servus-am-Morgen580\">ServusTV \"Servus am Morgen\" vom 31.8.2016<\/a><\/p><p>(Beitrag \u00fcber das Rauchfrei Telefon von Minute 0:40 bis 5:20)<\/p><p>\u00a0<\/p><p><strong>Radiobeitr\u00e4ge<\/strong> (Audiofiles zum Nachh\u00f6ren):<\/p><p>\u00a0<\/p><p><a href=\"http:\/\/oe1.orf.at\/\" target=\"_blank\" rel=\"noopener\">\u00d61<\/a>\u00a0vom 29.8.2016<\/p><p>\u00a0<\/p><p><a href=\"http:\/\/oe3.orf.at\/\" target=\"_blank\" rel=\"noopener\">\u00d63 Fr\u00fchjournal<\/a>\u00a0vom 29.8.2016<\/p><p>\u00a0<\/p><p><a href=\"http:\/\/noe.orf.at\/radio\/\" target=\"_blank\" rel=\"noopener\">Radio Nieder\u00f6sterreich<\/a>\u00a0vom 30.8.2016<\/p><p><span style=\"color: #000000; font-family: Calibri;\">\u00a0<\/span><\/p><p><strong>Zeitungen:<\/strong><\/p><p>\u00a0<\/p><p><a href=\"http:\/\/www.ots.at\/presseaussendung\/OTS_20160829_OTS0093\/grosser-ansturm-auf-oesterreichweites-rauchfrei-telefon-der-noegkk\">APA-Pressemeldung<\/a> vom 29.8.2008: \"Gro\u00dfer Ansturm auf \u00f6sterreichweites Rauchfrei Telefon der N\u00d6GKK\"<\/p><p>\u00a0<\/p><p><a href=\"http:\/\/derstandard.at\/2000043525401\/Rauchfrei-via-Telefon-Im-Juli-mehr-Anrufer-als-im-gesamten\">derStandard<\/a> (online) vom 29.8.2016: \"Rauchfrei via Telefon: Im Juli mehr Anrufer als im gesamten Vorjahr\"<\/p><p>\u00a0<\/p><p><a href=\"https:\/\/rauchfrei.at\/wp-content\/uploads\/KRONE_20160830_SEITE_16_OOEMorgen.pdf\">KronenZeitung<\/a>\u00a0vom 30.8.2016: \"Wirken Schockbilder auf Raucher?\"<\/p><p>\u00a0<\/p><p><a href=\"http:\/\/diepresse.com\/home\/panorama\/oesterreich\/5076884\/Rauchfrei-Telefon-hatte-im-Juli-mehr-Anrufer-als-im-gesamten-Vorjahr?from=suche.intern.portal\">DiePresse<\/a>\u00a0vom 29.8.2016: \"Rauchfrei Telefon hatte im Juli mehr Anrufer als im gesamten Vorjahr\"<\/p><p>\u00a0<\/p><p><a href=\"http:\/\/www.nachrichten.at\/nachrichten\/chronik\/Rauchen-Schock-Bilder-zeigen-Wirkung;art58,2328751\">O\u00d6Nachrichten<\/a>\u00a0vom 29.8.2016: \"Rauchen: Schock-Bilder zeigen Wirkung\"<\/p><p>\u00a0<\/p>[caption id=\"attachment_7599\" align=\"aligncenter\" width=\"480\"]<img class=\"size-large wp-image-7599\" src=\"https:\/\/rauchfrei.at\/wp-content\/uploads\/Zeichenpostits_linkposting_Rauchfreitelefon-480x252.jpg\" alt=\"\u00a9 www.yolo.at\" width=\"480\" height=\"252\" data-id=\"7599\" \/> \u00a9 www.yolo.at[\/caption]<p>\u00a0<\/p><p>\u00a0<\/p><p>\u00a0<\/p>","_et_gb_content_width":"","footnotes":""},"categories":[237,232,236,233],"tags":[],"class_list":["post-8573","post","type-post","status-publish","format-standard","hentry","category-literatur-und-hintergrundwissen","category-nachrichten-vom-rauchfrei-telefon","category-nicht-kategorisiert","category-unterstuetzung-beim-rauchstopp"],"yoast_head":"<!-- This site is optimized with the Yoast SEO plugin v26.2 - https:\/\/yoast.com\/wordpress\/plugins\/seo\/ -->\n<title>Presse-Echo der Woche - Rauchfrei Telefon<\/title>\n<meta name=\"robots\" content=\"index, follow, max-snippet:-1, max-image-preview:large, max-video-preview:-1\" \/>\n<link rel=\"canonical\" href=\"https:\/\/rauchfrei.at\/presse-echo-der-woche\/\" \/>\n<meta property=\"og:locale\" content=\"en_US\" \/>\n<meta property=\"og:type\" content=\"article\" \/>\n<meta property=\"og:title\" content=\"Presse-Echo der Woche - Rauchfrei Telefon\" \/>\n<meta property=\"og:description\" content=\"Ansturm am Rauchfrei Telefon: Im Juli 2016 wurden bereits mehr Anrufe verzeichnet als im gesamten Jahr 2015. Davon hat auch die Presse Wind bekommen. Diese Woche war das Rauchfrei Telefon das Top Thema in Fernsehen, Radio und Printmedien. Wir haben einige Beitr\u00e4ge hier f\u00fcr Sie bereit gestellt.\" \/>\n<meta property=\"og:url\" content=\"https:\/\/rauchfrei.at\/presse-echo-der-woche\/\" \/>\n<meta property=\"og:site_name\" content=\"Rauchfrei Telefon\" \/>\n<meta property=\"article:published_time\" content=\"2016-09-02T12:43:39+00:00\" \/>\n<meta property=\"article:modified_time\" content=\"2019-05-02T08:54:05+00:00\" \/>\n<meta name=\"author\" content=\"Melanie Stulik\" \/>\n<meta name=\"twitter:card\" content=\"summary_large_image\" \/>\n<meta name=\"twitter:label1\" content=\"Written by\" \/>\n\t<meta name=\"twitter:data1\" content=\"Melanie Stulik\" \/>\n\t<meta name=\"twitter:label2\" content=\"Est. reading time\" \/>\n\t<meta name=\"twitter:data2\" content=\"1 minute\" \/>\n<script type=\"application\/ld+json\" class=\"yoast-schema-graph\">{\"@context\":\"https:\/\/schema.org\",\"@graph\":[{\"@type\":\"WebPage\",\"@id\":\"https:\/\/rauchfrei.at\/presse-echo-der-woche\/\",\"url\":\"https:\/\/rauchfrei.at\/presse-echo-der-woche\/\",\"name\":\"Presse-Echo der Woche - Rauchfrei Telefon\",\"isPartOf\":{\"@id\":\"https:\/\/rauchfrei.at\/#website\"},\"datePublished\":\"2016-09-02T12:43:39+00:00\",\"dateModified\":\"2019-05-02T08:54:05+00:00\",\"author\":{\"@id\":\"https:\/\/rauchfrei.at\/#\/schema\/person\/91493cc00c3601c46943b77e7ebc0075\"},\"inLanguage\":\"en-US\",\"potentialAction\":[{\"@type\":\"ReadAction\",\"target\":[\"https:\/\/rauchfrei.at\/presse-echo-der-woche\/\"]}]},{\"@type\":\"WebSite\",\"@id\":\"https:\/\/rauchfrei.at\/#website\",\"url\":\"https:\/\/rauchfrei.at\/\",\"name\":\"Rauchfrei Telefon\",\"description\":\"Eine \u00f6sterreichweite Initiative der Sozialversicherungen.\",\"potentialAction\":[{\"@type\":\"SearchAction\",\"target\":{\"@type\":\"EntryPoint\",\"urlTemplate\":\"https:\/\/rauchfrei.at\/?s={search_term_string}\"},\"query-input\":{\"@type\":\"PropertyValueSpecification\",\"valueRequired\":true,\"valueName\":\"search_term_string\"}}],\"inLanguage\":\"en-US\"},{\"@type\":\"Person\",\"@id\":\"https:\/\/rauchfrei.at\/#\/schema\/person\/91493cc00c3601c46943b77e7ebc0075\",\"name\":\"Melanie Stulik\",\"image\":{\"@type\":\"ImageObject\",\"inLanguage\":\"en-US\",\"@id\":\"https:\/\/rauchfrei.at\/#\/schema\/person\/image\/\",\"url\":\"https:\/\/secure.gravatar.com\/avatar\/5ac3b6bb2b037bda3c21df97a4ee7e763aa9f84d8ffc3f86db3731b4c62ffb71?s=96&d=mm&r=g\",\"contentUrl\":\"https:\/\/secure.gravatar.com\/avatar\/5ac3b6bb2b037bda3c21df97a4ee7e763aa9f84d8ffc3f86db3731b4c62ffb71?s=96&d=mm&r=g\",\"caption\":\"Melanie Stulik\"},\"url\":\"https:\/\/rauchfrei.at\/en\/author\/melanie-stulik\/\"}]}<\/script>\n<!-- \/ Yoast SEO plugin. -->","yoast_head_json":{"title":"Presse-Echo der Woche - Rauchfrei Telefon","robots":{"index":"index","follow":"follow","max-snippet":"max-snippet:-1","max-image-preview":"max-image-preview:large","max-video-preview":"max-video-preview:-1"},"canonical":"https:\/\/rauchfrei.at\/presse-echo-der-woche\/","og_locale":"en_US","og_type":"article","og_title":"Presse-Echo der Woche - Rauchfrei Telefon","og_description":"Ansturm am Rauchfrei Telefon: Im Juli 2016 wurden bereits mehr Anrufe verzeichnet als im gesamten Jahr 2015. Davon hat auch die Presse Wind bekommen. Diese Woche war das Rauchfrei Telefon das Top Thema in Fernsehen, Radio und Printmedien. Wir haben einige Beitr\u00e4ge hier f\u00fcr Sie bereit gestellt.","og_url":"https:\/\/rauchfrei.at\/presse-echo-der-woche\/","og_site_name":"Rauchfrei Telefon","article_published_time":"2016-09-02T12:43:39+00:00","article_modified_time":"2019-05-02T08:54:05+00:00","author":"Melanie Stulik","twitter_card":"summary_large_image","twitter_misc":{"Written by":"Melanie Stulik","Est. reading time":"1 minute"},"schema":{"@context":"https:\/\/schema.org","@graph":[{"@type":"WebPage","@id":"https:\/\/rauchfrei.at\/presse-echo-der-woche\/","url":"https:\/\/rauchfrei.at\/presse-echo-der-woche\/","name":"Presse-Echo der Woche - Rauchfrei Telefon","isPartOf":{"@id":"https:\/\/rauchfrei.at\/#website"},"datePublished":"2016-09-02T12:43:39+00:00","dateModified":"2019-05-02T08:54:05+00:00","author":{"@id":"https:\/\/rauchfrei.at\/#\/schema\/person\/91493cc00c3601c46943b77e7ebc0075"},"inLanguage":"en-US","potentialAction":[{"@type":"ReadAction","target":["https:\/\/rauchfrei.at\/presse-echo-der-woche\/"]}]},{"@type":"WebSite","@id":"https:\/\/rauchfrei.at\/#website","url":"https:\/\/rauchfrei.at\/","name":"Rauchfrei Telefon","description":"Eine \u00f6sterreichweite Initiative der Sozialversicherungen.","potentialAction":[{"@type":"SearchAction","target":{"@type":"EntryPoint","urlTemplate":"https:\/\/rauchfrei.at\/?s={search_term_string}"},"query-input":{"@type":"PropertyValueSpecification","valueRequired":true,"valueName":"search_term_string"}}],"inLanguage":"en-US"},{"@type":"Person","@id":"https:\/\/rauchfrei.at\/#\/schema\/person\/91493cc00c3601c46943b77e7ebc0075","name":"Melanie Stulik","image":{"@type":"ImageObject","inLanguage":"en-US","@id":"https:\/\/rauchfrei.at\/#\/schema\/person\/image\/","url":"https:\/\/secure.gravatar.com\/avatar\/5ac3b6bb2b037bda3c21df97a4ee7e763aa9f84d8ffc3f86db3731b4c62ffb71?s=96&d=mm&r=g","contentUrl":"https:\/\/secure.gravatar.com\/avatar\/5ac3b6bb2b037bda3c21df97a4ee7e763aa9f84d8ffc3f86db3731b4c62ffb71?s=96&d=mm&r=g","caption":"Melanie Stulik"},"url":"https:\/\/rauchfrei.at\/en\/author\/melanie-stulik\/"}]}},"_links":{"self":[{"href":"https:\/\/rauchfrei.at\/en\/wp-json\/wp\/v2\/posts\/8573","targetHints":{"allow":["GET"]}}],"collection":[{"href":"https:\/\/rauchfrei.at\/en\/wp-json\/wp\/v2\/posts"}],"about":[{"href":"https:\/\/rauchfrei.at\/en\/wp-json\/wp\/v2\/types\/post"}],"author":[{"embeddable":true,"href":"https:\/\/rauchfrei.at\/en\/wp-json\/wp\/v2\/users\/16"}],"replies":[{"embeddable":true,"href":"https:\/\/rauchfrei.at\/en\/wp-json\/wp\/v2\/comments?post=8573"}],"version-history":[{"count":5,"href":"https:\/\/rauchfrei.at\/en\/wp-json\/wp\/v2\/posts\/8573\/revisions"}],"predecessor-version":[{"id":16295,"href":"https:\/\/rauchfrei.at\/en\/wp-json\/wp\/v2\/posts\/8573\/revisions\/16295"}],"wp:attachment":[{"href":"https:\/\/rauchfrei.at\/en\/wp-json\/wp\/v2\/media?parent=8573"}],"wp:term":[{"taxonomy":"category","embeddable":true,"href":"https:\/\/rauchfrei.at\/en\/wp-json\/wp\/v2\/categories?post=8573"},{"taxonomy":"post_tag","embeddable":true,"href":"https:\/\/rauchfrei.at\/en\/wp-json\/wp\/v2\/tags?post=8573"}],"curies":[{"name":"wp","href":"https:\/\/api.w.org\/{rel}","templated":true}]}}