
{"id":8634,"date":"2016-10-24T11:27:11","date_gmt":"2016-10-24T09:27:11","guid":{"rendered":"http:\/\/rauchfrei.at\/?p=8634"},"modified":"2019-04-27T00:11:01","modified_gmt":"2019-04-26T22:11:01","slug":"erfolgsgeschichten-der-persoenliche-weg-in-die-rauchfreiheit","status":"publish","type":"post","link":"https:\/\/rauchfrei.at\/en\/erfolgsgeschichten-der-persoenliche-weg-in-die-rauchfreiheit\/","title":{"rendered":"Erfolgsgeschichten: Der pers\u00f6nliche Weg in die Rauchfreiheit"},"content":{"rendered":"<p>[et_pb_section fb_built=&#8221;1&#8243; module_class=&#8221;header&#8221; _builder_version=&#8221;3.0.99&#8243;][et_pb_row _builder_version=&#8221;3.0.99&#8243;][et_pb_column type=&#8221;4_4&#8243; _builder_version=&#8221;3.0.47&#8243;][et_pb_dp_dmb_module_10001 _builder_version=&#8221;3.21.1&#8243;][\/et_pb_dp_dmb_module_10001][\/et_pb_column][\/et_pb_row][\/et_pb_section][et_pb_section fb_built=&#8221;1&#8243; _builder_version=&#8221;3.0.47&#8243;][et_pb_row _builder_version=&#8221;3.0.48&#8243; background_size=&#8221;initial&#8221; background_position=&#8221;top_left&#8221; background_repeat=&#8221;repeat&#8221;][et_pb_column type=&#8221;2_3&#8243; _builder_version=&#8221;3.0.47&#8243;][et_pb_text _builder_version=&#8221;3.0.74&#8243; background_size=&#8221;initial&#8221; background_position=&#8221;top_left&#8221; background_repeat=&#8221;repeat&#8221;]<\/p>\n<p><span style=\"font-size: 15px;\">Hier berichten Exraucherinnen und Exraucher \u00fcber ihre pers\u00f6nlichen Erfahrungen beim Rauchstopp und ihr rauchfreies Leben danach.<\/span><\/p>\n<p>Vielleicht ist auch f\u00fcr Sie\u00a0eine Anregung\u00a0dabei!<\/p>\n<p><strong>Marianne,\u00a064 Jahre<\/strong><\/p>\n<p>Raucherkarriere: 30 Jahre, 20 Zigaretten\/Tag<\/p>\n<p><strong>Pers\u00f6nliche Motive f\u00fcr Ihren Rauchstopp:<\/strong><\/p>\n<p>Durch meine Erkrankung (Bauchfellentz\u00fcndung und Chronische Bronchitis) war f\u00fcr mich klar, dass ein Rauchstopp f\u00fcr mich sehr wichtig ist. Schon davor hatte ich einige Lungenentz\u00fcndungen und habe deshalb oft versucht, mit dem Rauchen aufzuh\u00f6ren. Vor einigen Jahren habe ich es schlie\u00dflich geschafft und seitdem keine Zigarette mehr anger\u00fchrt!<\/p>\n<p><strong>Was war schwierig beim Rauchstopp? Worauf haben Sie besonders Acht gegeben?<\/strong><\/p>\n<p>Anfangs war es schwer, die alte Gewohnheit aufzugeben. Die eigentliche Pr\u00fcfung kam aber erst bei seelischen Belastungen. Bei Sorgen habe ich fr\u00fcher n\u00e4mlich immer zur Zigarette gegriffen. In diesen Situationen habe ich mich dann gefragt: \u201eWarum brauche ich jetzt eine Zigarette? Die Sorgen werden dadurch nicht weniger!\u201c So habe ich mit starkem Willen weiter durchgehalten.<\/p>\n<p><strong>Wodurch haben Sie beim Rauchstopp Unterst\u00fctzung erhalten?<\/strong><\/p>\n<p>Eine Psychologin hat mir geholfen, mit meiner Krankheit und der damit verbundenen psychischen Belastung zurecht zu kommen. Sie war es auch, die mich beim Rauchstopp unterst\u00fctzt hat.<\/p>\n<p><strong>Wie hat Ihr Umfeld reagiert?<\/strong><\/p>\n<p>Nicht nur ich, sondern auch meine Leute waren sehr stolz und zufrieden. Besonders mein Mann, der Nichtraucher ist, freut sich mit mir.<\/p>\n<p><strong>Welche Vorteile haben Sie durch Ihren Rauchstopp gewonnen?<\/strong><\/p>\n<p>Ich habe etwas f\u00fcr meine Gesundheit und meinen Geldbeutel getan. Auch den Gestank erspare ich mir.<\/p>\n<p><strong>W\u00fcrden Sie anderen den Rauchstopp empfehlen?<\/strong><\/p>\n<p>Wenn ich nur an die ganzen Nachteile des Rauchens (z.B. was die Lunge mitmacht) denke, bedaure ich jeden Raucher! Man findet immer Ausreden, warum man nicht aufh\u00f6ren kann, aber man muss sich auch die Vorteile der Rauchfreiheit durch den Kopf gehen lassen.<\/p>\n<p><strong>R\u00fcckblickende Beurteilung:<\/strong><\/p>\n<p>Heute bin ich gl\u00fcckliche Nichtraucherin und dankbar, dass ich es geschafft habe.<\/p>\n<p><strong>Welchen Tipp w\u00fcrden Sie aufh\u00f6rwilligen RaucherInnen mit auf den Weg geben?<\/strong><\/p>\n<blockquote>\n<p>Aufh\u00f6ren, bevor es zu sp\u00e4t ist!<\/p>\n<\/blockquote>\n<p><strong>David, 36 Jahre\u00a0<\/strong><\/p>\n<p>Ich habe mehr als 10 Jahre 25 Zigaretten t\u00e4glich geraucht. 2007 habe ich mein langgehegtes Vorhaben gemeinsam mit meiner Lebensgef\u00e4hrtin umgesetzt und die Zigaretten f\u00fcr immer weggelegt! Neben dem lieben Geld waren v. a. die Gesundheit und der Kinderwunsch\u00a0ausschlaggebende Gr\u00fcnde f\u00fcr mich, mit dem Rauchen aufzuh\u00f6ren.<\/p>\n<p>Die Langeweile war nach dem Rauchstopp ein gro\u00dfes Thema f\u00fcr mich, doch mein Freundeskreis hat mich sehr unterst\u00fctzt. Meine Lebensgef\u00e4hrtin hat mir in der Zeit besonders geholfen, dem Gusto zu widerstehen.<\/p>\n<p>Die Reaktionen meines Umfelds waren unterschiedlich. Viele haben es nicht geglaubt, dass ich wirklich aufgeh\u00f6rt habe. Aber ich habe auch viel Lob erhalten!<\/p>\n<p><strong>R\u00fcckblickend muss ich sagen:<\/strong><\/p>\n<p>Es war schwer und\u00a0anfangs ein richtiger\u00a0Kampf, aber ich bin stolz mittlerweile\u00a0auf fast 10 rauchfreie Jahre zur\u00fcckblicken zu k\u00f6nnen. Umso mehr genie\u00dfe ich jetzt die gewonnene Zeit mit\u00a0meinen Kindern\u00a0und das ersparte Geld.<\/p>\n<p>Mein Tipp f\u00fcr \u201eLeidensgenossen\u201c: Atem\u00fcbungen helfen!<\/p>\n<p>Schreiben Sie uns Ihre Tipps f\u00fcr den Rauchstopp oder senden Sie uns Ihren pers\u00f6nlichen Erfahrungsbericht per <a href=\"mailto:info@rauchfrei.at\">E-Mail<\/a>.\u00a0Sie\u00a0unterst\u00fctzen damit andere auf dem Weg in die Rauchfreiheit!<\/p>\n<p>Wir w\u00fcnschen allen viel Erfolg, die gerade versuchen, das Rauchen zu beenden!<\/p>\n<p><strong>Weitere Erfolgsgeschichten:<\/strong><\/p>\n<p><a href=\"https:\/\/rauchfrei.at\/beratung\/erfahrungsberichte\/\">Erfahrungsberichte<\/a><\/p>\n<p><a href=\"https:\/\/rauchfrei.at\/sie-war-perfekt-feedback-eines-anrufers\/\">Feedback eines Anrufers<\/a><\/p>\n<p>[\/et_pb_text][\/et_pb_column][et_pb_column type=&#8221;1_3&#8243; _builder_version=&#8221;3.0.47&#8243;][et_pb_sidebar area=&#8221;sidebar-1&#8243; _builder_version=&#8221;3.15&#8243;][\/et_pb_sidebar][\/et_pb_column][\/et_pb_row][\/et_pb_section]<\/p>\n","protected":false},"excerpt":{"rendered":"<p>Jeder Mensch hat eigene Strategien, mit dem Rauchen aufzuh\u00f6ren. Profitieren Sie von den pers\u00f6nlichen Erfahrungen und Tipps ehemaliger Raucher\/innen. Lesen Sie jetzt die Erfolgsgeschichten unserer Leser\/innen.<\/p>\n","protected":false},"author":16,"featured_media":0,"comment_status":"open","ping_status":"open","sticky":false,"template":"","format":"standard","meta":{"_et_pb_use_builder":"on","_et_pb_old_content":"<p>\u00a0<\/p><p>Hier berichten Exraucherinnen und Exraucher \u00fcber ihre pers\u00f6nlichen Erfahrungen beim Rauchstopp und ihr rauchfreies Leben danach.<\/p><p>Vielleicht ist auch f\u00fcr Sie\u00a0eine Anregung\u00a0dabei!<\/p><p>\u00a0<\/p><p><strong>Marianne,\u00a064 Jahre<\/strong><\/p><p>Raucherkarriere: 30 Jahre, 20 Zigaretten\/Tag<\/p><p>\u00a0<\/p><p><strong>Pers\u00f6nliche Motive f\u00fcr Ihren Rauchstopp:<\/strong><\/p><p>Durch meine Erkrankung (Bauchfellentz\u00fcndung und Chronische Bronchitis) war f\u00fcr mich klar, dass ein Rauchstopp f\u00fcr mich sehr wichtig ist. Schon davor hatte ich einige Lungenentz\u00fcndungen und habe deshalb oft versucht, mit dem Rauchen aufzuh\u00f6ren. Vor einigen Jahren habe ich es schlie\u00dflich geschafft und seitdem keine Zigarette mehr anger\u00fchrt!<\/p><p>\u00a0<\/p><p><strong>Was war schwierig beim Rauchstopp? Worauf haben Sie besonders Acht gegeben?<\/strong><\/p><p>Anfangs war es schwer, die alte Gewohnheit aufzugeben. Die eigentliche Pr\u00fcfung kam aber erst bei seelischen Belastungen. Bei Sorgen habe ich fr\u00fcher n\u00e4mlich immer zur Zigarette gegriffen. In diesen Situationen habe ich mich dann gefragt: \u201eWarum brauche ich jetzt eine Zigarette? Die Sorgen werden dadurch nicht weniger!\u201c So habe ich mit starkem Willen weiter durchgehalten.<\/p><p><strong>\u00a0<\/strong><\/p><p><strong>Wodurch haben Sie beim Rauchstopp Unterst\u00fctzung erhalten?<\/strong><\/p><p>Eine Psychologin hat mir geholfen, mit meiner Krankheit und der damit verbundenen psychischen Belastung zurecht zu kommen. Sie war es auch, die mich beim Rauchstopp unterst\u00fctzt hat.<\/p><p><strong>\u00a0<\/strong><\/p><p><strong>Wie hat Ihr Umfeld reagiert?<\/strong><\/p><p>Nicht nur ich, sondern auch meine Leute waren sehr stolz und zufrieden. Besonders mein Mann, der Nichtraucher ist, freut sich mit mir.<\/p><p><strong>\u00a0<\/strong><\/p><p><strong>Welche Vorteile haben Sie durch Ihren Rauchstopp gewonnen?<\/strong><\/p><p>Ich habe etwas f\u00fcr meine Gesundheit und meinen Geldbeutel getan. Auch den Gestank erspare ich mir.<\/p><p><strong>\u00a0<\/strong><\/p><p><strong>W\u00fcrden Sie anderen den Rauchstopp empfehlen?<\/strong><\/p><p>Wenn ich nur an die ganzen Nachteile des Rauchens (z.B. was die Lunge mitmacht) denke, bedaure ich jeden Raucher! Man findet immer Ausreden, warum man nicht aufh\u00f6ren kann, aber man muss sich auch die Vorteile der Rauchfreiheit durch den Kopf gehen lassen.<\/p><p><strong>\u00a0<\/strong><\/p><p><strong>R\u00fcckblickende Beurteilung:<\/strong><\/p><p>Heute bin ich gl\u00fcckliche Nichtraucherin und dankbar, dass ich es geschafft habe.<\/p><p><strong>\u00a0<\/strong><\/p><p><strong>Welchen Tipp w\u00fcrden Sie aufh\u00f6rwilligen RaucherInnen mit auf den Weg geben?<\/strong><\/p><p>\u00a0<\/p><table><tbody><tr><td width=\"251\">Aufh\u00f6ren, bevor es zu sp\u00e4t ist!<\/td><\/tr><\/tbody><\/table><p>\u00a0<\/p><p><strong>David, 36 Jahre\u00a0<\/strong><\/p><p>Ich habe mehr als 10 Jahre 25 Zigaretten t\u00e4glich geraucht. 2007 habe ich mein langgehegtes Vorhaben gemeinsam mit meiner Lebensgef\u00e4hrtin umgesetzt und die Zigaretten f\u00fcr immer weggelegt! Neben dem lieben Geld waren v. a. die Gesundheit und der Kinderwunsch\u00a0ausschlaggebende Gr\u00fcnde f\u00fcr mich, mit dem Rauchen aufzuh\u00f6ren.<\/p><p>\u00a0<\/p><p>Die Langeweile war nach dem Rauchstopp ein gro\u00dfes Thema f\u00fcr mich, doch mein Freundeskreis hat mich sehr unterst\u00fctzt. Meine Lebensgef\u00e4hrtin hat mir in der Zeit besonders geholfen, dem Gusto zu widerstehen.<\/p><p>\u00a0<\/p><p>Die Reaktionen meines Umfelds waren unterschiedlich. Viele haben es nicht geglaubt, dass ich wirklich aufgeh\u00f6rt habe. Aber ich habe auch viel Lob erhalten!<\/p><p>\u00a0<\/p><p>R\u00fcckblickend muss ich sagen:<\/p><p>Es war schwer und\u00a0anfangs ein richtiger\u00a0Kampf, aber ich bin stolz mittlerweile\u00a0auf fast 10 rauchfreie Jahre zur\u00fcckblicken zu k\u00f6nnen. Umso mehr genie\u00dfe ich jetzt die gewonnene Zeit mit\u00a0meinen Kindern\u00a0und das ersparte Geld.<\/p><p>\u00a0<\/p><p>Mein Tipp f\u00fcr \u201eLeidensgenossen\u201c: Atem\u00fcbungen helfen!<\/p><p>\u00a0<\/p><p>\u00a0<\/p><blockquote><p>Schreiben Sie uns Ihre Tipps f\u00fcr den Rauchstopp oder senden Sie uns Ihren pers\u00f6nlichen Erfahrungsbericht per <a href=\"mailto:info@rauchfrei.at\">E-Mail<\/a>.\u00a0Sie\u00a0unterst\u00fctzen damit andere auf dem Weg in die Rauchfreiheit!<\/p><p>\u00a0<\/p><p>Wir w\u00fcnschen allen viel Erfolg, die gerade versuchen, das Rauchen zu beenden!<\/p><\/blockquote><p>\u00a0<\/p><p><strong>Weitere Erfolgsgeschichten:<\/strong><\/p><p><a href=\"https:\/\/rauchfrei.at\/beratung\/erfahrungsberichte\/\">Erfahrungsberichte<\/a><\/p><p><a href=\"https:\/\/rauchfrei.at\/sie-war-perfekt-feedback-eines-anrufers\/\">Feedback eines Anrufers<\/a><\/p><p>\u00a0<\/p><p>\u00a0<\/p>","_et_gb_content_width":"","footnotes":""},"categories":[232,233],"tags":[],"class_list":["post-8634","post","type-post","status-publish","format-standard","hentry","category-nachrichten-vom-rauchfrei-telefon","category-unterstuetzung-beim-rauchstopp"],"yoast_head":"<!-- This site is optimized with the Yoast SEO plugin v26.2 - https:\/\/yoast.com\/wordpress\/plugins\/seo\/ -->\n<title>Erfolgsgeschichten: Der pers\u00f6nliche Weg in die Rauchfreiheit - Rauchfrei Telefon<\/title>\n<meta name=\"robots\" content=\"index, follow, max-snippet:-1, max-image-preview:large, max-video-preview:-1\" \/>\n<link rel=\"canonical\" href=\"https:\/\/rauchfrei.at\/erfolgsgeschichten-der-persoenliche-weg-in-die-rauchfreiheit\/\" \/>\n<meta property=\"og:locale\" content=\"en_US\" \/>\n<meta property=\"og:type\" content=\"article\" \/>\n<meta property=\"og:title\" content=\"Erfolgsgeschichten: Der pers\u00f6nliche Weg in die Rauchfreiheit - Rauchfrei Telefon\" \/>\n<meta property=\"og:description\" content=\"Jeder Mensch hat eigene Strategien, mit dem Rauchen aufzuh\u00f6ren. Profitieren Sie von den pers\u00f6nlichen Erfahrungen und Tipps ehemaliger Raucher\/innen. Lesen Sie jetzt die Erfolgsgeschichten unserer Leser\/innen.\" \/>\n<meta property=\"og:url\" content=\"https:\/\/rauchfrei.at\/erfolgsgeschichten-der-persoenliche-weg-in-die-rauchfreiheit\/\" \/>\n<meta property=\"og:site_name\" content=\"Rauchfrei Telefon\" \/>\n<meta property=\"article:published_time\" content=\"2016-10-24T09:27:11+00:00\" \/>\n<meta property=\"article:modified_time\" content=\"2019-04-26T22:11:01+00:00\" \/>\n<meta name=\"author\" content=\"Melanie Stulik\" \/>\n<meta name=\"twitter:card\" content=\"summary_large_image\" \/>\n<meta name=\"twitter:label1\" content=\"Written by\" \/>\n\t<meta name=\"twitter:data1\" content=\"Melanie Stulik\" \/>\n\t<meta name=\"twitter:label2\" content=\"Est. reading time\" \/>\n\t<meta name=\"twitter:data2\" content=\"3 minutes\" \/>\n<script type=\"application\/ld+json\" class=\"yoast-schema-graph\">{\"@context\":\"https:\/\/schema.org\",\"@graph\":[{\"@type\":\"WebPage\",\"@id\":\"https:\/\/rauchfrei.at\/erfolgsgeschichten-der-persoenliche-weg-in-die-rauchfreiheit\/\",\"url\":\"https:\/\/rauchfrei.at\/erfolgsgeschichten-der-persoenliche-weg-in-die-rauchfreiheit\/\",\"name\":\"Erfolgsgeschichten: Der pers\u00f6nliche Weg in die Rauchfreiheit - Rauchfrei Telefon\",\"isPartOf\":{\"@id\":\"https:\/\/rauchfrei.at\/#website\"},\"datePublished\":\"2016-10-24T09:27:11+00:00\",\"dateModified\":\"2019-04-26T22:11:01+00:00\",\"author\":{\"@id\":\"https:\/\/rauchfrei.at\/#\/schema\/person\/91493cc00c3601c46943b77e7ebc0075\"},\"inLanguage\":\"en-US\",\"potentialAction\":[{\"@type\":\"ReadAction\",\"target\":[\"https:\/\/rauchfrei.at\/erfolgsgeschichten-der-persoenliche-weg-in-die-rauchfreiheit\/\"]}]},{\"@type\":\"WebSite\",\"@id\":\"https:\/\/rauchfrei.at\/#website\",\"url\":\"https:\/\/rauchfrei.at\/\",\"name\":\"Rauchfrei Telefon\",\"description\":\"Eine \u00f6sterreichweite Initiative der Sozialversicherungen.\",\"potentialAction\":[{\"@type\":\"SearchAction\",\"target\":{\"@type\":\"EntryPoint\",\"urlTemplate\":\"https:\/\/rauchfrei.at\/?s={search_term_string}\"},\"query-input\":{\"@type\":\"PropertyValueSpecification\",\"valueRequired\":true,\"valueName\":\"search_term_string\"}}],\"inLanguage\":\"en-US\"},{\"@type\":\"Person\",\"@id\":\"https:\/\/rauchfrei.at\/#\/schema\/person\/91493cc00c3601c46943b77e7ebc0075\",\"name\":\"Melanie Stulik\",\"image\":{\"@type\":\"ImageObject\",\"inLanguage\":\"en-US\",\"@id\":\"https:\/\/rauchfrei.at\/#\/schema\/person\/image\/\",\"url\":\"https:\/\/secure.gravatar.com\/avatar\/5ac3b6bb2b037bda3c21df97a4ee7e763aa9f84d8ffc3f86db3731b4c62ffb71?s=96&d=mm&r=g\",\"contentUrl\":\"https:\/\/secure.gravatar.com\/avatar\/5ac3b6bb2b037bda3c21df97a4ee7e763aa9f84d8ffc3f86db3731b4c62ffb71?s=96&d=mm&r=g\",\"caption\":\"Melanie Stulik\"},\"url\":\"https:\/\/rauchfrei.at\/en\/author\/melanie-stulik\/\"}]}<\/script>\n<!-- \/ Yoast SEO plugin. -->","yoast_head_json":{"title":"Erfolgsgeschichten: Der pers\u00f6nliche Weg in die Rauchfreiheit - Rauchfrei Telefon","robots":{"index":"index","follow":"follow","max-snippet":"max-snippet:-1","max-image-preview":"max-image-preview:large","max-video-preview":"max-video-preview:-1"},"canonical":"https:\/\/rauchfrei.at\/erfolgsgeschichten-der-persoenliche-weg-in-die-rauchfreiheit\/","og_locale":"en_US","og_type":"article","og_title":"Erfolgsgeschichten: Der pers\u00f6nliche Weg in die Rauchfreiheit - Rauchfrei Telefon","og_description":"Jeder Mensch hat eigene Strategien, mit dem Rauchen aufzuh\u00f6ren. Profitieren Sie von den pers\u00f6nlichen Erfahrungen und Tipps ehemaliger Raucher\/innen. Lesen Sie jetzt die Erfolgsgeschichten unserer Leser\/innen.","og_url":"https:\/\/rauchfrei.at\/erfolgsgeschichten-der-persoenliche-weg-in-die-rauchfreiheit\/","og_site_name":"Rauchfrei Telefon","article_published_time":"2016-10-24T09:27:11+00:00","article_modified_time":"2019-04-26T22:11:01+00:00","author":"Melanie Stulik","twitter_card":"summary_large_image","twitter_misc":{"Written by":"Melanie Stulik","Est. reading time":"3 minutes"},"schema":{"@context":"https:\/\/schema.org","@graph":[{"@type":"WebPage","@id":"https:\/\/rauchfrei.at\/erfolgsgeschichten-der-persoenliche-weg-in-die-rauchfreiheit\/","url":"https:\/\/rauchfrei.at\/erfolgsgeschichten-der-persoenliche-weg-in-die-rauchfreiheit\/","name":"Erfolgsgeschichten: Der pers\u00f6nliche Weg in die Rauchfreiheit - Rauchfrei Telefon","isPartOf":{"@id":"https:\/\/rauchfrei.at\/#website"},"datePublished":"2016-10-24T09:27:11+00:00","dateModified":"2019-04-26T22:11:01+00:00","author":{"@id":"https:\/\/rauchfrei.at\/#\/schema\/person\/91493cc00c3601c46943b77e7ebc0075"},"inLanguage":"en-US","potentialAction":[{"@type":"ReadAction","target":["https:\/\/rauchfrei.at\/erfolgsgeschichten-der-persoenliche-weg-in-die-rauchfreiheit\/"]}]},{"@type":"WebSite","@id":"https:\/\/rauchfrei.at\/#website","url":"https:\/\/rauchfrei.at\/","name":"Rauchfrei Telefon","description":"Eine \u00f6sterreichweite Initiative der Sozialversicherungen.","potentialAction":[{"@type":"SearchAction","target":{"@type":"EntryPoint","urlTemplate":"https:\/\/rauchfrei.at\/?s={search_term_string}"},"query-input":{"@type":"PropertyValueSpecification","valueRequired":true,"valueName":"search_term_string"}}],"inLanguage":"en-US"},{"@type":"Person","@id":"https:\/\/rauchfrei.at\/#\/schema\/person\/91493cc00c3601c46943b77e7ebc0075","name":"Melanie Stulik","image":{"@type":"ImageObject","inLanguage":"en-US","@id":"https:\/\/rauchfrei.at\/#\/schema\/person\/image\/","url":"https:\/\/secure.gravatar.com\/avatar\/5ac3b6bb2b037bda3c21df97a4ee7e763aa9f84d8ffc3f86db3731b4c62ffb71?s=96&d=mm&r=g","contentUrl":"https:\/\/secure.gravatar.com\/avatar\/5ac3b6bb2b037bda3c21df97a4ee7e763aa9f84d8ffc3f86db3731b4c62ffb71?s=96&d=mm&r=g","caption":"Melanie Stulik"},"url":"https:\/\/rauchfrei.at\/en\/author\/melanie-stulik\/"}]}},"_links":{"self":[{"href":"https:\/\/rauchfrei.at\/en\/wp-json\/wp\/v2\/posts\/8634","targetHints":{"allow":["GET"]}}],"collection":[{"href":"https:\/\/rauchfrei.at\/en\/wp-json\/wp\/v2\/posts"}],"about":[{"href":"https:\/\/rauchfrei.at\/en\/wp-json\/wp\/v2\/types\/post"}],"author":[{"embeddable":true,"href":"https:\/\/rauchfrei.at\/en\/wp-json\/wp\/v2\/users\/16"}],"replies":[{"embeddable":true,"href":"https:\/\/rauchfrei.at\/en\/wp-json\/wp\/v2\/comments?post=8634"}],"version-history":[{"count":5,"href":"https:\/\/rauchfrei.at\/en\/wp-json\/wp\/v2\/posts\/8634\/revisions"}],"predecessor-version":[{"id":16257,"href":"https:\/\/rauchfrei.at\/en\/wp-json\/wp\/v2\/posts\/8634\/revisions\/16257"}],"wp:attachment":[{"href":"https:\/\/rauchfrei.at\/en\/wp-json\/wp\/v2\/media?parent=8634"}],"wp:term":[{"taxonomy":"category","embeddable":true,"href":"https:\/\/rauchfrei.at\/en\/wp-json\/wp\/v2\/categories?post=8634"},{"taxonomy":"post_tag","embeddable":true,"href":"https:\/\/rauchfrei.at\/en\/wp-json\/wp\/v2\/tags?post=8634"}],"curies":[{"name":"wp","href":"https:\/\/api.w.org\/{rel}","templated":true}]}}