
{"id":8690,"date":"2016-11-20T10:00:23","date_gmt":"2016-11-20T08:00:23","guid":{"rendered":"http:\/\/rauchfrei.at\/?p=8690"},"modified":"2021-07-28T10:21:24","modified_gmt":"2021-07-28T08:21:24","slug":"mitrauchen-wie-die-grossen","status":"publish","type":"post","link":"https:\/\/rauchfrei.at\/en\/mitrauchen-wie-die-grossen\/","title":{"rendered":"Mitrauchen wie die Gro\u00dfen"},"content":{"rendered":"<p>[et_pb_section fb_built=&#8221;1&#8243; module_class=&#8221;header&#8221; _builder_version=&#8221;3.22&#8243;][et_pb_row _builder_version=&#8221;3.25&#8243;][et_pb_column type=&#8221;4_4&#8243; _builder_version=&#8221;3.25&#8243; custom_padding=&#8221;|||&#8221; custom_padding__hover=&#8221;|||&#8221;][et_pb_dp_dmb_module_10001 _builder_version=&#8221;3.21.1&#8243;][\/et_pb_dp_dmb_module_10001][\/et_pb_column][\/et_pb_row][\/et_pb_section][et_pb_section fb_built=&#8221;1&#8243; _builder_version=&#8221;3.22&#8243;][et_pb_row _builder_version=&#8221;3.25&#8243; background_size=&#8221;initial&#8221; background_position=&#8221;top_left&#8221; background_repeat=&#8221;repeat&#8221; column_structure=&#8221;2_3,1_3&#8243;][et_pb_column type=&#8221;2_3&#8243; _builder_version=&#8221;3.25&#8243; custom_padding=&#8221;|||&#8221; custom_padding__hover=&#8221;|||&#8221;][et_pb_text _builder_version=&#8221;4.9.4&#8243; background_size=&#8221;initial&#8221; background_position=&#8221;top_left&#8221; background_repeat=&#8221;repeat&#8221; hover_enabled=&#8221;0&#8243; sticky_enabled=&#8221;0&#8243;]<\/p>\n<p><span style=\"font-size: 15px;\">Tabakrauch ist giftiger und gef\u00e4hrlicher als die meisten anderen Schadstoffe, denen wir t\u00e4glich ausgesetzt sind.<\/span><span style=\"font-size: 15px;\">\u00a0<\/span><\/p>\n<p>Kinder und Jugendliche sind durch verschmutzte Luft besonders gef\u00e4hrdet, denn:<\/p>\n<ul>\n<li>Sie atmen schneller<\/li>\n<li>Sie nehmen mehr Luft auf<\/li>\n<li>Die wachsenden Lungen sind noch empfindlicher und f\u00fcr sch\u00e4digende Einfl\u00fcsse besonders empf\u00e4nglich<\/li>\n<\/ul>\n<p><strong>Schon gewusst?<\/strong> (Wissenswerte Fakten)<\/p>\n<ul>\n<li>Tabakrauch enth\u00e4lt mehr als 4800 chemische Verbindungen &#8211; davon sind 250 giftig und 90 krebserregend.<\/li>\n<li>In einem verrauchten Raum inhalieren Kinder in einer Stunde so viele Giftstoffe, als w\u00fcrden sie selbst eine Zigarette rauchen. L\u00fcften beseitigt die Schadstoffe nicht!<\/li>\n<li>Die Schadstoffe des Tabakrauchs lagern sich auch an Kleidung, Polstern, Vorh\u00e4ngen und Kuscheltieren ab und werden immer wieder an die Raumluft abgegeben.<\/li>\n<li>Passivrauchende Kinder haben h\u00f6here Mengen an Cotinin (Abbauprodukt von Nikotin) im K\u00f6rper als rauchende Erwachsene.<\/li>\n<li>Eine einzige im Auto gerauchte Zigarette erzeugt etwa f\u00fcnf Mal so viel Feinstaub, wie an einem durchschnittlichen Feinstaubalarm-Tag im Freien gemessen wird.<\/li>\n<li>Die Konzentration sch\u00e4dlicher Stoffe kann im Auto 23 Mal h\u00f6her sein als in einer verrauchten Bar.<\/li>\n<\/ul>\n<blockquote>\n<p>Sch\u00fctzen Sie besonders Kinder vor Tabakrauch und achten Sie auf eine rauchfreie Umgebung!<span style=\"font-size: 15px; font-family: 'Fedra Sans Alt Book';\">\u00a0<\/span><\/p>\n<\/blockquote>\n<p><strong>Mehr zum Thema <\/strong>(Quellen)<strong>:<\/strong><\/p>\n<p><a href=\"https:\/\/rauchfrei.at\/wp-content\/uploads\/darf-ich-schon-rauchen-folder1.pdf\">Infofolder \u00fcber die\u00a0Auswirkungen des Passivrauchs<\/a>\u00a0(Kampagne &#8220;Rauchfrei dabei&#8221;)<\/p>\n<p><a href=\"https:\/\/rauchfrei.at\/passivrauchbelastung-bei-kindern\/\">Passivrauchbelastung bei Kindern<\/a><\/p>\n<p><a href=\"http:\/\/www.praevention.at\/fileadmin\/user_upload\/09_Infobox\/Infomaterialien\/Ueber_Rauchen_reden_2015.pdf\">&#8220;\u00dcbers Rauchen reden&#8221;<\/a>\u00a0(Infobrosch\u00fcre f\u00fcr Eltern)<\/p>\n<p><img loading=\"lazy\" decoding=\"async\" class=\"size-medium wp-image-8697\" src=\"https:\/\/rauchfrei.at\/wp-content\/uploads\/KampagneRauchfreiDabei-225x390.jpg\" alt=\"\u00a9 Kampagne &quot;Rauchfrei dabei&quot;, Steiermark\" data-id=\"8697\" width=\"225\" height=\"390\" srcset=\"https:\/\/rauchfrei.at\/wp-content\/uploads\/KampagneRauchfreiDabei-225x390.jpg 225w, https:\/\/rauchfrei.at\/wp-content\/uploads\/KampagneRauchfreiDabei.jpg 429w\" sizes=\"(max-width: 225px) 100vw, 225px\" \/> \u00a9 Kampagne &#8220;Rauchfrei dabei&#8221;, Steiermark<\/p>\n<p>&nbsp;<\/p>\n<p>[\/et_pb_text][\/et_pb_column][et_pb_column type=&#8221;1_3&#8243; _builder_version=&#8221;3.25&#8243; custom_padding=&#8221;|||&#8221; custom_padding__hover=&#8221;|||&#8221;][et_pb_sidebar area=&#8221;sidebar-1&#8243; _builder_version=&#8221;3.15&#8243;][\/et_pb_sidebar][\/et_pb_column][\/et_pb_row][\/et_pb_section]<\/p>\n","protected":false},"excerpt":{"rendered":"<p>Der heutige Weltkindertag soll auf die Bed\u00fcrfnisse von Kindern aufmerksam machen und dazu beitragen, die Rechte der Kinder zu st\u00e4rken. Anlass genug, um Kinder von Beginn an vor den Gefahren des (Passiv-)Rauchens zu sch\u00fctzen und daf\u00fcr zu sorgen, dass sie in einer gesunden Umgebung aufwachsen.<\/p>\n","protected":false},"author":16,"featured_media":0,"comment_status":"open","ping_status":"open","sticky":false,"template":"","format":"standard","meta":{"_et_pb_use_builder":"on","_et_pb_old_content":"<p>\u00a0<\/p><p>Tabakrauch ist giftiger und gef\u00e4hrlicher als die meisten anderen Schadstoffe, denen wir t\u00e4glich ausgesetzt sind.<\/p><p>\u00a0<\/p><p>Kinder und Jugendliche sind durch verschmutzte Luft besonders gef\u00e4hrdet, denn:<\/p><ul><li>Sie atmen schneller<\/li><li>Sie nehmen mehr Luft auf<\/li><li>Die wachsenden Lungen sind noch empfindlicher und f\u00fcr sch\u00e4digende Einfl\u00fcsse besonders empf\u00e4nglich<\/li><\/ul><p><strong>Schon gewusst?<\/strong> (Wissenswerte Fakten)<\/p><ul><li>Tabakrauch enth\u00e4lt mehr als 4800 chemische Verbindungen - davon sind 250 giftig und 90 krebserregend.<\/li><li>In einem verrauchten Raum inhalieren Kinder in einer Stunde so viele Giftstoffe, als w\u00fcrden sie selbst eine Zigarette rauchen. L\u00fcften beseitigt die Schadstoffe nicht!<\/li><li>Die Schadstoffe des Tabakrauchs lagern sich auch an Kleidung, Polstern, Vorh\u00e4ngen und Kuscheltieren ab und werden immer wieder an die Raumluft abgegeben.<\/li><li>Passivrauchende Kinder haben h\u00f6here Mengen an Cotinin (Abbauprodukt von Nikotin) im K\u00f6rper als rauchende Erwachsene.<\/li><li>Eine einzige im Auto gerauchte Zigarette erzeugt etwa f\u00fcnf Mal so viel Feinstaub, wie an einem durchschnittlichen Feinstaubalarm-Tag im Freien gemessen wird.<\/li><li>Die Konzentration sch\u00e4dlicher Stoffe kann im Auto 23 Mal h\u00f6her sein als in einer verrauchten Bar.<\/li><\/ul><p>\u00a0<\/p><blockquote><p>Sch\u00fctzen Sie besonders Kinder vor Tabakrauch und achten Sie auf eine rauchfreie Umgebung!<\/p><\/blockquote><p>\u00a0<\/p><p><strong>Mehr zum Thema <\/strong>(Quellen)<strong>:<\/strong><\/p><p><a href=\"http:\/\/www.vivid.at\/_pdf\/4c1f36d8dd51d.pdf\">Infofolder \u00fcber die\u00a0Auswirkungen des Passivrauchs<\/a>\u00a0(Kampagne \"Rauchfrei dabei\")<\/p><p><a href=\"https:\/\/rauchfrei.at\/passivrauchbelastung-bei-kindern\/\">Passivrauchbelastung bei Kindern<\/a><\/p><p><a href=\"http:\/\/www.praevention.at\/fileadmin\/user_upload\/09_Infobox\/Infomaterialien\/Ueber_Rauchen_reden_2015.pdf\">\"\u00dcbers Rauchen reden\"<\/a>\u00a0(Infobrosch\u00fcre f\u00fcr Eltern)<\/p><p>\u00a0<\/p>[caption id=\"attachment_8697\" align=\"aligncenter\" width=\"225\"]<img class=\"size-medium wp-image-8697\" src=\"https:\/\/rauchfrei.at\/wp-content\/uploads\/KampagneRauchfreiDabei-225x390.jpg\" alt=\"\u00a9 Kampagne \"Rauchfrei dabei\", Steiermark\" width=\"225\" height=\"390\" data-id=\"8697\" \/> \u00a9 Kampagne \"Rauchfrei dabei\", Steiermark[\/caption]<p>\u00a0<\/p><p>\u00a0<\/p><p>\u00a0<\/p>","_et_gb_content_width":"","footnotes":""},"categories":[235,237],"tags":[],"class_list":["post-8690","post","type-post","status-publish","format-standard","hentry","category-gesundheit-und-rauchstopp","category-literatur-und-hintergrundwissen"],"yoast_head":"<!-- This site is optimized with the Yoast SEO plugin v26.2 - https:\/\/yoast.com\/wordpress\/plugins\/seo\/ -->\n<title>Mitrauchen wie die Gro\u00dfen - Rauchfrei Telefon<\/title>\n<meta name=\"robots\" content=\"index, follow, max-snippet:-1, max-image-preview:large, max-video-preview:-1\" \/>\n<link rel=\"canonical\" href=\"https:\/\/rauchfrei.at\/mitrauchen-wie-die-grossen\/\" \/>\n<meta property=\"og:locale\" content=\"en_US\" \/>\n<meta property=\"og:type\" content=\"article\" \/>\n<meta property=\"og:title\" content=\"Mitrauchen wie die Gro\u00dfen - Rauchfrei Telefon\" \/>\n<meta property=\"og:description\" content=\"Der heutige Weltkindertag soll auf die Bed\u00fcrfnisse von Kindern aufmerksam machen und dazu beitragen, die Rechte der Kinder zu st\u00e4rken. Anlass genug, um Kinder von Beginn an vor den Gefahren des (Passiv-)Rauchens zu sch\u00fctzen und daf\u00fcr zu sorgen, dass sie in einer gesunden Umgebung aufwachsen.\" \/>\n<meta property=\"og:url\" content=\"https:\/\/rauchfrei.at\/mitrauchen-wie-die-grossen\/\" \/>\n<meta property=\"og:site_name\" content=\"Rauchfrei Telefon\" \/>\n<meta property=\"article:published_time\" content=\"2016-11-20T08:00:23+00:00\" \/>\n<meta property=\"article:modified_time\" content=\"2021-07-28T08:21:24+00:00\" \/>\n<meta property=\"og:image\" content=\"https:\/\/rauchfrei.at\/wp-content\/uploads\/KampagneRauchfreiDabei-225x390.jpg\" \/>\n<meta name=\"author\" content=\"Melanie Stulik\" \/>\n<meta name=\"twitter:card\" content=\"summary_large_image\" \/>\n<meta name=\"twitter:label1\" content=\"Written by\" \/>\n\t<meta name=\"twitter:data1\" content=\"Melanie Stulik\" \/>\n\t<meta name=\"twitter:label2\" content=\"Est. reading time\" \/>\n\t<meta name=\"twitter:data2\" content=\"2 minutes\" \/>\n<script type=\"application\/ld+json\" class=\"yoast-schema-graph\">{\"@context\":\"https:\/\/schema.org\",\"@graph\":[{\"@type\":\"WebPage\",\"@id\":\"https:\/\/rauchfrei.at\/mitrauchen-wie-die-grossen\/\",\"url\":\"https:\/\/rauchfrei.at\/mitrauchen-wie-die-grossen\/\",\"name\":\"Mitrauchen wie die Gro\u00dfen - Rauchfrei Telefon\",\"isPartOf\":{\"@id\":\"https:\/\/rauchfrei.at\/#website\"},\"primaryImageOfPage\":{\"@id\":\"https:\/\/rauchfrei.at\/mitrauchen-wie-die-grossen\/#primaryimage\"},\"image\":{\"@id\":\"https:\/\/rauchfrei.at\/mitrauchen-wie-die-grossen\/#primaryimage\"},\"thumbnailUrl\":\"https:\/\/rauchfrei.at\/wp-content\/uploads\/KampagneRauchfreiDabei-225x390.jpg\",\"datePublished\":\"2016-11-20T08:00:23+00:00\",\"dateModified\":\"2021-07-28T08:21:24+00:00\",\"author\":{\"@id\":\"https:\/\/rauchfrei.at\/#\/schema\/person\/91493cc00c3601c46943b77e7ebc0075\"},\"inLanguage\":\"en-US\",\"potentialAction\":[{\"@type\":\"ReadAction\",\"target\":[\"https:\/\/rauchfrei.at\/mitrauchen-wie-die-grossen\/\"]}]},{\"@type\":\"ImageObject\",\"inLanguage\":\"en-US\",\"@id\":\"https:\/\/rauchfrei.at\/mitrauchen-wie-die-grossen\/#primaryimage\",\"url\":\"https:\/\/rauchfrei.at\/wp-content\/uploads\/KampagneRauchfreiDabei-225x390.jpg\",\"contentUrl\":\"https:\/\/rauchfrei.at\/wp-content\/uploads\/KampagneRauchfreiDabei-225x390.jpg\"},{\"@type\":\"WebSite\",\"@id\":\"https:\/\/rauchfrei.at\/#website\",\"url\":\"https:\/\/rauchfrei.at\/\",\"name\":\"Rauchfrei Telefon\",\"description\":\"Eine \u00f6sterreichweite Initiative der Sozialversicherungen.\",\"potentialAction\":[{\"@type\":\"SearchAction\",\"target\":{\"@type\":\"EntryPoint\",\"urlTemplate\":\"https:\/\/rauchfrei.at\/?s={search_term_string}\"},\"query-input\":{\"@type\":\"PropertyValueSpecification\",\"valueRequired\":true,\"valueName\":\"search_term_string\"}}],\"inLanguage\":\"en-US\"},{\"@type\":\"Person\",\"@id\":\"https:\/\/rauchfrei.at\/#\/schema\/person\/91493cc00c3601c46943b77e7ebc0075\",\"name\":\"Melanie Stulik\",\"image\":{\"@type\":\"ImageObject\",\"inLanguage\":\"en-US\",\"@id\":\"https:\/\/rauchfrei.at\/#\/schema\/person\/image\/\",\"url\":\"https:\/\/secure.gravatar.com\/avatar\/5ac3b6bb2b037bda3c21df97a4ee7e763aa9f84d8ffc3f86db3731b4c62ffb71?s=96&d=mm&r=g\",\"contentUrl\":\"https:\/\/secure.gravatar.com\/avatar\/5ac3b6bb2b037bda3c21df97a4ee7e763aa9f84d8ffc3f86db3731b4c62ffb71?s=96&d=mm&r=g\",\"caption\":\"Melanie Stulik\"},\"url\":\"https:\/\/rauchfrei.at\/en\/author\/melanie-stulik\/\"}]}<\/script>\n<!-- \/ Yoast SEO plugin. -->","yoast_head_json":{"title":"Mitrauchen wie die Gro\u00dfen - Rauchfrei Telefon","robots":{"index":"index","follow":"follow","max-snippet":"max-snippet:-1","max-image-preview":"max-image-preview:large","max-video-preview":"max-video-preview:-1"},"canonical":"https:\/\/rauchfrei.at\/mitrauchen-wie-die-grossen\/","og_locale":"en_US","og_type":"article","og_title":"Mitrauchen wie die Gro\u00dfen - Rauchfrei Telefon","og_description":"Der heutige Weltkindertag soll auf die Bed\u00fcrfnisse von Kindern aufmerksam machen und dazu beitragen, die Rechte der Kinder zu st\u00e4rken. Anlass genug, um Kinder von Beginn an vor den Gefahren des (Passiv-)Rauchens zu sch\u00fctzen und daf\u00fcr zu sorgen, dass sie in einer gesunden Umgebung aufwachsen.","og_url":"https:\/\/rauchfrei.at\/mitrauchen-wie-die-grossen\/","og_site_name":"Rauchfrei Telefon","article_published_time":"2016-11-20T08:00:23+00:00","article_modified_time":"2021-07-28T08:21:24+00:00","og_image":[{"url":"https:\/\/rauchfrei.at\/wp-content\/uploads\/KampagneRauchfreiDabei-225x390.jpg","type":"","width":"","height":""}],"author":"Melanie Stulik","twitter_card":"summary_large_image","twitter_misc":{"Written by":"Melanie Stulik","Est. reading time":"2 minutes"},"schema":{"@context":"https:\/\/schema.org","@graph":[{"@type":"WebPage","@id":"https:\/\/rauchfrei.at\/mitrauchen-wie-die-grossen\/","url":"https:\/\/rauchfrei.at\/mitrauchen-wie-die-grossen\/","name":"Mitrauchen wie die Gro\u00dfen - Rauchfrei Telefon","isPartOf":{"@id":"https:\/\/rauchfrei.at\/#website"},"primaryImageOfPage":{"@id":"https:\/\/rauchfrei.at\/mitrauchen-wie-die-grossen\/#primaryimage"},"image":{"@id":"https:\/\/rauchfrei.at\/mitrauchen-wie-die-grossen\/#primaryimage"},"thumbnailUrl":"https:\/\/rauchfrei.at\/wp-content\/uploads\/KampagneRauchfreiDabei-225x390.jpg","datePublished":"2016-11-20T08:00:23+00:00","dateModified":"2021-07-28T08:21:24+00:00","author":{"@id":"https:\/\/rauchfrei.at\/#\/schema\/person\/91493cc00c3601c46943b77e7ebc0075"},"inLanguage":"en-US","potentialAction":[{"@type":"ReadAction","target":["https:\/\/rauchfrei.at\/mitrauchen-wie-die-grossen\/"]}]},{"@type":"ImageObject","inLanguage":"en-US","@id":"https:\/\/rauchfrei.at\/mitrauchen-wie-die-grossen\/#primaryimage","url":"https:\/\/rauchfrei.at\/wp-content\/uploads\/KampagneRauchfreiDabei-225x390.jpg","contentUrl":"https:\/\/rauchfrei.at\/wp-content\/uploads\/KampagneRauchfreiDabei-225x390.jpg"},{"@type":"WebSite","@id":"https:\/\/rauchfrei.at\/#website","url":"https:\/\/rauchfrei.at\/","name":"Rauchfrei Telefon","description":"Eine \u00f6sterreichweite Initiative der Sozialversicherungen.","potentialAction":[{"@type":"SearchAction","target":{"@type":"EntryPoint","urlTemplate":"https:\/\/rauchfrei.at\/?s={search_term_string}"},"query-input":{"@type":"PropertyValueSpecification","valueRequired":true,"valueName":"search_term_string"}}],"inLanguage":"en-US"},{"@type":"Person","@id":"https:\/\/rauchfrei.at\/#\/schema\/person\/91493cc00c3601c46943b77e7ebc0075","name":"Melanie Stulik","image":{"@type":"ImageObject","inLanguage":"en-US","@id":"https:\/\/rauchfrei.at\/#\/schema\/person\/image\/","url":"https:\/\/secure.gravatar.com\/avatar\/5ac3b6bb2b037bda3c21df97a4ee7e763aa9f84d8ffc3f86db3731b4c62ffb71?s=96&d=mm&r=g","contentUrl":"https:\/\/secure.gravatar.com\/avatar\/5ac3b6bb2b037bda3c21df97a4ee7e763aa9f84d8ffc3f86db3731b4c62ffb71?s=96&d=mm&r=g","caption":"Melanie Stulik"},"url":"https:\/\/rauchfrei.at\/en\/author\/melanie-stulik\/"}]}},"_links":{"self":[{"href":"https:\/\/rauchfrei.at\/en\/wp-json\/wp\/v2\/posts\/8690","targetHints":{"allow":["GET"]}}],"collection":[{"href":"https:\/\/rauchfrei.at\/en\/wp-json\/wp\/v2\/posts"}],"about":[{"href":"https:\/\/rauchfrei.at\/en\/wp-json\/wp\/v2\/types\/post"}],"author":[{"embeddable":true,"href":"https:\/\/rauchfrei.at\/en\/wp-json\/wp\/v2\/users\/16"}],"replies":[{"embeddable":true,"href":"https:\/\/rauchfrei.at\/en\/wp-json\/wp\/v2\/comments?post=8690"}],"version-history":[{"count":7,"href":"https:\/\/rauchfrei.at\/en\/wp-json\/wp\/v2\/posts\/8690\/revisions"}],"predecessor-version":[{"id":21379,"href":"https:\/\/rauchfrei.at\/en\/wp-json\/wp\/v2\/posts\/8690\/revisions\/21379"}],"wp:attachment":[{"href":"https:\/\/rauchfrei.at\/en\/wp-json\/wp\/v2\/media?parent=8690"}],"wp:term":[{"taxonomy":"category","embeddable":true,"href":"https:\/\/rauchfrei.at\/en\/wp-json\/wp\/v2\/categories?post=8690"},{"taxonomy":"post_tag","embeddable":true,"href":"https:\/\/rauchfrei.at\/en\/wp-json\/wp\/v2\/tags?post=8690"}],"curies":[{"name":"wp","href":"https:\/\/api.w.org\/{rel}","templated":true}]}}