
{"id":8721,"date":"2016-12-05T06:00:37","date_gmt":"2016-12-05T04:00:37","guid":{"rendered":"http:\/\/rauchfrei.at\/?p=8721"},"modified":"2019-04-26T23:51:18","modified_gmt":"2019-04-26T21:51:18","slug":"heidelberg-advent-der-tabakentwoehnung","status":"publish","type":"post","link":"https:\/\/rauchfrei.at\/en\/heidelberg-advent-der-tabakentwoehnung\/","title":{"rendered":"Heidelberg: &#8220;Advent der Tabakentw\u00f6hnung&#8221;"},"content":{"rendered":"<p>[et_pb_section fb_built=&#8221;1&#8243; module_class=&#8221;header&#8221; _builder_version=&#8221;3.0.99&#8243;][et_pb_row _builder_version=&#8221;3.0.99&#8243;][et_pb_column type=&#8221;4_4&#8243; _builder_version=&#8221;3.0.47&#8243;][et_pb_dp_dmb_module_10001 _builder_version=&#8221;3.21.1&#8243;][\/et_pb_dp_dmb_module_10001][\/et_pb_column][\/et_pb_row][\/et_pb_section][et_pb_section fb_built=&#8221;1&#8243; _builder_version=&#8221;3.0.47&#8243;][et_pb_row _builder_version=&#8221;3.0.48&#8243; background_size=&#8221;initial&#8221; background_position=&#8221;top_left&#8221; background_repeat=&#8221;repeat&#8221;][et_pb_column type=&#8221;2_3&#8243; _builder_version=&#8221;3.0.47&#8243;][et_pb_text _builder_version=&#8221;3.0.74&#8243; background_size=&#8221;initial&#8221; background_position=&#8221;top_left&#8221; background_repeat=&#8221;repeat&#8221;]<\/p>\n<p><span style=\"font-size: 15px;\">Die Tabakkonferenz in Heidelberg (Deutschland) ist ein j\u00e4hrlicher Fixpunkt f\u00fcr Expertinnen und Experten aus den Bereichen Tabakpr\u00e4vention und -entw\u00f6hnung\u00a0im deutschsprachigen Raum<\/span><span style=\"font-size: 15px;\">\u00a0<\/span><\/p>\n<p>Pr\u00e4sentiert wurden u.a. Ma\u00dfnahmen zur Verminderung des Tabakkonsums, der Umgang mit den Marketingstrategien der Tabakindustrie, zuk\u00fcnftige Projekte sowie\u00a0l\u00e4nderspezifische Aktionen.<\/p>\n<p>Nationale und internationale Erfahrungen wurden ebenso ausgetauscht wie erfolgreiche Modelle rauchfreier Einrichtungen.<\/p>\n<p>Das \u00f6sterreichweite Rauchfrei Telefon wurde von zwei Kolleginnen vertreten, die im Fachkreis &#8220;Die Auswirkungen der Tabak Produkte Direktive (TPD II) auf das Rauchfrei Telefon in \u00d6sterreich&#8221; (wissenschaftliches Poster) vorgestellt haben.<\/p>\n<p>Die beiden Tage waren f\u00fcr alle Beteiligten sehr informativ und f\u00fcr die weitere Arbeit besonders wertvoll.<\/p>\n<p><strong>Zum Nachlesen:<\/strong><\/p>\n<p><a href=\"http:\/\/www.dkfz.de\/de\/tabakkontrolle\/14._Deutsche_Konferenz_fuer_Tabakkontrolle.html?m=1484557933\" target=\"_blank\" rel=\"noopener noreferrer\">Programm der Konferenz<\/a><\/p>\n<p><a href=\"http:\/\/www.dkfz.de\/de\/presse\/pressemitteilungen\/2016\/dkfz-pm-16-50-Nichtrauchen-ist-erst-der-Anfang.php\">Pressemitteilung<\/a><\/p>\n<p><img loading=\"lazy\" decoding=\"async\" class=\"size-large wp-image-8722\" src=\"https:\/\/rauchfrei.at\/wp-content\/uploads\/TabakkonferenzHeidelberg2016-480x660.jpg\" alt=\"\u00a9 Rauchfrei Telefon\" width=\"480\" height=\"660\" data-id=\"8722\" srcset=\"https:\/\/rauchfrei.at\/wp-content\/uploads\/TabakkonferenzHeidelberg2016-480x660.jpg 480w, https:\/\/rauchfrei.at\/wp-content\/uploads\/TabakkonferenzHeidelberg2016-225x309.jpg 225w, https:\/\/rauchfrei.at\/wp-content\/uploads\/TabakkonferenzHeidelberg2016-768x1056.jpg 768w, https:\/\/rauchfrei.at\/wp-content\/uploads\/TabakkonferenzHeidelberg2016.jpg 807w\" sizes=\"(max-width: 480px) 100vw, 480px\" \/> \u00a9 Rauchfrei Telefon<\/p>\n<p>&nbsp;<\/p>\n<p>[\/et_pb_text][\/et_pb_column][et_pb_column type=&#8221;1_3&#8243; _builder_version=&#8221;3.0.47&#8243;][et_pb_sidebar area=&#8221;sidebar-1&#8243; _builder_version=&#8221;3.15&#8243;][\/et_pb_sidebar][\/et_pb_column][\/et_pb_row][\/et_pb_section]<\/p>\n","protected":false},"excerpt":{"rendered":"<p>Letzte Woche fand in Heidelberg die 14. Deutsche Konferenz f\u00fcr Tabakkontrolle statt. Auch heuer haben wir wieder die Gelegenheit genutzt, \u00d6sterreich dort zu vertreten und die neuesten Entwicklungen der \u00f6sterreichischen Tabakkontrollpolitik sowie die Arbeit des Rauchfrei Telefons zu pr\u00e4sentieren. Hier ein paar Eindr\u00fccke und Erkenntnisse&#8230; <\/p>\n","protected":false},"author":16,"featured_media":0,"comment_status":"open","ping_status":"open","sticky":false,"template":"","format":"standard","meta":{"_et_pb_use_builder":"on","_et_pb_old_content":"<p>\u00a0<\/p><p>Die Tabakkonferenz in Heidelberg (Deutschland) ist ein j\u00e4hrlicher Fixpunkt f\u00fcr Expertinnen und Experten aus den Bereichen Tabakpr\u00e4vention und -entw\u00f6hnung\u00a0im deutschsprachigen Raum.<\/p><p>\u00a0<\/p><p>Pr\u00e4sentiert wurden u.a. Ma\u00dfnahmen zur Verminderung des Tabakkonsums, der Umgang mit den Marketingstrategien der Tabakindustrie, zuk\u00fcnftige Projekte sowie\u00a0l\u00e4nderspezifische Aktionen.<\/p><p>\u00a0<\/p><p>Nationale und internationale Erfahrungen wurden ebenso ausgetauscht wie erfolgreiche Modelle rauchfreier Einrichtungen.<\/p><p>\u00a0<\/p><p>Das \u00f6sterreichweite Rauchfrei Telefon wurde von zwei Kolleginnen vertreten, die im Fachkreis \"Die Auswirkungen der Tabak Produkte Direktive (TPD II) auf das Rauchfrei Telefon in \u00d6sterreich\" (wissenschaftliches Poster) vorgestellt haben.<\/p><p>\u00a0<\/p><p>Die beiden Tage waren f\u00fcr alle Beteiligten sehr informativ und f\u00fcr die weitere Arbeit besonders wertvoll.<\/p><p>\u00a0<\/p><p>Zum Nachlesen:<\/p><p><a href=\"http:\/\/www.dkfz.de\/de\/tabakkontrolle\/14._Deutsche_Konferenz_fuer_Tabakkontrolle.html?m=1484557933\" target=\"_blank\" rel=\"noopener\">Programm der Konferenz<\/a><\/p><p><a href=\"http:\/\/www.dkfz.de\/de\/presse\/pressemitteilungen\/2016\/dkfz-pm-16-50-Nichtrauchen-ist-erst-der-Anfang.php\">Pressemitteilung<\/a><\/p><p>\u00a0<\/p>[caption id=\"attachment_8722\" align=\"aligncenter\" width=\"480\"]<img class=\"size-large wp-image-8722\" src=\"https:\/\/rauchfrei.at\/wp-content\/uploads\/TabakkonferenzHeidelberg2016-480x660.jpg\" alt=\"\u00a9 Rauchfrei Telefon\" width=\"480\" height=\"660\" data-id=\"8722\" \/> \u00a9 Rauchfrei Telefon[\/caption]<p>\u00a0<\/p><p>\u00a0<\/p>","_et_gb_content_width":"","footnotes":""},"categories":[232],"tags":[224,223,168],"class_list":["post-8721","post","type-post","status-publish","format-standard","hentry","category-nachrichten-vom-rauchfrei-telefon","tag-heidelberg","tag-tabakkonferenz","tag-tabakkontrollpolitik"],"yoast_head":"<!-- This site is optimized with the Yoast SEO plugin v26.2 - https:\/\/yoast.com\/wordpress\/plugins\/seo\/ -->\n<title>Heidelberg: &quot;Advent der Tabakentw\u00f6hnung&quot; - Rauchfrei Telefon<\/title>\n<meta name=\"robots\" content=\"index, follow, max-snippet:-1, max-image-preview:large, max-video-preview:-1\" \/>\n<link rel=\"canonical\" href=\"https:\/\/rauchfrei.at\/heidelberg-advent-der-tabakentwoehnung\/\" \/>\n<meta property=\"og:locale\" content=\"en_US\" \/>\n<meta property=\"og:type\" content=\"article\" \/>\n<meta property=\"og:title\" content=\"Heidelberg: &quot;Advent der Tabakentw\u00f6hnung&quot; - Rauchfrei Telefon\" \/>\n<meta property=\"og:description\" content=\"Letzte Woche fand in Heidelberg die 14. Deutsche Konferenz f\u00fcr Tabakkontrolle statt. Auch heuer haben wir wieder die Gelegenheit genutzt, \u00d6sterreich dort zu vertreten und die neuesten Entwicklungen der \u00f6sterreichischen Tabakkontrollpolitik sowie die Arbeit des Rauchfrei Telefons zu pr\u00e4sentieren. Hier ein paar Eindr\u00fccke und Erkenntnisse...\" \/>\n<meta property=\"og:url\" content=\"https:\/\/rauchfrei.at\/heidelberg-advent-der-tabakentwoehnung\/\" \/>\n<meta property=\"og:site_name\" content=\"Rauchfrei Telefon\" \/>\n<meta property=\"article:published_time\" content=\"2016-12-05T04:00:37+00:00\" \/>\n<meta property=\"article:modified_time\" content=\"2019-04-26T21:51:18+00:00\" \/>\n<meta property=\"og:image\" content=\"https:\/\/rauchfrei.at\/wp-content\/uploads\/TabakkonferenzHeidelberg2016-480x660.jpg\" \/>\n<meta name=\"author\" content=\"Melanie Stulik\" \/>\n<meta name=\"twitter:card\" content=\"summary_large_image\" \/>\n<meta name=\"twitter:label1\" content=\"Written by\" \/>\n\t<meta name=\"twitter:data1\" content=\"Melanie Stulik\" \/>\n\t<meta name=\"twitter:label2\" content=\"Est. reading time\" \/>\n\t<meta name=\"twitter:data2\" content=\"1 minute\" \/>\n<script type=\"application\/ld+json\" class=\"yoast-schema-graph\">{\"@context\":\"https:\/\/schema.org\",\"@graph\":[{\"@type\":\"WebPage\",\"@id\":\"https:\/\/rauchfrei.at\/heidelberg-advent-der-tabakentwoehnung\/\",\"url\":\"https:\/\/rauchfrei.at\/heidelberg-advent-der-tabakentwoehnung\/\",\"name\":\"Heidelberg: \\\"Advent der Tabakentw\u00f6hnung\\\" - Rauchfrei Telefon\",\"isPartOf\":{\"@id\":\"https:\/\/rauchfrei.at\/#website\"},\"primaryImageOfPage\":{\"@id\":\"https:\/\/rauchfrei.at\/heidelberg-advent-der-tabakentwoehnung\/#primaryimage\"},\"image\":{\"@id\":\"https:\/\/rauchfrei.at\/heidelberg-advent-der-tabakentwoehnung\/#primaryimage\"},\"thumbnailUrl\":\"https:\/\/rauchfrei.at\/wp-content\/uploads\/TabakkonferenzHeidelberg2016-480x660.jpg\",\"datePublished\":\"2016-12-05T04:00:37+00:00\",\"dateModified\":\"2019-04-26T21:51:18+00:00\",\"author\":{\"@id\":\"https:\/\/rauchfrei.at\/#\/schema\/person\/91493cc00c3601c46943b77e7ebc0075\"},\"inLanguage\":\"en-US\",\"potentialAction\":[{\"@type\":\"ReadAction\",\"target\":[\"https:\/\/rauchfrei.at\/heidelberg-advent-der-tabakentwoehnung\/\"]}]},{\"@type\":\"ImageObject\",\"inLanguage\":\"en-US\",\"@id\":\"https:\/\/rauchfrei.at\/heidelberg-advent-der-tabakentwoehnung\/#primaryimage\",\"url\":\"https:\/\/rauchfrei.at\/wp-content\/uploads\/TabakkonferenzHeidelberg2016-480x660.jpg\",\"contentUrl\":\"https:\/\/rauchfrei.at\/wp-content\/uploads\/TabakkonferenzHeidelberg2016-480x660.jpg\"},{\"@type\":\"WebSite\",\"@id\":\"https:\/\/rauchfrei.at\/#website\",\"url\":\"https:\/\/rauchfrei.at\/\",\"name\":\"Rauchfrei Telefon\",\"description\":\"Eine \u00f6sterreichweite Initiative der Sozialversicherungen.\",\"potentialAction\":[{\"@type\":\"SearchAction\",\"target\":{\"@type\":\"EntryPoint\",\"urlTemplate\":\"https:\/\/rauchfrei.at\/?s={search_term_string}\"},\"query-input\":{\"@type\":\"PropertyValueSpecification\",\"valueRequired\":true,\"valueName\":\"search_term_string\"}}],\"inLanguage\":\"en-US\"},{\"@type\":\"Person\",\"@id\":\"https:\/\/rauchfrei.at\/#\/schema\/person\/91493cc00c3601c46943b77e7ebc0075\",\"name\":\"Melanie Stulik\",\"image\":{\"@type\":\"ImageObject\",\"inLanguage\":\"en-US\",\"@id\":\"https:\/\/rauchfrei.at\/#\/schema\/person\/image\/\",\"url\":\"https:\/\/secure.gravatar.com\/avatar\/5ac3b6bb2b037bda3c21df97a4ee7e763aa9f84d8ffc3f86db3731b4c62ffb71?s=96&d=mm&r=g\",\"contentUrl\":\"https:\/\/secure.gravatar.com\/avatar\/5ac3b6bb2b037bda3c21df97a4ee7e763aa9f84d8ffc3f86db3731b4c62ffb71?s=96&d=mm&r=g\",\"caption\":\"Melanie Stulik\"},\"url\":\"https:\/\/rauchfrei.at\/en\/author\/melanie-stulik\/\"}]}<\/script>\n<!-- \/ Yoast SEO plugin. -->","yoast_head_json":{"title":"Heidelberg: \"Advent der Tabakentw\u00f6hnung\" - Rauchfrei Telefon","robots":{"index":"index","follow":"follow","max-snippet":"max-snippet:-1","max-image-preview":"max-image-preview:large","max-video-preview":"max-video-preview:-1"},"canonical":"https:\/\/rauchfrei.at\/heidelberg-advent-der-tabakentwoehnung\/","og_locale":"en_US","og_type":"article","og_title":"Heidelberg: \"Advent der Tabakentw\u00f6hnung\" - Rauchfrei Telefon","og_description":"Letzte Woche fand in Heidelberg die 14. Deutsche Konferenz f\u00fcr Tabakkontrolle statt. Auch heuer haben wir wieder die Gelegenheit genutzt, \u00d6sterreich dort zu vertreten und die neuesten Entwicklungen der \u00f6sterreichischen Tabakkontrollpolitik sowie die Arbeit des Rauchfrei Telefons zu pr\u00e4sentieren. Hier ein paar Eindr\u00fccke und Erkenntnisse...","og_url":"https:\/\/rauchfrei.at\/heidelberg-advent-der-tabakentwoehnung\/","og_site_name":"Rauchfrei Telefon","article_published_time":"2016-12-05T04:00:37+00:00","article_modified_time":"2019-04-26T21:51:18+00:00","og_image":[{"url":"https:\/\/rauchfrei.at\/wp-content\/uploads\/TabakkonferenzHeidelberg2016-480x660.jpg","type":"","width":"","height":""}],"author":"Melanie Stulik","twitter_card":"summary_large_image","twitter_misc":{"Written by":"Melanie Stulik","Est. reading time":"1 minute"},"schema":{"@context":"https:\/\/schema.org","@graph":[{"@type":"WebPage","@id":"https:\/\/rauchfrei.at\/heidelberg-advent-der-tabakentwoehnung\/","url":"https:\/\/rauchfrei.at\/heidelberg-advent-der-tabakentwoehnung\/","name":"Heidelberg: \"Advent der Tabakentw\u00f6hnung\" - Rauchfrei Telefon","isPartOf":{"@id":"https:\/\/rauchfrei.at\/#website"},"primaryImageOfPage":{"@id":"https:\/\/rauchfrei.at\/heidelberg-advent-der-tabakentwoehnung\/#primaryimage"},"image":{"@id":"https:\/\/rauchfrei.at\/heidelberg-advent-der-tabakentwoehnung\/#primaryimage"},"thumbnailUrl":"https:\/\/rauchfrei.at\/wp-content\/uploads\/TabakkonferenzHeidelberg2016-480x660.jpg","datePublished":"2016-12-05T04:00:37+00:00","dateModified":"2019-04-26T21:51:18+00:00","author":{"@id":"https:\/\/rauchfrei.at\/#\/schema\/person\/91493cc00c3601c46943b77e7ebc0075"},"inLanguage":"en-US","potentialAction":[{"@type":"ReadAction","target":["https:\/\/rauchfrei.at\/heidelberg-advent-der-tabakentwoehnung\/"]}]},{"@type":"ImageObject","inLanguage":"en-US","@id":"https:\/\/rauchfrei.at\/heidelberg-advent-der-tabakentwoehnung\/#primaryimage","url":"https:\/\/rauchfrei.at\/wp-content\/uploads\/TabakkonferenzHeidelberg2016-480x660.jpg","contentUrl":"https:\/\/rauchfrei.at\/wp-content\/uploads\/TabakkonferenzHeidelberg2016-480x660.jpg"},{"@type":"WebSite","@id":"https:\/\/rauchfrei.at\/#website","url":"https:\/\/rauchfrei.at\/","name":"Rauchfrei Telefon","description":"Eine \u00f6sterreichweite Initiative der Sozialversicherungen.","potentialAction":[{"@type":"SearchAction","target":{"@type":"EntryPoint","urlTemplate":"https:\/\/rauchfrei.at\/?s={search_term_string}"},"query-input":{"@type":"PropertyValueSpecification","valueRequired":true,"valueName":"search_term_string"}}],"inLanguage":"en-US"},{"@type":"Person","@id":"https:\/\/rauchfrei.at\/#\/schema\/person\/91493cc00c3601c46943b77e7ebc0075","name":"Melanie Stulik","image":{"@type":"ImageObject","inLanguage":"en-US","@id":"https:\/\/rauchfrei.at\/#\/schema\/person\/image\/","url":"https:\/\/secure.gravatar.com\/avatar\/5ac3b6bb2b037bda3c21df97a4ee7e763aa9f84d8ffc3f86db3731b4c62ffb71?s=96&d=mm&r=g","contentUrl":"https:\/\/secure.gravatar.com\/avatar\/5ac3b6bb2b037bda3c21df97a4ee7e763aa9f84d8ffc3f86db3731b4c62ffb71?s=96&d=mm&r=g","caption":"Melanie Stulik"},"url":"https:\/\/rauchfrei.at\/en\/author\/melanie-stulik\/"}]}},"_links":{"self":[{"href":"https:\/\/rauchfrei.at\/en\/wp-json\/wp\/v2\/posts\/8721","targetHints":{"allow":["GET"]}}],"collection":[{"href":"https:\/\/rauchfrei.at\/en\/wp-json\/wp\/v2\/posts"}],"about":[{"href":"https:\/\/rauchfrei.at\/en\/wp-json\/wp\/v2\/types\/post"}],"author":[{"embeddable":true,"href":"https:\/\/rauchfrei.at\/en\/wp-json\/wp\/v2\/users\/16"}],"replies":[{"embeddable":true,"href":"https:\/\/rauchfrei.at\/en\/wp-json\/wp\/v2\/comments?post=8721"}],"version-history":[{"count":5,"href":"https:\/\/rauchfrei.at\/en\/wp-json\/wp\/v2\/posts\/8721\/revisions"}],"predecessor-version":[{"id":16230,"href":"https:\/\/rauchfrei.at\/en\/wp-json\/wp\/v2\/posts\/8721\/revisions\/16230"}],"wp:attachment":[{"href":"https:\/\/rauchfrei.at\/en\/wp-json\/wp\/v2\/media?parent=8721"}],"wp:term":[{"taxonomy":"category","embeddable":true,"href":"https:\/\/rauchfrei.at\/en\/wp-json\/wp\/v2\/categories?post=8721"},{"taxonomy":"post_tag","embeddable":true,"href":"https:\/\/rauchfrei.at\/en\/wp-json\/wp\/v2\/tags?post=8721"}],"curies":[{"name":"wp","href":"https:\/\/api.w.org\/{rel}","templated":true}]}}