
{"id":8962,"date":"2017-01-30T10:00:15","date_gmt":"2017-01-30T08:00:15","guid":{"rendered":"http:\/\/rauchfrei.at\/?p=8962"},"modified":"2019-04-26T23:27:05","modified_gmt":"2019-04-26T21:27:05","slug":"stationaere-raucherentwoehnung-in-oberoesterreich","status":"publish","type":"post","link":"https:\/\/rauchfrei.at\/en\/stationaere-raucherentwoehnung-in-oberoesterreich\/","title":{"rendered":"Station\u00e4re Raucherentw\u00f6hnung in Ober\u00f6sterreich"},"content":{"rendered":"<p>[et_pb_section fb_built=&#8221;1&#8243; module_class=&#8221;header&#8221; _builder_version=&#8221;3.0.99&#8243;][et_pb_row _builder_version=&#8221;3.0.99&#8243;][et_pb_column type=&#8221;4_4&#8243; _builder_version=&#8221;3.0.47&#8243;][et_pb_dp_dmb_module_10001 _builder_version=&#8221;3.21.1&#8243;][\/et_pb_dp_dmb_module_10001][\/et_pb_column][\/et_pb_row][\/et_pb_section][et_pb_section fb_built=&#8221;1&#8243; _builder_version=&#8221;3.0.47&#8243;][et_pb_row _builder_version=&#8221;3.0.48&#8243; background_size=&#8221;initial&#8221; background_position=&#8221;top_left&#8221; background_repeat=&#8221;repeat&#8221;][et_pb_column type=&#8221;2_3&#8243; _builder_version=&#8221;3.0.47&#8243;][et_pb_text _builder_version=&#8221;3.0.74&#8243; background_size=&#8221;initial&#8221; background_position=&#8221;top_left&#8221; background_repeat=&#8221;repeat&#8221;]<\/p>\n<p><span style=\"font-size: 15px;\">Da sich der Rauchstopp vor dem 50. Lebensjahr f\u00fcr\u00a0 starke Raucherinnen und Rauchern ganz besonders auszahlt, wird in der Sonderkrankenanstalt Weyer f\u00fcr diese Altersgruppe \u00a0eine station\u00e4re Raucherentw\u00f6hnung angeboten. Als starke Raucherinnen und Raucher gelten Personen die t\u00e4glich 30 Zigaretten oder mehr rauchen.<\/span><\/p>\n<p>Ziel ist es, die stark mit dem Rauchverhalten in Verbindung stehende Erkrankung COPD (chronisch obstruktive Lungenerkrankung) zu verhindern. Die meisten Personen die an COPD erkranken sind starke Raucher\/innen und m\u00fcssen schon ab dem 30. Lebensjahr mit einem deutlichen Abfall ihrer Lungenfunktion rechnen. Wenn der Rauchstopp vor dem 50. Lebensjahr erfolgt,\u00a0 erh\u00f6ht sich die Wahrscheinlichkeit, gesund zu bleiben.<\/p>\n<p>Der Rauchstopp ist eindeutig die effektivste\u00a0 Therapie bei dieser Erkrankung. Nur durch den Rauchstopp kann das Auftreten verhindert oder die Verschlechterung \u00a0gestoppt werden. Die Patientinnen und Patienten gewinnen an Lebenserwartung und Lebensqualit\u00e4t.<\/p>\n<p>Viele starke Raucherinnen und Raucher haben schon mehrere Rauchstoppversuche hinter sich. Eine station\u00e4re Raucherentw\u00f6hnung mit intensiver Betreuung und Begleitung unterst\u00fctzt den erfolgreichen Rauchstopp.<\/p>\n<p>Eine Anmeldung erfolgt \u00fcber einen <a href=\"http:\/\/www.pensionsversicherung.at\/cdscontent\/load?contentid=10008.621678&amp;version=1438068904\" target=\"_blank\" rel=\"noopener noreferrer\">Reha -Antrag<\/a> durch Ihre \u00c4rztin, Ihren Arzt. Der Antrag kann direkt an die Sonderkrankenanstalt Weyer \u00fcbermittelt werden.<\/p>\n<p>Bei Fragen steht Ihnen Primarius Dr. Alfred Lichtenschopf (Kontakt siehe unten) oder<\/p>\n<p>das Rauchfrei Telefon unter 0800 810 013 gerne zur Verf\u00fcgung.<\/p>\n<p><strong><u>Kontakt: <\/u><\/strong><\/p>\n<p>Sonderkrankenanstalt Weyer\/Enns<br \/><span style=\"font-size: 15px;\">Prim. Dr. Alfred Lichtenschopf<br \/><\/span><span style=\"font-size: 15px;\">M\u00fchlein 2<br \/><\/span><span style=\"font-size: 15px;\">3335 Weyer\/Enns<br \/><\/span><span style=\"font-size: 15px;\">Email: <\/span><a href=\"mailto:ska-rz.weyer@pensionsversicherung.at\" style=\"font-size: 15px;\">ska-rz.weyer@pensionsversicherung.at<br \/><\/a><span style=\"font-size: 15px;\">Telefon: 07355\/8651 48200<\/span><\/p>\n<p>[\/et_pb_text][\/et_pb_column][et_pb_column type=&#8221;1_3&#8243; _builder_version=&#8221;3.0.47&#8243;][et_pb_sidebar area=&#8221;sidebar-1&#8243; _builder_version=&#8221;3.15&#8243;][\/et_pb_sidebar][\/et_pb_column][\/et_pb_row][\/et_pb_section]<\/p>\n","protected":false},"excerpt":{"rendered":"<p>In Ober\u00f6sterreich gibt es ein tolles, neues Angebot der Pensionsversicherungsanstalt zur station\u00e4ren Raucherentw\u00f6hnung. Starke Raucherinnen und Raucher zwischen 30 und 50 Jahren k\u00f6nnen sich bei einem zweiw\u00f6chigen Aufenthalt professionelle Unterst\u00fctzung beim Rauchstopp holen.<\/p>\n","protected":false},"author":11,"featured_media":0,"comment_status":"open","ping_status":"open","sticky":false,"template":"","format":"standard","meta":{"_et_pb_use_builder":"on","_et_pb_old_content":"<p>\u00a0<\/p><p>Da sich der Rauchstopp vor dem 50. Lebensjahr f\u00fcr\u00a0 starke Raucherinnen und Rauchern ganz besonders auszahlt, wird in der Sonderkrankenanstalt Weyer f\u00fcr diese Altersgruppe \u00a0eine station\u00e4re Raucherentw\u00f6hnung angeboten. Als starke Raucherinnen und Raucher gelten Personen die t\u00e4glich 30 Zigaretten oder mehr rauchen.<\/p><p>\u00a0<\/p><p>Ziel ist es, die stark mit dem Rauchverhalten in Verbindung stehende Erkrankung COPD (chronisch obstruktive Lungenerkrankung) zu verhindern. Die meisten Personen die an COPD erkranken sind starke Raucher\/innen und m\u00fcssen schon ab dem 30. Lebensjahr mit einem deutlichen Abfall ihrer Lungenfunktion rechnen. Wenn der Rauchstopp vor dem 50. Lebensjahr erfolgt,\u00a0 erh\u00f6ht sich die Wahrscheinlichkeit, gesund zu bleiben.<\/p><p>\u00a0<\/p><p>Der Rauchstopp ist eindeutig die effektivste\u00a0 Therapie bei dieser Erkrankung. Nur durch den Rauchstopp kann das Auftreten verhindert oder die Verschlechterung \u00a0gestoppt werden. Die Patientinnen und Patienten gewinnen an Lebenserwartung und Lebensqualit\u00e4t.<\/p><p>\u00a0<\/p><p>Viele starke Raucherinnen und Raucher haben schon mehrere Rauchstoppversuche hinter sich. Eine station\u00e4re Raucherentw\u00f6hnung mit intensiver Betreuung und Begleitung unterst\u00fctzt den erfolgreichen Rauchstopp.<\/p><p>\u00a0<\/p><p>Eine Anmeldung erfolgt \u00fcber einen <a href=\"http:\/\/www.pensionsversicherung.at\/cdscontent\/load?contentid=10008.621678&version=1438068904\" target=\"_blank\" rel=\"noopener\">Reha -Antrag<\/a> durch Ihre \u00c4rztin, Ihren Arzt. Der Antrag kann direkt an die Sonderkrankenanstalt Weyer \u00fcbermittelt werden.<\/p><p>\u00a0<\/p><p>Bei Fragen steht Ihnen Primarius Dr. Alfred Lichtenschopf (Kontakt siehe unten) oder<\/p><p>das Rauchfrei Telefon unter 0800 810 013 gerne zur Verf\u00fcgung.<\/p><p>\u00a0<\/p><p><u>Kontakt: <\/u><\/p><p>Sonderkrankenanstalt Weyer\/Enns<\/p><p>Prim. Dr. Alfred Lichtenschopf<\/p><p>M\u00fchlein 2<\/p><p>3335 Weyer\/Enns<\/p><p>Email: <a href=\"mailto:ska-rz.weyer@pensionsversicherung.at\">ska-rz.weyer@pensionsversicherung.at<\/a><\/p><p>Telefon: 07355\/8651 48200<\/p>","_et_gb_content_width":"","footnotes":""},"categories":[234],"tags":[],"class_list":["post-8962","post","type-post","status-publish","format-standard","hentry","category-oesterreichweite-angebote-zur-entwoehnung"],"yoast_head":"<!-- This site is optimized with the Yoast SEO plugin v26.2 - https:\/\/yoast.com\/wordpress\/plugins\/seo\/ -->\n<title>Station\u00e4re Raucherentw\u00f6hnung in Ober\u00f6sterreich - Rauchfrei Telefon<\/title>\n<meta name=\"robots\" content=\"index, follow, max-snippet:-1, max-image-preview:large, max-video-preview:-1\" \/>\n<link rel=\"canonical\" href=\"https:\/\/rauchfrei.at\/stationaere-raucherentwoehnung-in-oberoesterreich\/\" \/>\n<meta property=\"og:locale\" content=\"en_US\" \/>\n<meta property=\"og:type\" content=\"article\" \/>\n<meta property=\"og:title\" content=\"Station\u00e4re Raucherentw\u00f6hnung in Ober\u00f6sterreich - Rauchfrei Telefon\" \/>\n<meta property=\"og:description\" content=\"In Ober\u00f6sterreich gibt es ein tolles, neues Angebot der Pensionsversicherungsanstalt zur station\u00e4ren Raucherentw\u00f6hnung. Starke Raucherinnen und Raucher zwischen 30 und 50 Jahren k\u00f6nnen sich bei einem zweiw\u00f6chigen Aufenthalt professionelle Unterst\u00fctzung beim Rauchstopp holen.\" \/>\n<meta property=\"og:url\" content=\"https:\/\/rauchfrei.at\/stationaere-raucherentwoehnung-in-oberoesterreich\/\" \/>\n<meta property=\"og:site_name\" content=\"Rauchfrei Telefon\" \/>\n<meta property=\"article:published_time\" content=\"2017-01-30T08:00:15+00:00\" \/>\n<meta property=\"article:modified_time\" content=\"2019-04-26T21:27:05+00:00\" \/>\n<meta name=\"author\" content=\"Andrea B\u00fcttner\" \/>\n<meta name=\"twitter:card\" content=\"summary_large_image\" \/>\n<meta name=\"twitter:label1\" content=\"Written by\" \/>\n\t<meta name=\"twitter:data1\" content=\"Andrea B\u00fcttner\" \/>\n\t<meta name=\"twitter:label2\" content=\"Est. reading time\" \/>\n\t<meta name=\"twitter:data2\" content=\"2 minutes\" \/>\n<script type=\"application\/ld+json\" class=\"yoast-schema-graph\">{\"@context\":\"https:\/\/schema.org\",\"@graph\":[{\"@type\":\"WebPage\",\"@id\":\"https:\/\/rauchfrei.at\/stationaere-raucherentwoehnung-in-oberoesterreich\/\",\"url\":\"https:\/\/rauchfrei.at\/stationaere-raucherentwoehnung-in-oberoesterreich\/\",\"name\":\"Station\u00e4re Raucherentw\u00f6hnung in Ober\u00f6sterreich - Rauchfrei Telefon\",\"isPartOf\":{\"@id\":\"https:\/\/rauchfrei.at\/#website\"},\"datePublished\":\"2017-01-30T08:00:15+00:00\",\"dateModified\":\"2019-04-26T21:27:05+00:00\",\"author\":{\"@id\":\"https:\/\/rauchfrei.at\/#\/schema\/person\/7993cb8bdf02ba65fd4ec8ec38b2dbbf\"},\"inLanguage\":\"en-US\",\"potentialAction\":[{\"@type\":\"ReadAction\",\"target\":[\"https:\/\/rauchfrei.at\/stationaere-raucherentwoehnung-in-oberoesterreich\/\"]}]},{\"@type\":\"WebSite\",\"@id\":\"https:\/\/rauchfrei.at\/#website\",\"url\":\"https:\/\/rauchfrei.at\/\",\"name\":\"Rauchfrei Telefon\",\"description\":\"Eine \u00f6sterreichweite Initiative der Sozialversicherungen.\",\"potentialAction\":[{\"@type\":\"SearchAction\",\"target\":{\"@type\":\"EntryPoint\",\"urlTemplate\":\"https:\/\/rauchfrei.at\/?s={search_term_string}\"},\"query-input\":{\"@type\":\"PropertyValueSpecification\",\"valueRequired\":true,\"valueName\":\"search_term_string\"}}],\"inLanguage\":\"en-US\"},{\"@type\":\"Person\",\"@id\":\"https:\/\/rauchfrei.at\/#\/schema\/person\/7993cb8bdf02ba65fd4ec8ec38b2dbbf\",\"name\":\"Andrea B\u00fcttner\",\"image\":{\"@type\":\"ImageObject\",\"inLanguage\":\"en-US\",\"@id\":\"https:\/\/rauchfrei.at\/#\/schema\/person\/image\/\",\"url\":\"https:\/\/secure.gravatar.com\/avatar\/0f26ab1de0c83f37b101366a1244bf5de74c6d9c0641811dc6f7fc551dad1c7f?s=96&d=mm&r=g\",\"contentUrl\":\"https:\/\/secure.gravatar.com\/avatar\/0f26ab1de0c83f37b101366a1244bf5de74c6d9c0641811dc6f7fc551dad1c7f?s=96&d=mm&r=g\",\"caption\":\"Andrea B\u00fcttner\"},\"url\":\"https:\/\/rauchfrei.at\/en\/author\/buettner\/\"}]}<\/script>\n<!-- \/ Yoast SEO plugin. -->","yoast_head_json":{"title":"Station\u00e4re Raucherentw\u00f6hnung in Ober\u00f6sterreich - Rauchfrei Telefon","robots":{"index":"index","follow":"follow","max-snippet":"max-snippet:-1","max-image-preview":"max-image-preview:large","max-video-preview":"max-video-preview:-1"},"canonical":"https:\/\/rauchfrei.at\/stationaere-raucherentwoehnung-in-oberoesterreich\/","og_locale":"en_US","og_type":"article","og_title":"Station\u00e4re Raucherentw\u00f6hnung in Ober\u00f6sterreich - Rauchfrei Telefon","og_description":"In Ober\u00f6sterreich gibt es ein tolles, neues Angebot der Pensionsversicherungsanstalt zur station\u00e4ren Raucherentw\u00f6hnung. Starke Raucherinnen und Raucher zwischen 30 und 50 Jahren k\u00f6nnen sich bei einem zweiw\u00f6chigen Aufenthalt professionelle Unterst\u00fctzung beim Rauchstopp holen.","og_url":"https:\/\/rauchfrei.at\/stationaere-raucherentwoehnung-in-oberoesterreich\/","og_site_name":"Rauchfrei Telefon","article_published_time":"2017-01-30T08:00:15+00:00","article_modified_time":"2019-04-26T21:27:05+00:00","author":"Andrea B\u00fcttner","twitter_card":"summary_large_image","twitter_misc":{"Written by":"Andrea B\u00fcttner","Est. reading time":"2 minutes"},"schema":{"@context":"https:\/\/schema.org","@graph":[{"@type":"WebPage","@id":"https:\/\/rauchfrei.at\/stationaere-raucherentwoehnung-in-oberoesterreich\/","url":"https:\/\/rauchfrei.at\/stationaere-raucherentwoehnung-in-oberoesterreich\/","name":"Station\u00e4re Raucherentw\u00f6hnung in Ober\u00f6sterreich - Rauchfrei Telefon","isPartOf":{"@id":"https:\/\/rauchfrei.at\/#website"},"datePublished":"2017-01-30T08:00:15+00:00","dateModified":"2019-04-26T21:27:05+00:00","author":{"@id":"https:\/\/rauchfrei.at\/#\/schema\/person\/7993cb8bdf02ba65fd4ec8ec38b2dbbf"},"inLanguage":"en-US","potentialAction":[{"@type":"ReadAction","target":["https:\/\/rauchfrei.at\/stationaere-raucherentwoehnung-in-oberoesterreich\/"]}]},{"@type":"WebSite","@id":"https:\/\/rauchfrei.at\/#website","url":"https:\/\/rauchfrei.at\/","name":"Rauchfrei Telefon","description":"Eine \u00f6sterreichweite Initiative der Sozialversicherungen.","potentialAction":[{"@type":"SearchAction","target":{"@type":"EntryPoint","urlTemplate":"https:\/\/rauchfrei.at\/?s={search_term_string}"},"query-input":{"@type":"PropertyValueSpecification","valueRequired":true,"valueName":"search_term_string"}}],"inLanguage":"en-US"},{"@type":"Person","@id":"https:\/\/rauchfrei.at\/#\/schema\/person\/7993cb8bdf02ba65fd4ec8ec38b2dbbf","name":"Andrea B\u00fcttner","image":{"@type":"ImageObject","inLanguage":"en-US","@id":"https:\/\/rauchfrei.at\/#\/schema\/person\/image\/","url":"https:\/\/secure.gravatar.com\/avatar\/0f26ab1de0c83f37b101366a1244bf5de74c6d9c0641811dc6f7fc551dad1c7f?s=96&d=mm&r=g","contentUrl":"https:\/\/secure.gravatar.com\/avatar\/0f26ab1de0c83f37b101366a1244bf5de74c6d9c0641811dc6f7fc551dad1c7f?s=96&d=mm&r=g","caption":"Andrea B\u00fcttner"},"url":"https:\/\/rauchfrei.at\/en\/author\/buettner\/"}]}},"_links":{"self":[{"href":"https:\/\/rauchfrei.at\/en\/wp-json\/wp\/v2\/posts\/8962","targetHints":{"allow":["GET"]}}],"collection":[{"href":"https:\/\/rauchfrei.at\/en\/wp-json\/wp\/v2\/posts"}],"about":[{"href":"https:\/\/rauchfrei.at\/en\/wp-json\/wp\/v2\/types\/post"}],"author":[{"embeddable":true,"href":"https:\/\/rauchfrei.at\/en\/wp-json\/wp\/v2\/users\/11"}],"replies":[{"embeddable":true,"href":"https:\/\/rauchfrei.at\/en\/wp-json\/wp\/v2\/comments?post=8962"}],"version-history":[{"count":5,"href":"https:\/\/rauchfrei.at\/en\/wp-json\/wp\/v2\/posts\/8962\/revisions"}],"predecessor-version":[{"id":16192,"href":"https:\/\/rauchfrei.at\/en\/wp-json\/wp\/v2\/posts\/8962\/revisions\/16192"}],"wp:attachment":[{"href":"https:\/\/rauchfrei.at\/en\/wp-json\/wp\/v2\/media?parent=8962"}],"wp:term":[{"taxonomy":"category","embeddable":true,"href":"https:\/\/rauchfrei.at\/en\/wp-json\/wp\/v2\/categories?post=8962"},{"taxonomy":"post_tag","embeddable":true,"href":"https:\/\/rauchfrei.at\/en\/wp-json\/wp\/v2\/tags?post=8962"}],"curies":[{"name":"wp","href":"https:\/\/api.w.org\/{rel}","templated":true}]}}