
{"id":8967,"date":"2017-02-06T10:00:34","date_gmt":"2017-02-06T08:00:34","guid":{"rendered":"http:\/\/rauchfrei.at\/?p=8967"},"modified":"2019-04-26T23:24:30","modified_gmt":"2019-04-26T21:24:30","slug":"wir-koennen-ich-kann","status":"publish","type":"post","link":"https:\/\/rauchfrei.at\/en\/wir-koennen-ich-kann\/","title":{"rendered":"&#8220;Wir k\u00f6nnen. Ich kann.&#8221;"},"content":{"rendered":"<p>[et_pb_section fb_built=&#8221;1&#8243; module_class=&#8221;header&#8221; _builder_version=&#8221;3.0.99&#8243;][et_pb_row _builder_version=&#8221;3.0.99&#8243;][et_pb_column type=&#8221;4_4&#8243; _builder_version=&#8221;3.0.47&#8243;][et_pb_dp_dmb_module_10001 _builder_version=&#8221;3.21.1&#8243;][\/et_pb_dp_dmb_module_10001][\/et_pb_column][\/et_pb_row][\/et_pb_section][et_pb_section fb_built=&#8221;1&#8243; _builder_version=&#8221;3.0.47&#8243;][et_pb_row _builder_version=&#8221;3.0.48&#8243; background_size=&#8221;initial&#8221; background_position=&#8221;top_left&#8221; background_repeat=&#8221;repeat&#8221;][et_pb_column type=&#8221;2_3&#8243; _builder_version=&#8221;3.0.47&#8243;][et_pb_text _builder_version=&#8221;3.0.74&#8243; background_size=&#8221;initial&#8221; background_position=&#8221;top_left&#8221; background_repeat=&#8221;repeat&#8221;]<\/p>\n<p><span style=\"font-size: 15px;\">In \u00d6sterreich erkranken j\u00e4hrlich bis zu 38.000 Personen neu an Krebs. 80 Prozent der Lungenkrebsf\u00e4lle k\u00f6nnen auf das Rauchen zur\u00fcckgef\u00fchrt werden. Rauchen gilt als wichtigster vermeidbarer Risikofaktor f\u00fcr die Entstehung von Krebs.\u00a0 Jede 3. Krebserkrankung\u00a0 k\u00f6nnte verhindert werden. Tabakkonsum steht\u00a0 nicht nur, wie irrt\u00fcmlich oft angenommen, in Verbindung mit der Entstehung von Lungenkrebs. Viele andere Krebsarten werden durch das Rauchen beg\u00fcnstigt, darunter der Blasenkrebs oder Darmkrebs.<\/span><\/p>\n<p>Bei der Vorbeugung von Krebs spielt ein rauchfreies Leben eine wichtige Rolle. Es stellt f\u00fcr einen gesunden Lebensstil, mit ausreichend Bewegung, gesunder Ern\u00e4hrung, einen Hauptfaktor zur Senkung des Krebsrisikos dar. Etwa ist das Lungenkrebsrisiko eines bzw. einer exrauchenden \u00a0Person zehn Jahre nach dem Rauchstopp nur noch halb so hoch, als wenn er oder sie dauerhaft weiter geraucht h\u00e4tte.<\/p>\n<p>Auch bei einer Krebsdiagnose oder einer schon vorhandenen Krebserkrankung ist der Rauchstopp sinnvoll, da der K\u00f6rper nicht l\u00e4nger den krebserregenden und sch\u00e4dlichen Inhaltstoffen des Rauchens und dem Kohlenmonoxid, das durchs Verbrennen entsteht, ausgesetzt ist . Medikament\u00f6se Therapien wirken bei \u00a0Nichtraucherinnen und Nichtrauchern besser als bei Personen, die noch rauchen.<\/p>\n<p>Der Rauchstopp ist in jedem Fall sinnvoll. Er gelingt leichter, wenn man Hilfe dabei in Anspruch nimmt. Unterst\u00fctzung gibt es unter 0800 810 013, das Team aus Gesundheitspsychologinnen freut sich auf Ihren Anruf.<\/p>\n<p>[\/et_pb_text][\/et_pb_column][et_pb_column type=&#8221;1_3&#8243; _builder_version=&#8221;3.0.47&#8243;][et_pb_sidebar area=&#8221;sidebar-1&#8243; _builder_version=&#8221;3.15&#8243;][\/et_pb_sidebar][\/et_pb_column][\/et_pb_row][\/et_pb_section]<\/p>\n","protected":false},"excerpt":{"rendered":"<p>Der Weltkrebstag der am 4. Februar begangen wird, steht auch heuer wieder unter dem Motto \u201eWir k\u00f6nnen. Ich kann.\u201c. Damit soll betont werden, dass jede Einzelne, jeder Einzelne vorsorglich etwas gegen den Krebs tun kann. Ein rauchfreies  Leben spielt dabei eine wesentliche Rolle.<\/p>\n","protected":false},"author":17,"featured_media":0,"comment_status":"open","ping_status":"open","sticky":false,"template":"","format":"standard","meta":{"_et_pb_use_builder":"on","_et_pb_old_content":"<p>\u00a0<\/p><p>In \u00d6sterreich erkranken j\u00e4hrlich bis zu 38.000 Personen neu an Krebs. 80 Prozent der Lungenkrebsf\u00e4lle k\u00f6nnen auf das Rauchen zur\u00fcckgef\u00fchrt werden. Rauchen gilt als wichtigster vermeidbarer Risikofaktor f\u00fcr die Entstehung von Krebs.\u00a0 Jede 3. Krebserkrankung\u00a0 k\u00f6nnte verhindert werden. Tabakkonsum steht\u00a0 nicht nur, wie irrt\u00fcmlich oft angenommen, in Verbindung mit der Entstehung von Lungenkrebs. Viele andere Krebsarten werden durch das Rauchen beg\u00fcnstigt, darunter der Blasenkrebs oder Darmkrebs.<\/p><p>\u00a0<\/p><p>Bei der Vorbeugung von Krebs spielt ein rauchfreies Leben eine wichtige Rolle. Es stellt f\u00fcr einen gesunden Lebensstil, mit ausreichend Bewegung, gesunder Ern\u00e4hrung, einen Hauptfaktor zur Senkung des Krebsrisikos dar. Etwa ist das Lungenkrebsrisiko eines bzw. einer exrauchenden \u00a0Person zehn Jahre nach dem Rauchstopp nur noch halb so hoch, als wenn er oder sie dauerhaft weiter geraucht h\u00e4tte.<\/p><p>\u00a0<\/p><p>Auch bei einer Krebsdiagnose oder einer schon vorhandenen Krebserkrankung ist der Rauchstopp sinnvoll, da der K\u00f6rper nicht l\u00e4nger den krebserregenden und sch\u00e4dlichen Inhaltstoffen des Rauchens und dem Kohlenmonoxid, das durchs Verbrennen entsteht, ausgesetzt ist . Medikament\u00f6se Therapien wirken bei \u00a0Nichtraucherinnen und Nichtrauchern besser als bei Personen, die noch rauchen.<\/p><p>\u00a0<\/p><p>Der Rauchstopp ist in jedem Fall sinnvoll. Er gelingt leichter, wenn man Hilfe dabei in Anspruch nimmt. Unterst\u00fctzung gibt es unter 0800 810 013, das Team aus Gesundheitspsychologinnen freut sich auf Ihren Anruf.<\/p>","_et_gb_content_width":"","footnotes":""},"categories":[235],"tags":[150,151],"class_list":["post-8967","post","type-post","status-publish","format-standard","hentry","category-gesundheit-und-rauchstopp","tag-krebs","tag-weltkrebstag"],"yoast_head":"<!-- This site is optimized with the Yoast SEO plugin v26.2 - https:\/\/yoast.com\/wordpress\/plugins\/seo\/ -->\n<title>&quot;Wir k\u00f6nnen. Ich kann.&quot; - Rauchfrei Telefon<\/title>\n<meta name=\"robots\" content=\"index, follow, max-snippet:-1, max-image-preview:large, max-video-preview:-1\" \/>\n<link rel=\"canonical\" href=\"https:\/\/rauchfrei.at\/wir-koennen-ich-kann\/\" \/>\n<meta property=\"og:locale\" content=\"en_US\" \/>\n<meta property=\"og:type\" content=\"article\" \/>\n<meta property=\"og:title\" content=\"&quot;Wir k\u00f6nnen. Ich kann.&quot; - Rauchfrei Telefon\" \/>\n<meta property=\"og:description\" content=\"Der Weltkrebstag der am 4. Februar begangen wird, steht auch heuer wieder unter dem Motto \u201eWir k\u00f6nnen. Ich kann.\u201c. Damit soll betont werden, dass jede Einzelne, jeder Einzelne vorsorglich etwas gegen den Krebs tun kann. Ein rauchfreies Leben spielt dabei eine wesentliche Rolle.\" \/>\n<meta property=\"og:url\" content=\"https:\/\/rauchfrei.at\/wir-koennen-ich-kann\/\" \/>\n<meta property=\"og:site_name\" content=\"Rauchfrei Telefon\" \/>\n<meta property=\"article:published_time\" content=\"2017-02-06T08:00:34+00:00\" \/>\n<meta property=\"article:modified_time\" content=\"2019-04-26T21:24:30+00:00\" \/>\n<meta name=\"author\" content=\"Gastkommentar\" \/>\n<meta name=\"twitter:card\" content=\"summary_large_image\" \/>\n<meta name=\"twitter:label1\" content=\"Written by\" \/>\n\t<meta name=\"twitter:data1\" content=\"Gastkommentar\" \/>\n\t<meta name=\"twitter:label2\" content=\"Est. reading time\" \/>\n\t<meta name=\"twitter:data2\" content=\"2 minutes\" \/>\n<script type=\"application\/ld+json\" class=\"yoast-schema-graph\">{\"@context\":\"https:\/\/schema.org\",\"@graph\":[{\"@type\":\"WebPage\",\"@id\":\"https:\/\/rauchfrei.at\/wir-koennen-ich-kann\/\",\"url\":\"https:\/\/rauchfrei.at\/wir-koennen-ich-kann\/\",\"name\":\"\\\"Wir k\u00f6nnen. Ich kann.\\\" - Rauchfrei Telefon\",\"isPartOf\":{\"@id\":\"https:\/\/rauchfrei.at\/#website\"},\"datePublished\":\"2017-02-06T08:00:34+00:00\",\"dateModified\":\"2019-04-26T21:24:30+00:00\",\"author\":{\"@id\":\"https:\/\/rauchfrei.at\/#\/schema\/person\/5fc25ba0c5c18c7bb72f39740e4d31da\"},\"inLanguage\":\"en-US\",\"potentialAction\":[{\"@type\":\"ReadAction\",\"target\":[\"https:\/\/rauchfrei.at\/wir-koennen-ich-kann\/\"]}]},{\"@type\":\"WebSite\",\"@id\":\"https:\/\/rauchfrei.at\/#website\",\"url\":\"https:\/\/rauchfrei.at\/\",\"name\":\"Rauchfrei Telefon\",\"description\":\"Eine \u00f6sterreichweite Initiative der Sozialversicherungen.\",\"potentialAction\":[{\"@type\":\"SearchAction\",\"target\":{\"@type\":\"EntryPoint\",\"urlTemplate\":\"https:\/\/rauchfrei.at\/?s={search_term_string}\"},\"query-input\":{\"@type\":\"PropertyValueSpecification\",\"valueRequired\":true,\"valueName\":\"search_term_string\"}}],\"inLanguage\":\"en-US\"},{\"@type\":\"Person\",\"@id\":\"https:\/\/rauchfrei.at\/#\/schema\/person\/5fc25ba0c5c18c7bb72f39740e4d31da\",\"name\":\"Gastkommentar\",\"image\":{\"@type\":\"ImageObject\",\"inLanguage\":\"en-US\",\"@id\":\"https:\/\/rauchfrei.at\/#\/schema\/person\/image\/\",\"url\":\"https:\/\/secure.gravatar.com\/avatar\/85407d990e69802a3bded43886ed11ed06b45db3bbf254d52dd9f9c82c33dd83?s=96&d=mm&r=g\",\"contentUrl\":\"https:\/\/secure.gravatar.com\/avatar\/85407d990e69802a3bded43886ed11ed06b45db3bbf254d52dd9f9c82c33dd83?s=96&d=mm&r=g\",\"caption\":\"Gastkommentar\"},\"url\":\"https:\/\/rauchfrei.at\/en\/author\/gastkommentar\/\"}]}<\/script>\n<!-- \/ Yoast SEO plugin. -->","yoast_head_json":{"title":"\"Wir k\u00f6nnen. Ich kann.\" - Rauchfrei Telefon","robots":{"index":"index","follow":"follow","max-snippet":"max-snippet:-1","max-image-preview":"max-image-preview:large","max-video-preview":"max-video-preview:-1"},"canonical":"https:\/\/rauchfrei.at\/wir-koennen-ich-kann\/","og_locale":"en_US","og_type":"article","og_title":"\"Wir k\u00f6nnen. Ich kann.\" - Rauchfrei Telefon","og_description":"Der Weltkrebstag der am 4. Februar begangen wird, steht auch heuer wieder unter dem Motto \u201eWir k\u00f6nnen. Ich kann.\u201c. Damit soll betont werden, dass jede Einzelne, jeder Einzelne vorsorglich etwas gegen den Krebs tun kann. Ein rauchfreies Leben spielt dabei eine wesentliche Rolle.","og_url":"https:\/\/rauchfrei.at\/wir-koennen-ich-kann\/","og_site_name":"Rauchfrei Telefon","article_published_time":"2017-02-06T08:00:34+00:00","article_modified_time":"2019-04-26T21:24:30+00:00","author":"Gastkommentar","twitter_card":"summary_large_image","twitter_misc":{"Written by":"Gastkommentar","Est. reading time":"2 minutes"},"schema":{"@context":"https:\/\/schema.org","@graph":[{"@type":"WebPage","@id":"https:\/\/rauchfrei.at\/wir-koennen-ich-kann\/","url":"https:\/\/rauchfrei.at\/wir-koennen-ich-kann\/","name":"\"Wir k\u00f6nnen. Ich kann.\" - Rauchfrei Telefon","isPartOf":{"@id":"https:\/\/rauchfrei.at\/#website"},"datePublished":"2017-02-06T08:00:34+00:00","dateModified":"2019-04-26T21:24:30+00:00","author":{"@id":"https:\/\/rauchfrei.at\/#\/schema\/person\/5fc25ba0c5c18c7bb72f39740e4d31da"},"inLanguage":"en-US","potentialAction":[{"@type":"ReadAction","target":["https:\/\/rauchfrei.at\/wir-koennen-ich-kann\/"]}]},{"@type":"WebSite","@id":"https:\/\/rauchfrei.at\/#website","url":"https:\/\/rauchfrei.at\/","name":"Rauchfrei Telefon","description":"Eine \u00f6sterreichweite Initiative der Sozialversicherungen.","potentialAction":[{"@type":"SearchAction","target":{"@type":"EntryPoint","urlTemplate":"https:\/\/rauchfrei.at\/?s={search_term_string}"},"query-input":{"@type":"PropertyValueSpecification","valueRequired":true,"valueName":"search_term_string"}}],"inLanguage":"en-US"},{"@type":"Person","@id":"https:\/\/rauchfrei.at\/#\/schema\/person\/5fc25ba0c5c18c7bb72f39740e4d31da","name":"Gastkommentar","image":{"@type":"ImageObject","inLanguage":"en-US","@id":"https:\/\/rauchfrei.at\/#\/schema\/person\/image\/","url":"https:\/\/secure.gravatar.com\/avatar\/85407d990e69802a3bded43886ed11ed06b45db3bbf254d52dd9f9c82c33dd83?s=96&d=mm&r=g","contentUrl":"https:\/\/secure.gravatar.com\/avatar\/85407d990e69802a3bded43886ed11ed06b45db3bbf254d52dd9f9c82c33dd83?s=96&d=mm&r=g","caption":"Gastkommentar"},"url":"https:\/\/rauchfrei.at\/en\/author\/gastkommentar\/"}]}},"_links":{"self":[{"href":"https:\/\/rauchfrei.at\/en\/wp-json\/wp\/v2\/posts\/8967","targetHints":{"allow":["GET"]}}],"collection":[{"href":"https:\/\/rauchfrei.at\/en\/wp-json\/wp\/v2\/posts"}],"about":[{"href":"https:\/\/rauchfrei.at\/en\/wp-json\/wp\/v2\/types\/post"}],"author":[{"embeddable":true,"href":"https:\/\/rauchfrei.at\/en\/wp-json\/wp\/v2\/users\/17"}],"replies":[{"embeddable":true,"href":"https:\/\/rauchfrei.at\/en\/wp-json\/wp\/v2\/comments?post=8967"}],"version-history":[{"count":5,"href":"https:\/\/rauchfrei.at\/en\/wp-json\/wp\/v2\/posts\/8967\/revisions"}],"predecessor-version":[{"id":16188,"href":"https:\/\/rauchfrei.at\/en\/wp-json\/wp\/v2\/posts\/8967\/revisions\/16188"}],"wp:attachment":[{"href":"https:\/\/rauchfrei.at\/en\/wp-json\/wp\/v2\/media?parent=8967"}],"wp:term":[{"taxonomy":"category","embeddable":true,"href":"https:\/\/rauchfrei.at\/en\/wp-json\/wp\/v2\/categories?post=8967"},{"taxonomy":"post_tag","embeddable":true,"href":"https:\/\/rauchfrei.at\/en\/wp-json\/wp\/v2\/tags?post=8967"}],"curies":[{"name":"wp","href":"https:\/\/api.w.org\/{rel}","templated":true}]}}