
{"id":9042,"date":"2017-02-27T10:00:38","date_gmt":"2017-02-27T08:00:38","guid":{"rendered":"http:\/\/rauchfrei.at\/?p=9042"},"modified":"2019-04-26T23:19:36","modified_gmt":"2019-04-26T21:19:36","slug":"die-fastenzeit-der-optimale-zeitpunkt-fuer-einen-rauchstopp","status":"publish","type":"post","link":"https:\/\/rauchfrei.at\/en\/die-fastenzeit-der-optimale-zeitpunkt-fuer-einen-rauchstopp\/","title":{"rendered":"Die Fastenzeit \u2013 der optimale Zeitpunkt f\u00fcr einen Rauchstopp!"},"content":{"rendered":"<p>[et_pb_section fb_built=&#8221;1&#8243; module_class=&#8221;header&#8221; _builder_version=&#8221;3.0.99&#8243;][et_pb_row _builder_version=&#8221;3.0.99&#8243;][et_pb_column type=&#8221;4_4&#8243; _builder_version=&#8221;3.0.47&#8243;][et_pb_dp_dmb_module_10001 _builder_version=&#8221;3.21.1&#8243;][\/et_pb_dp_dmb_module_10001][\/et_pb_column][\/et_pb_row][\/et_pb_section][et_pb_section fb_built=&#8221;1&#8243; _builder_version=&#8221;3.0.47&#8243;][et_pb_row _builder_version=&#8221;3.0.48&#8243; background_size=&#8221;initial&#8221; background_position=&#8221;top_left&#8221; background_repeat=&#8221;repeat&#8221;][et_pb_column type=&#8221;2_3&#8243; _builder_version=&#8221;3.0.47&#8243;][et_pb_text _builder_version=&#8221;3.0.74&#8243; background_size=&#8221;initial&#8221; background_position=&#8221;top_left&#8221; background_repeat=&#8221;repeat&#8221;]<\/p>\n<p><span style=\"font-size: 15px;\">Fasten bedeutet, dass man seinem K\u00f6per die M\u00f6glichkeit gibt, sich zu erholen. In der Fastenzeit verzichten viele Menschen auf Genussmittel wie Zucker oder Alkohol, manche versuchen auch ihren Zigarettenkonsum zu reduzieren.<\/span><\/p>\n<p>Zigaretten sind jedoch kein Genussmittel, sondern, weil Nikotin enthalten ist, ein starkes Suchtmittel. Deshalb f\u00e4llt eine Reduktion langfristig oft nicht so leicht wie man anfangs denkt.<\/p>\n<p>Haben Sie bereits dar\u00fcber nachgedacht weniger zu rauchen? Oder haben Sie sogar schon versucht weniger zu rauchen?<\/p>\n<p>Nutzen Sie die Fastenzeit doch f\u00fcr ein Experiment: einige Tage, einige Wochen komplett ohne Zigarette. Vielleicht f\u00fchlen Sie sich dann sogar so wohl, dass Sie damit weiter machen wollen!<\/p>\n<p>Mit einer guten Vorbereitung, gelingt es besser. So wie Sie sich f\u00fcr einen Wochenendausflug vorher \u00fcberlegen, wo es hingehen soll, was Sie daf\u00fcr ben\u00f6tigen und Ihren Koffer packen, ist es auch beim Experiment Rauchfrei sinnvoll vorab einiges zu bedenken. Wir empfehlen Ihnen die <a href=\"https:\/\/rauchfrei.at\/aufhoeren\/schritte-zum-rauchstopp\/vorbereitung-auf-den-tag-x\/\" target=\"_blank\" rel=\"noopener noreferrer\">Schlusspunkt-Methode<\/a>.<\/p>\n<p>Egal wie Sie sich nun entscheiden: Ob Sie weniger rauchen wollen oder komplett rauchfrei werden wollen \u2013 wir unterst\u00fctzen Sie auf jeden Fall gerne!<\/p>\n<p>[\/et_pb_text][\/et_pb_column][et_pb_column type=&#8221;1_3&#8243; _builder_version=&#8221;3.0.47&#8243;][et_pb_sidebar area=&#8221;sidebar-1&#8243; _builder_version=&#8221;3.15&#8243;][\/et_pb_sidebar][\/et_pb_column][\/et_pb_row][\/et_pb_section]<\/p>\n","protected":false},"excerpt":{"rendered":"<p>Die Faschingszeit neigt sich dem Ende zu. Mit dem Aschermittwoch beginnt die sechsw\u00f6chige Fastenzeit. F\u00fcr manche ist diese Zeit ein Anlass ihren Zigarettenkonsum einzuschr\u00e4nken. Wussten Sie, dass es einfacher ist einen kompletten Rauchstopp umzusetzen, als langfristig weniger zu rauchen?<\/p>\n","protected":false},"author":17,"featured_media":0,"comment_status":"open","ping_status":"open","sticky":false,"template":"","format":"standard","meta":{"_et_pb_use_builder":"on","_et_pb_old_content":"<p>\u00a0<\/p><p>Fasten bedeutet, dass man seinem K\u00f6per die M\u00f6glichkeit gibt, sich zu erholen. In der Fastenzeit verzichten viele Menschen auf Genussmittel wie Zucker oder Alkohol, manche versuchen auch ihren Zigarettenkonsum zu reduzieren.<\/p><p>\u00a0<\/p><p>Zigaretten sind jedoch kein Genussmittel, sondern, weil Nikotin enthalten ist, ein starkes Suchtmittel. Deshalb f\u00e4llt eine Reduktion langfristig oft nicht so leicht wie man anfangs denkt.<\/p><p>\u00a0<\/p><p>Haben Sie bereits dar\u00fcber nachgedacht weniger zu rauchen? Oder haben Sie sogar schon versucht weniger zu rauchen?<\/p><p>\u00a0<\/p><p>Nutzen Sie die Fastenzeit doch f\u00fcr ein Experiment: einige Tage, einige Wochen komplett ohne Zigarette. Vielleicht f\u00fchlen Sie sich dann sogar so wohl, dass Sie damit weiter machen wollen!<\/p><p>\u00a0<\/p><p>Mit einer guten Vorbereitung, gelingt es besser. So wie Sie sich f\u00fcr einen Wochenendausflug vorher \u00fcberlegen, wo es hingehen soll, was Sie daf\u00fcr ben\u00f6tigen und Ihren Koffer packen, ist es auch beim Experiment Rauchfrei sinnvoll vorab einiges zu bedenken. Wir empfehlen Ihnen die <a href=\"https:\/\/rauchfrei.at\/aufhoeren\/schritte-zum-rauchstopp\/vorbereitung-auf-den-tag-x\/\" target=\"_blank\" rel=\"noopener\">Schlusspunkt-Methode<\/a>.<\/p><p>\u00a0<\/p><p>Egal wie Sie sich nun entscheiden: Ob Sie weniger rauchen wollen oder komplett rauchfrei werden wollen \u2013 wir unterst\u00fctzen Sie auf jeden Fall gerne!<\/p><p>\u00a0<\/p><p>\u00a0<\/p>","_et_gb_content_width":"","footnotes":""},"categories":[233],"tags":[],"class_list":["post-9042","post","type-post","status-publish","format-standard","hentry","category-unterstuetzung-beim-rauchstopp"],"yoast_head":"<!-- This site is optimized with the Yoast SEO plugin v26.2 - https:\/\/yoast.com\/wordpress\/plugins\/seo\/ -->\n<title>Die Fastenzeit \u2013 der optimale Zeitpunkt f\u00fcr einen Rauchstopp! - Rauchfrei Telefon<\/title>\n<meta name=\"robots\" content=\"index, follow, max-snippet:-1, max-image-preview:large, max-video-preview:-1\" \/>\n<link rel=\"canonical\" href=\"https:\/\/rauchfrei.at\/die-fastenzeit-der-optimale-zeitpunkt-fuer-einen-rauchstopp\/\" \/>\n<meta property=\"og:locale\" content=\"en_US\" \/>\n<meta property=\"og:type\" content=\"article\" \/>\n<meta property=\"og:title\" content=\"Die Fastenzeit \u2013 der optimale Zeitpunkt f\u00fcr einen Rauchstopp! - Rauchfrei Telefon\" \/>\n<meta property=\"og:description\" content=\"Die Faschingszeit neigt sich dem Ende zu. Mit dem Aschermittwoch beginnt die sechsw\u00f6chige Fastenzeit. F\u00fcr manche ist diese Zeit ein Anlass ihren Zigarettenkonsum einzuschr\u00e4nken. Wussten Sie, dass es einfacher ist einen kompletten Rauchstopp umzusetzen, als langfristig weniger zu rauchen?\" \/>\n<meta property=\"og:url\" content=\"https:\/\/rauchfrei.at\/die-fastenzeit-der-optimale-zeitpunkt-fuer-einen-rauchstopp\/\" \/>\n<meta property=\"og:site_name\" content=\"Rauchfrei Telefon\" \/>\n<meta property=\"article:published_time\" content=\"2017-02-27T08:00:38+00:00\" \/>\n<meta property=\"article:modified_time\" content=\"2019-04-26T21:19:36+00:00\" \/>\n<meta name=\"author\" content=\"Gastkommentar\" \/>\n<meta name=\"twitter:card\" content=\"summary_large_image\" \/>\n<meta name=\"twitter:label1\" content=\"Written by\" \/>\n\t<meta name=\"twitter:data1\" content=\"Gastkommentar\" \/>\n\t<meta name=\"twitter:label2\" content=\"Est. reading time\" \/>\n\t<meta name=\"twitter:data2\" content=\"1 minute\" \/>\n<script type=\"application\/ld+json\" class=\"yoast-schema-graph\">{\"@context\":\"https:\/\/schema.org\",\"@graph\":[{\"@type\":\"WebPage\",\"@id\":\"https:\/\/rauchfrei.at\/die-fastenzeit-der-optimale-zeitpunkt-fuer-einen-rauchstopp\/\",\"url\":\"https:\/\/rauchfrei.at\/die-fastenzeit-der-optimale-zeitpunkt-fuer-einen-rauchstopp\/\",\"name\":\"Die Fastenzeit \u2013 der optimale Zeitpunkt f\u00fcr einen Rauchstopp! - Rauchfrei Telefon\",\"isPartOf\":{\"@id\":\"https:\/\/rauchfrei.at\/#website\"},\"datePublished\":\"2017-02-27T08:00:38+00:00\",\"dateModified\":\"2019-04-26T21:19:36+00:00\",\"author\":{\"@id\":\"https:\/\/rauchfrei.at\/#\/schema\/person\/5fc25ba0c5c18c7bb72f39740e4d31da\"},\"inLanguage\":\"en-US\",\"potentialAction\":[{\"@type\":\"ReadAction\",\"target\":[\"https:\/\/rauchfrei.at\/die-fastenzeit-der-optimale-zeitpunkt-fuer-einen-rauchstopp\/\"]}]},{\"@type\":\"WebSite\",\"@id\":\"https:\/\/rauchfrei.at\/#website\",\"url\":\"https:\/\/rauchfrei.at\/\",\"name\":\"Rauchfrei Telefon\",\"description\":\"Eine \u00f6sterreichweite Initiative der Sozialversicherungen.\",\"potentialAction\":[{\"@type\":\"SearchAction\",\"target\":{\"@type\":\"EntryPoint\",\"urlTemplate\":\"https:\/\/rauchfrei.at\/?s={search_term_string}\"},\"query-input\":{\"@type\":\"PropertyValueSpecification\",\"valueRequired\":true,\"valueName\":\"search_term_string\"}}],\"inLanguage\":\"en-US\"},{\"@type\":\"Person\",\"@id\":\"https:\/\/rauchfrei.at\/#\/schema\/person\/5fc25ba0c5c18c7bb72f39740e4d31da\",\"name\":\"Gastkommentar\",\"image\":{\"@type\":\"ImageObject\",\"inLanguage\":\"en-US\",\"@id\":\"https:\/\/rauchfrei.at\/#\/schema\/person\/image\/\",\"url\":\"https:\/\/secure.gravatar.com\/avatar\/85407d990e69802a3bded43886ed11ed06b45db3bbf254d52dd9f9c82c33dd83?s=96&d=mm&r=g\",\"contentUrl\":\"https:\/\/secure.gravatar.com\/avatar\/85407d990e69802a3bded43886ed11ed06b45db3bbf254d52dd9f9c82c33dd83?s=96&d=mm&r=g\",\"caption\":\"Gastkommentar\"},\"url\":\"https:\/\/rauchfrei.at\/en\/author\/gastkommentar\/\"}]}<\/script>\n<!-- \/ Yoast SEO plugin. -->","yoast_head_json":{"title":"Die Fastenzeit \u2013 der optimale Zeitpunkt f\u00fcr einen Rauchstopp! - Rauchfrei Telefon","robots":{"index":"index","follow":"follow","max-snippet":"max-snippet:-1","max-image-preview":"max-image-preview:large","max-video-preview":"max-video-preview:-1"},"canonical":"https:\/\/rauchfrei.at\/die-fastenzeit-der-optimale-zeitpunkt-fuer-einen-rauchstopp\/","og_locale":"en_US","og_type":"article","og_title":"Die Fastenzeit \u2013 der optimale Zeitpunkt f\u00fcr einen Rauchstopp! - Rauchfrei Telefon","og_description":"Die Faschingszeit neigt sich dem Ende zu. Mit dem Aschermittwoch beginnt die sechsw\u00f6chige Fastenzeit. F\u00fcr manche ist diese Zeit ein Anlass ihren Zigarettenkonsum einzuschr\u00e4nken. Wussten Sie, dass es einfacher ist einen kompletten Rauchstopp umzusetzen, als langfristig weniger zu rauchen?","og_url":"https:\/\/rauchfrei.at\/die-fastenzeit-der-optimale-zeitpunkt-fuer-einen-rauchstopp\/","og_site_name":"Rauchfrei Telefon","article_published_time":"2017-02-27T08:00:38+00:00","article_modified_time":"2019-04-26T21:19:36+00:00","author":"Gastkommentar","twitter_card":"summary_large_image","twitter_misc":{"Written by":"Gastkommentar","Est. reading time":"1 minute"},"schema":{"@context":"https:\/\/schema.org","@graph":[{"@type":"WebPage","@id":"https:\/\/rauchfrei.at\/die-fastenzeit-der-optimale-zeitpunkt-fuer-einen-rauchstopp\/","url":"https:\/\/rauchfrei.at\/die-fastenzeit-der-optimale-zeitpunkt-fuer-einen-rauchstopp\/","name":"Die Fastenzeit \u2013 der optimale Zeitpunkt f\u00fcr einen Rauchstopp! - Rauchfrei Telefon","isPartOf":{"@id":"https:\/\/rauchfrei.at\/#website"},"datePublished":"2017-02-27T08:00:38+00:00","dateModified":"2019-04-26T21:19:36+00:00","author":{"@id":"https:\/\/rauchfrei.at\/#\/schema\/person\/5fc25ba0c5c18c7bb72f39740e4d31da"},"inLanguage":"en-US","potentialAction":[{"@type":"ReadAction","target":["https:\/\/rauchfrei.at\/die-fastenzeit-der-optimale-zeitpunkt-fuer-einen-rauchstopp\/"]}]},{"@type":"WebSite","@id":"https:\/\/rauchfrei.at\/#website","url":"https:\/\/rauchfrei.at\/","name":"Rauchfrei Telefon","description":"Eine \u00f6sterreichweite Initiative der Sozialversicherungen.","potentialAction":[{"@type":"SearchAction","target":{"@type":"EntryPoint","urlTemplate":"https:\/\/rauchfrei.at\/?s={search_term_string}"},"query-input":{"@type":"PropertyValueSpecification","valueRequired":true,"valueName":"search_term_string"}}],"inLanguage":"en-US"},{"@type":"Person","@id":"https:\/\/rauchfrei.at\/#\/schema\/person\/5fc25ba0c5c18c7bb72f39740e4d31da","name":"Gastkommentar","image":{"@type":"ImageObject","inLanguage":"en-US","@id":"https:\/\/rauchfrei.at\/#\/schema\/person\/image\/","url":"https:\/\/secure.gravatar.com\/avatar\/85407d990e69802a3bded43886ed11ed06b45db3bbf254d52dd9f9c82c33dd83?s=96&d=mm&r=g","contentUrl":"https:\/\/secure.gravatar.com\/avatar\/85407d990e69802a3bded43886ed11ed06b45db3bbf254d52dd9f9c82c33dd83?s=96&d=mm&r=g","caption":"Gastkommentar"},"url":"https:\/\/rauchfrei.at\/en\/author\/gastkommentar\/"}]}},"_links":{"self":[{"href":"https:\/\/rauchfrei.at\/en\/wp-json\/wp\/v2\/posts\/9042","targetHints":{"allow":["GET"]}}],"collection":[{"href":"https:\/\/rauchfrei.at\/en\/wp-json\/wp\/v2\/posts"}],"about":[{"href":"https:\/\/rauchfrei.at\/en\/wp-json\/wp\/v2\/types\/post"}],"author":[{"embeddable":true,"href":"https:\/\/rauchfrei.at\/en\/wp-json\/wp\/v2\/users\/17"}],"replies":[{"embeddable":true,"href":"https:\/\/rauchfrei.at\/en\/wp-json\/wp\/v2\/comments?post=9042"}],"version-history":[{"count":5,"href":"https:\/\/rauchfrei.at\/en\/wp-json\/wp\/v2\/posts\/9042\/revisions"}],"predecessor-version":[{"id":16181,"href":"https:\/\/rauchfrei.at\/en\/wp-json\/wp\/v2\/posts\/9042\/revisions\/16181"}],"wp:attachment":[{"href":"https:\/\/rauchfrei.at\/en\/wp-json\/wp\/v2\/media?parent=9042"}],"wp:term":[{"taxonomy":"category","embeddable":true,"href":"https:\/\/rauchfrei.at\/en\/wp-json\/wp\/v2\/categories?post=9042"},{"taxonomy":"post_tag","embeddable":true,"href":"https:\/\/rauchfrei.at\/en\/wp-json\/wp\/v2\/tags?post=9042"}],"curies":[{"name":"wp","href":"https:\/\/api.w.org\/{rel}","templated":true}]}}