
{"id":9078,"date":"2017-03-29T09:00:26","date_gmt":"2017-03-29T07:00:26","guid":{"rendered":"http:\/\/rauchfrei.at\/?p=9078"},"modified":"2020-03-23T19:32:09","modified_gmt":"2020-03-23T17:32:09","slug":"jung-gesund-rauchfrei-die-zukunft-der-oesterreichischen-jugend","status":"publish","type":"post","link":"https:\/\/rauchfrei.at\/en\/jung-gesund-rauchfrei-die-zukunft-der-oesterreichischen-jugend\/","title":{"rendered":"Jung, gesund, rauchfrei \u2013 die Zukunft der \u00f6sterreichischen Jugend!"},"content":{"rendered":"<p>[et_pb_section fb_built=&#8221;1&#8243; module_class=&#8221;header&#8221; _builder_version=&#8221;3.22&#8243;][et_pb_row _builder_version=&#8221;3.25&#8243;][et_pb_column type=&#8221;4_4&#8243; _builder_version=&#8221;3.25&#8243; custom_padding=&#8221;|||&#8221; custom_padding__hover=&#8221;|||&#8221;][et_pb_dp_dmb_module_10001 _builder_version=&#8221;3.21.1&#8243;][\/et_pb_dp_dmb_module_10001][\/et_pb_column][\/et_pb_row][\/et_pb_section][et_pb_section fb_built=&#8221;1&#8243; _builder_version=&#8221;3.22&#8243;][et_pb_row _builder_version=&#8221;3.25&#8243; background_size=&#8221;initial&#8221; background_position=&#8221;top_left&#8221; background_repeat=&#8221;repeat&#8221; column_structure=&#8221;2_3,1_3&#8243;][et_pb_column type=&#8221;2_3&#8243; _builder_version=&#8221;3.25&#8243; custom_padding=&#8221;|||&#8221; custom_padding__hover=&#8221;|||&#8221;][et_pb_text _builder_version=&#8221;4.1&#8243; background_size=&#8221;initial&#8221; background_position=&#8221;top_left&#8221; background_repeat=&#8221;repeat&#8221; hover_enabled=&#8221;0&#8243;]<\/p>\n<p><span style=\"font-size: 15px;\">Jeder Moment in dem nicht geraucht wird ist ein Gewinn, besonders bei Kindern und Jugendlichen die sich noch im Wachstum befinden und f\u00fcr die Abh\u00e4ngigkeit besonders sensibel sind.<\/span><\/p>\n<p>Der Grund f\u00fcr die hohe Anzahl an jugendlichen Rauchenden in \u00d6sterreich liegt unter anderem daran, dass der Erwerb, der Besitz und der Konsum von Tabakwaren schon ab dem vollendeten 16. Lebensjahr gesetzlich erlaubt ist.<\/p>\n<p>Neu geregelt werden m\u00fcsste aus unserer Sicht allerdings nicht nur der Erwerb, Besitz und Konsum, sondern auch ein Verkaufsverbot an Jugendliche unter 18 Jahren.<\/p>\n<p>In \u00d6sterreich beginnt etwa ein Viertel der t\u00e4glich rauchenden Erwachsenen ihre Raucherkarriere bis zum 15. Lebensjahr. Bei den 17-J\u00e4hrigen berichten rund 31%, zu rauchen. Bei den Burschen rauchen 14,9%, der Anteil der jungen Raucherinnen liegt bei 16,5%.<\/p>\n<p>Im Vergleich zu andern L\u00e4ndern ist das Einstiegsalter niedrig. Nur \u00d6sterreich, Belgien und Luxemburg erlauben das Rauchen schon ab 16 Jahren. In den anderen EU-L\u00e4nder liegt die Altersgrenze bei 18 Jahren.<\/p>\n<p>Eine Studie an rund 50.000 Personen in Gro\u00dfbritannien konnte zeigen, dass die Anhebung des Mindestalters von 16 auf 18 Jahre wirkt. Nach der Anhebung im Oktober 2007, ist der Anteil der Rauchenden unter den 16 und 17-J\u00e4hrigen um 30% gesunken (von 23,7 % auf 16,6 %). Im gleichen Zeitraum hat sich der Anteil der \u00e4lteren rauchenden Personen nur minimal reduziert. \u00c4hnliche Beispiele gibt es auch aus Schweden oder den USA.<\/p>\n<p>Es l\u00e4sst sich nicht mit letzter Sicherheit sagen, dass \u00e4hnliche Erfolge auch in \u00d6sterreich auftreten w\u00fcrden, die internationalen Erfahrungen sind jedoch vielversprechend.<\/p>\n<p><strong>Links:<\/strong><\/p>\n<p><a href=\"https:\/\/broschuerenservice.sozialministerium.at\/Home\/Download?publicationId=542\" target=\"_blank\" rel=\"noopener noreferrer\">Gesundheitsbefragung 2014 (ATHIS)<\/a><\/p>\n<p><a href=\"http:\/\/www.google.at\/url?sa=t&amp;rct=j&amp;q=&amp;esrc=s&amp;source=web&amp;cd=3&amp;ved=0ahUKEwiIx4nN1cvSAhWS0RoKHSzlCTQQFggtMAI&amp;url=http%3A%2F%2Fbmgiis02.bmg.gv.at%2FBDBExtern%2FBrochureDownload.ashx%3Fsel%3DY1d1dFh0L29JaCtaOUI3YlFEUG9nZz090&amp;usg=AFQjCNEtDKrNwguP38PD_T9G9LqB-j07sg\" target=\"_blank\" rel=\"noopener noreferrer\">HBSC-Studie (Health Behavior in School-aged Children Study)<\/a><\/p>\n<p><a href=\"http:\/\/www.springermedizin.at\/gesundheitspolitik\/?full=56766\" target=\"_blank\" rel=\"noopener noreferrer\">Expertenbericht<\/a><\/p>\n<p>[\/et_pb_text][\/et_pb_column][et_pb_column type=&#8221;1_3&#8243; _builder_version=&#8221;3.25&#8243; custom_padding=&#8221;|||&#8221; custom_padding__hover=&#8221;|||&#8221;][et_pb_sidebar area=&#8221;sidebar-1&#8243; _builder_version=&#8221;3.15&#8243;][\/et_pb_sidebar][\/et_pb_column][\/et_pb_row][\/et_pb_section]<\/p>\n","protected":false},"excerpt":{"rendered":"<p>In \u00d6sterreich wird am 30.3. in der LandesjugendreferentInnen-Konferenz \u00fcber die<\/p>\n<p>Anhebung des Jugendschutzalters f\u00fcr Tabakkonsum von 16 auf 18 Jahre diskutiert. Eine Anhebung ist auf jeden Fall zu begr\u00fc\u00dfen.<\/p>\n","protected":false},"author":11,"featured_media":0,"comment_status":"open","ping_status":"open","sticky":false,"template":"","format":"standard","meta":{"_et_pb_use_builder":"on","_et_pb_old_content":"<p>\u00a0<\/p><p>Jeder Moment in dem nicht geraucht wird ist ein Gewinn, besonders bei Kindern und Jugendlichen die sich noch im Wachstum befinden und f\u00fcr die Abh\u00e4ngigkeit besonders sensibel sind.<\/p><p>\u00a0<\/p><p>Der Grund f\u00fcr die hohe Anzahl an jugendlichen Rauchenden in \u00d6sterreich liegt unter anderem daran, dass der Erwerb, der Besitz und der Konsum von Tabakwaren schon ab dem vollendeten 16. Lebensjahr gesetzlich erlaubt ist.<\/p><p>\u00a0<\/p><p>Neu geregelt werden m\u00fcsste aus unserer Sicht allerdings nicht nur der Erwerb, Besitz und Konsum, sondern auch ein Verkaufsverbot an Jugendliche unter 18 Jahren.<\/p><p>\u00a0<\/p><p>In \u00d6sterreich beginnt etwa ein Viertel der t\u00e4glich rauchenden Erwachsenen ihre Raucherkarriere bis zum 15. Lebensjahr. Bei den 17-J\u00e4hrigen berichten rund 31%, zu rauchen. Bei den Burschen rauchen 14,9%, der Anteil der jungen Raucherinnen liegt bei 16,5%.<\/p><p>\u00a0<\/p><p>Im Vergleich zu andern L\u00e4ndern ist das Einstiegsalter niedrig. Nur \u00d6sterreich, Belgien und Luxemburg erlauben das Rauchen schon ab 16 Jahren. In den anderen EU-L\u00e4nder liegt die Altersgrenze bei 18 Jahren.<\/p><p>\u00a0<\/p><p>Eine Studie an rund 50.000 Personen in Gro\u00dfbritannien konnte zeigen, dass die Anhebung des Mindestalters von 16 auf 18 Jahre wirkt. Nach der Anhebung im Oktober 2007, ist der Anteil der Rauchenden unter den 16 und 17-J\u00e4hrigen um 30% gesunken (von 23,7 % auf 16,6 %). Im gleichen Zeitraum hat sich der Anteil der \u00e4lteren rauchenden Personen nur minimal reduziert. \u00c4hnliche Beispiele gibt es auch aus Schweden oder den USA.<\/p><p>\u00a0<\/p><p>Es l\u00e4sst sich nicht mit letzter Sicherheit sagen, dass \u00e4hnliche Erfolge auch in \u00d6sterreich auftreten w\u00fcrden, die internationalen Erfahrungen sind jedoch vielversprechend.<\/p><p>\u00a0<\/p><p>Links:<\/p><p><a href=\"http:\/\/www.bmgf.gv.at\/cms\/home\/attachments\/1\/6\/8\/CH1066\/CMS1448449619038\/gesundheitsbefragung_2014.pdf\" target=\"_blank\" rel=\"noopener\">Gesundheitsbefragung 2014 (ATHIS)<\/a><\/p><p><a href=\"http:\/\/www.google.at\/url?sa=t&rct=j&q=&esrc=s&source=web&cd=3&ved=0ahUKEwiIx4nN1cvSAhWS0RoKHSzlCTQQFggtMAI&url=http%3A%2F%2Fbmgiis02.bmg.gv.at%2FBDBExtern%2FBrochureDownload.ashx%3Fsel%3DY1d1dFh0L29JaCtaOUI3YlFEUG9nZz090&usg=AFQjCNEtDKrNwguP38PD_T9G9LqB-j07sg\" target=\"_blank\" rel=\"noopener\">HBSC-Studie (Health Behavior in School-aged Children Study)<\/a><\/p><p><a href=\"http:\/\/www.springermedizin.at\/gesundheitspolitik\/?full=56766\" target=\"_blank\" rel=\"noopener\">Expertenbericht<\/a><\/p><p>\u00a0<\/p><p>\u00a0<\/p><p><strong><u>\u00a0<\/u><\/strong><\/p>","_et_gb_content_width":"","footnotes":""},"categories":[237],"tags":[],"class_list":["post-9078","post","type-post","status-publish","format-standard","hentry","category-literatur-und-hintergrundwissen"],"yoast_head":"<!-- This site is optimized with the Yoast SEO plugin v26.2 - https:\/\/yoast.com\/wordpress\/plugins\/seo\/ -->\n<title>Jung, gesund, rauchfrei \u2013 die Zukunft der \u00f6sterreichischen Jugend! - Rauchfrei Telefon<\/title>\n<meta name=\"robots\" content=\"index, follow, max-snippet:-1, max-image-preview:large, max-video-preview:-1\" \/>\n<link rel=\"canonical\" href=\"https:\/\/rauchfrei.at\/jung-gesund-rauchfrei-die-zukunft-der-oesterreichischen-jugend\/\" \/>\n<meta property=\"og:locale\" content=\"en_US\" \/>\n<meta property=\"og:type\" content=\"article\" \/>\n<meta property=\"og:title\" content=\"Jung, gesund, rauchfrei \u2013 die Zukunft der \u00f6sterreichischen Jugend! - Rauchfrei Telefon\" \/>\n<meta property=\"og:description\" content=\"In \u00d6sterreich wird am 30.3. in der LandesjugendreferentInnen-Konferenz \u00fcber die  Anhebung des Jugendschutzalters f\u00fcr Tabakkonsum von 16 auf 18 Jahre diskutiert. Eine Anhebung ist auf jeden Fall zu begr\u00fc\u00dfen.\" \/>\n<meta property=\"og:url\" content=\"https:\/\/rauchfrei.at\/jung-gesund-rauchfrei-die-zukunft-der-oesterreichischen-jugend\/\" \/>\n<meta property=\"og:site_name\" content=\"Rauchfrei Telefon\" \/>\n<meta property=\"article:published_time\" content=\"2017-03-29T07:00:26+00:00\" \/>\n<meta property=\"article:modified_time\" content=\"2020-03-23T17:32:09+00:00\" \/>\n<meta name=\"author\" content=\"Andrea B\u00fcttner\" \/>\n<meta name=\"twitter:card\" content=\"summary_large_image\" \/>\n<meta name=\"twitter:label1\" content=\"Written by\" \/>\n\t<meta name=\"twitter:data1\" content=\"Andrea B\u00fcttner\" \/>\n\t<meta name=\"twitter:label2\" content=\"Est. reading time\" \/>\n\t<meta name=\"twitter:data2\" content=\"2 minutes\" \/>\n<script type=\"application\/ld+json\" class=\"yoast-schema-graph\">{\"@context\":\"https:\/\/schema.org\",\"@graph\":[{\"@type\":\"WebPage\",\"@id\":\"https:\/\/rauchfrei.at\/jung-gesund-rauchfrei-die-zukunft-der-oesterreichischen-jugend\/\",\"url\":\"https:\/\/rauchfrei.at\/jung-gesund-rauchfrei-die-zukunft-der-oesterreichischen-jugend\/\",\"name\":\"Jung, gesund, rauchfrei \u2013 die Zukunft der \u00f6sterreichischen Jugend! - Rauchfrei Telefon\",\"isPartOf\":{\"@id\":\"https:\/\/rauchfrei.at\/#website\"},\"datePublished\":\"2017-03-29T07:00:26+00:00\",\"dateModified\":\"2020-03-23T17:32:09+00:00\",\"author\":{\"@id\":\"https:\/\/rauchfrei.at\/#\/schema\/person\/7993cb8bdf02ba65fd4ec8ec38b2dbbf\"},\"inLanguage\":\"en-US\",\"potentialAction\":[{\"@type\":\"ReadAction\",\"target\":[\"https:\/\/rauchfrei.at\/jung-gesund-rauchfrei-die-zukunft-der-oesterreichischen-jugend\/\"]}]},{\"@type\":\"WebSite\",\"@id\":\"https:\/\/rauchfrei.at\/#website\",\"url\":\"https:\/\/rauchfrei.at\/\",\"name\":\"Rauchfrei Telefon\",\"description\":\"Eine \u00f6sterreichweite Initiative der Sozialversicherungen.\",\"potentialAction\":[{\"@type\":\"SearchAction\",\"target\":{\"@type\":\"EntryPoint\",\"urlTemplate\":\"https:\/\/rauchfrei.at\/?s={search_term_string}\"},\"query-input\":{\"@type\":\"PropertyValueSpecification\",\"valueRequired\":true,\"valueName\":\"search_term_string\"}}],\"inLanguage\":\"en-US\"},{\"@type\":\"Person\",\"@id\":\"https:\/\/rauchfrei.at\/#\/schema\/person\/7993cb8bdf02ba65fd4ec8ec38b2dbbf\",\"name\":\"Andrea B\u00fcttner\",\"image\":{\"@type\":\"ImageObject\",\"inLanguage\":\"en-US\",\"@id\":\"https:\/\/rauchfrei.at\/#\/schema\/person\/image\/\",\"url\":\"https:\/\/secure.gravatar.com\/avatar\/0f26ab1de0c83f37b101366a1244bf5de74c6d9c0641811dc6f7fc551dad1c7f?s=96&d=mm&r=g\",\"contentUrl\":\"https:\/\/secure.gravatar.com\/avatar\/0f26ab1de0c83f37b101366a1244bf5de74c6d9c0641811dc6f7fc551dad1c7f?s=96&d=mm&r=g\",\"caption\":\"Andrea B\u00fcttner\"},\"url\":\"https:\/\/rauchfrei.at\/en\/author\/buettner\/\"}]}<\/script>\n<!-- \/ Yoast SEO plugin. -->","yoast_head_json":{"title":"Jung, gesund, rauchfrei \u2013 die Zukunft der \u00f6sterreichischen Jugend! - Rauchfrei Telefon","robots":{"index":"index","follow":"follow","max-snippet":"max-snippet:-1","max-image-preview":"max-image-preview:large","max-video-preview":"max-video-preview:-1"},"canonical":"https:\/\/rauchfrei.at\/jung-gesund-rauchfrei-die-zukunft-der-oesterreichischen-jugend\/","og_locale":"en_US","og_type":"article","og_title":"Jung, gesund, rauchfrei \u2013 die Zukunft der \u00f6sterreichischen Jugend! - Rauchfrei Telefon","og_description":"In \u00d6sterreich wird am 30.3. in der LandesjugendreferentInnen-Konferenz \u00fcber die  Anhebung des Jugendschutzalters f\u00fcr Tabakkonsum von 16 auf 18 Jahre diskutiert. Eine Anhebung ist auf jeden Fall zu begr\u00fc\u00dfen.","og_url":"https:\/\/rauchfrei.at\/jung-gesund-rauchfrei-die-zukunft-der-oesterreichischen-jugend\/","og_site_name":"Rauchfrei Telefon","article_published_time":"2017-03-29T07:00:26+00:00","article_modified_time":"2020-03-23T17:32:09+00:00","author":"Andrea B\u00fcttner","twitter_card":"summary_large_image","twitter_misc":{"Written by":"Andrea B\u00fcttner","Est. reading time":"2 minutes"},"schema":{"@context":"https:\/\/schema.org","@graph":[{"@type":"WebPage","@id":"https:\/\/rauchfrei.at\/jung-gesund-rauchfrei-die-zukunft-der-oesterreichischen-jugend\/","url":"https:\/\/rauchfrei.at\/jung-gesund-rauchfrei-die-zukunft-der-oesterreichischen-jugend\/","name":"Jung, gesund, rauchfrei \u2013 die Zukunft der \u00f6sterreichischen Jugend! - Rauchfrei Telefon","isPartOf":{"@id":"https:\/\/rauchfrei.at\/#website"},"datePublished":"2017-03-29T07:00:26+00:00","dateModified":"2020-03-23T17:32:09+00:00","author":{"@id":"https:\/\/rauchfrei.at\/#\/schema\/person\/7993cb8bdf02ba65fd4ec8ec38b2dbbf"},"inLanguage":"en-US","potentialAction":[{"@type":"ReadAction","target":["https:\/\/rauchfrei.at\/jung-gesund-rauchfrei-die-zukunft-der-oesterreichischen-jugend\/"]}]},{"@type":"WebSite","@id":"https:\/\/rauchfrei.at\/#website","url":"https:\/\/rauchfrei.at\/","name":"Rauchfrei Telefon","description":"Eine \u00f6sterreichweite Initiative der Sozialversicherungen.","potentialAction":[{"@type":"SearchAction","target":{"@type":"EntryPoint","urlTemplate":"https:\/\/rauchfrei.at\/?s={search_term_string}"},"query-input":{"@type":"PropertyValueSpecification","valueRequired":true,"valueName":"search_term_string"}}],"inLanguage":"en-US"},{"@type":"Person","@id":"https:\/\/rauchfrei.at\/#\/schema\/person\/7993cb8bdf02ba65fd4ec8ec38b2dbbf","name":"Andrea B\u00fcttner","image":{"@type":"ImageObject","inLanguage":"en-US","@id":"https:\/\/rauchfrei.at\/#\/schema\/person\/image\/","url":"https:\/\/secure.gravatar.com\/avatar\/0f26ab1de0c83f37b101366a1244bf5de74c6d9c0641811dc6f7fc551dad1c7f?s=96&d=mm&r=g","contentUrl":"https:\/\/secure.gravatar.com\/avatar\/0f26ab1de0c83f37b101366a1244bf5de74c6d9c0641811dc6f7fc551dad1c7f?s=96&d=mm&r=g","caption":"Andrea B\u00fcttner"},"url":"https:\/\/rauchfrei.at\/en\/author\/buettner\/"}]}},"_links":{"self":[{"href":"https:\/\/rauchfrei.at\/en\/wp-json\/wp\/v2\/posts\/9078","targetHints":{"allow":["GET"]}}],"collection":[{"href":"https:\/\/rauchfrei.at\/en\/wp-json\/wp\/v2\/posts"}],"about":[{"href":"https:\/\/rauchfrei.at\/en\/wp-json\/wp\/v2\/types\/post"}],"author":[{"embeddable":true,"href":"https:\/\/rauchfrei.at\/en\/wp-json\/wp\/v2\/users\/11"}],"replies":[{"embeddable":true,"href":"https:\/\/rauchfrei.at\/en\/wp-json\/wp\/v2\/comments?post=9078"}],"version-history":[{"count":5,"href":"https:\/\/rauchfrei.at\/en\/wp-json\/wp\/v2\/posts\/9078\/revisions"}],"predecessor-version":[{"id":18429,"href":"https:\/\/rauchfrei.at\/en\/wp-json\/wp\/v2\/posts\/9078\/revisions\/18429"}],"wp:attachment":[{"href":"https:\/\/rauchfrei.at\/en\/wp-json\/wp\/v2\/media?parent=9078"}],"wp:term":[{"taxonomy":"category","embeddable":true,"href":"https:\/\/rauchfrei.at\/en\/wp-json\/wp\/v2\/categories?post=9078"},{"taxonomy":"post_tag","embeddable":true,"href":"https:\/\/rauchfrei.at\/en\/wp-json\/wp\/v2\/tags?post=9078"}],"curies":[{"name":"wp","href":"https:\/\/api.w.org\/{rel}","templated":true}]}}