
{"id":9086,"date":"2017-03-13T09:56:49","date_gmt":"2017-03-13T07:56:49","guid":{"rendered":"http:\/\/rauchfrei.at\/?p=9086"},"modified":"2021-07-28T10:57:39","modified_gmt":"2021-07-28T08:57:39","slug":"die-vielen-positiven-folgen-des-rauchstopps-eine-aktuelle-kampagne-zum-rauchstopp-in-der-steiermark","status":"publish","type":"post","link":"https:\/\/rauchfrei.at\/en\/die-vielen-positiven-folgen-des-rauchstopps-eine-aktuelle-kampagne-zum-rauchstopp-in-der-steiermark\/","title":{"rendered":"Die vielen positiven Folgen des Rauchstopps \u2013 eine aktuelle Kampagne zum Rauchstopp in der Steiermark"},"content":{"rendered":"<p>[et_pb_section fb_built=&#8221;1&#8243; module_class=&#8221;header&#8221; _builder_version=&#8221;3.22&#8243;][et_pb_row _builder_version=&#8221;3.25&#8243;][et_pb_column type=&#8221;4_4&#8243; _builder_version=&#8221;3.25&#8243; custom_padding=&#8221;|||&#8221; custom_padding__hover=&#8221;|||&#8221;][et_pb_dp_dmb_module_10001 _builder_version=&#8221;3.21.1&#8243;][\/et_pb_dp_dmb_module_10001][\/et_pb_column][\/et_pb_row][\/et_pb_section][et_pb_section fb_built=&#8221;1&#8243; _builder_version=&#8221;3.22&#8243;][et_pb_row _builder_version=&#8221;3.25&#8243; background_size=&#8221;initial&#8221; background_position=&#8221;top_left&#8221; background_repeat=&#8221;repeat&#8221; column_structure=&#8221;2_3,1_3&#8243;][et_pb_column type=&#8221;2_3&#8243; _builder_version=&#8221;3.25&#8243; custom_padding=&#8221;|||&#8221; custom_padding__hover=&#8221;|||&#8221;][et_pb_text _builder_version=&#8221;4.9.4&#8243; background_size=&#8221;initial&#8221; background_position=&#8221;top_left&#8221; background_repeat=&#8221;repeat&#8221; hover_enabled=&#8221;0&#8243; sticky_enabled=&#8221;0&#8243;]<\/p>\n<p><span style=\"font-size: 15px;\">Die abschreckenden Bilder auf den Zigarettenpackungen beunruhigen und schockieren viele Menschen mit der realistischen Darstellung der negativen Folgen des Rauchens.<\/span><\/p>\n<p>Um zu zeigen, welche positiven Folgen im Gegensatz zum Weiterrauchen der Rauchstopp hat, und warum es sich auszahlt aufzuh\u00f6ren, \u00a0haben die Pr\u00e4ventionsexpertinnen von VIVID die K\u00e4rtchen gestaltet, die \u00fcber Angebote zur Tabakentw\u00f6hnung in der Steiermark (auch das Rauchfrei Telefon) informieren.<\/p>\n<p>Sie motivieren dazu, die positiven Aspekte der Rauchfreiheit zu sehen, auch wenn es manchmal nicht ganz einfach ist, rauchfrei zu werden.<\/p>\n<p>Mit professioneller Hilfe und den positiven Folgen vor Augen gelingt der Rauchstopp leichter.<\/p>\n<p>Hier zwei Beispiele der neuen \u201eEntw\u00f6hnk\u00e4rtchen\u201c:<\/p>\n<p>&nbsp;<\/p>\n<p><img loading=\"lazy\" decoding=\"async\" class=\"wp-image-9087 aligncenter\" src=\"https:\/\/rauchfrei.at\/wp-content\/uploads\/Bild-mit-Wecker-480x312.jpg\" alt=\"Bild mit Wecker\" data-id=\"9087\" width=\"328\" height=\"213\" srcset=\"https:\/\/rauchfrei.at\/wp-content\/uploads\/Bild-mit-Wecker-480x312.jpg 480w, https:\/\/rauchfrei.at\/wp-content\/uploads\/Bild-mit-Wecker-225x146.jpg 225w, https:\/\/rauchfrei.at\/wp-content\/uploads\/Bild-mit-Wecker-768x499.jpg 768w, https:\/\/rauchfrei.at\/wp-content\/uploads\/Bild-mit-Wecker.jpg 1013w\" sizes=\"(max-width: 328px) 100vw, 328px\" \/><\/p>\n<p><img loading=\"lazy\" decoding=\"async\" class=\"wp-image-9088 aligncenter\" src=\"https:\/\/rauchfrei.at\/wp-content\/uploads\/Entw\u00f6hnk\u00e4rtchen_besser-riechen-480x324.jpg\" alt=\"Entw\u00f6hnk\u00e4rtchen_besser riechen\" data-id=\"9088\" width=\"322\" height=\"217\" srcset=\"https:\/\/rauchfrei.at\/wp-content\/uploads\/Entw\u00f6hnk\u00e4rtchen_besser-riechen-480x324.jpg 480w, https:\/\/rauchfrei.at\/wp-content\/uploads\/Entw\u00f6hnk\u00e4rtchen_besser-riechen-225x152.jpg 225w, https:\/\/rauchfrei.at\/wp-content\/uploads\/Entw\u00f6hnk\u00e4rtchen_besser-riechen.jpg 660w\" sizes=\"(max-width: 322px) 100vw, 322px\" \/><\/p>\n<p>Alle Bilder und weitere Informationen zu dieser Kampagne finden Sie bei\u00a0\u00a0<a href=\"https:\/\/www.vivid.at\/angebote\/tabakpraeventionsstrategie-steiermark\/\" target=\"_blank\" rel=\"noopener noreferrer\">VIVID<\/a>.<\/p>\n<p>&nbsp;<\/p>\n<p>[\/et_pb_text][\/et_pb_column][et_pb_column type=&#8221;1_3&#8243; _builder_version=&#8221;3.25&#8243; custom_padding=&#8221;|||&#8221; custom_padding__hover=&#8221;|||&#8221;][et_pb_sidebar area=&#8221;sidebar-1&#8243; _builder_version=&#8221;3.15&#8243;][\/et_pb_sidebar][\/et_pb_column][\/et_pb_row][\/et_pb_section]<\/p>\n","protected":false},"excerpt":{"rendered":"<p>Die Fachstelle f\u00fcr Suchtpr\u00e4vention in der Steiermark VIVID weist in ihrer aktuellen Kampagne auf die vielen positiven Folgen des Rauchstopps hin. In Zukunft ein st\u00e4rkeres Herz haben, ohne Husten aufwachen, besser Luft bekommen oder in Zukunft j\u00fcnger aussehen, sind nur einige der Anreize f\u00fcr den Rauchstopp.<\/p>\n","protected":false},"author":11,"featured_media":0,"comment_status":"open","ping_status":"open","sticky":false,"template":"","format":"standard","meta":{"_et_pb_use_builder":"on","_et_pb_old_content":"<p>\u00a0<\/p><p>Die abschreckenden Bilder auf den Zigarettenpackungen beunruhigen und schockieren viele Menschen mit der realistischen Darstellung der negativen Folgen des Rauchens.<\/p><p>\u00a0<\/p><p>Um zu zeigen, welche positiven Folgen im Gegensatz zum Weiterrauchen der Rauchstopp hat, und warum es sich auszahlt aufzuh\u00f6ren, \u00a0haben die Pr\u00e4ventionsexpertinnen von VIVID die K\u00e4rtchen gestaltet, die \u00fcber Angebote zur Tabakentw\u00f6hnung in der Steiermark (auch das Rauchfrei Telefon) informieren.<\/p><p>\u00a0<\/p><p>Sie motivieren dazu, die positiven Aspekte der Rauchfreiheit zu sehen, auch wenn es manchmal nicht ganz einfach ist, rauchfrei zu werden.<\/p><p>\u00a0<\/p><p>Mit professioneller Hilfe und den positiven Folgen vor Augen gelingt der Rauchstopp leichter.<\/p><p>\u00a0<\/p><p>Hier zwei Beispiele der neuen \u201eEntw\u00f6hnk\u00e4rtchen\u201c:<\/p><p>\u00a0<\/p><p><img class=\"wp-image-9087 aligncenter\" src=\"https:\/\/rauchfrei.at\/wp-content\/uploads\/Bild-mit-Wecker-480x312.jpg\" alt=\"Bild mit Wecker\" width=\"328\" height=\"213\" data-id=\"9087\" \/><\/p><p><img class=\"wp-image-9088 aligncenter\" src=\"https:\/\/rauchfrei.at\/wp-content\/uploads\/Entw\u00f6hnk\u00e4rtchen_besser-riechen-480x324.jpg\" alt=\"Entw\u00f6hnk\u00e4rtchen_besser riechen\" width=\"322\" height=\"217\" data-id=\"9088\" \/><\/p><p>\u00a0<\/p><p>Alle Bilder und weitere Informationen zu dieser Kampagne finden Sie bei\u00a0\u00a0<a href=\"http:\/\/www.vivid.at\/informaterial\/tabakinfos\/\" target=\"_blank\" rel=\"noopener\">VIVID<\/a>.<\/p><p>\u00a0<\/p><p>\u00a0<\/p>","_et_gb_content_width":"","footnotes":""},"categories":[237,236],"tags":[],"class_list":["post-9086","post","type-post","status-publish","format-standard","hentry","category-literatur-und-hintergrundwissen","category-nicht-kategorisiert"],"yoast_head":"<!-- This site is optimized with the Yoast SEO plugin v26.2 - https:\/\/yoast.com\/wordpress\/plugins\/seo\/ -->\n<title>Die vielen positiven Folgen des Rauchstopps \u2013 eine aktuelle Kampagne zum Rauchstopp in der Steiermark - Rauchfrei Telefon<\/title>\n<meta name=\"robots\" content=\"index, follow, max-snippet:-1, max-image-preview:large, max-video-preview:-1\" \/>\n<link rel=\"canonical\" href=\"https:\/\/rauchfrei.at\/die-vielen-positiven-folgen-des-rauchstopps-eine-aktuelle-kampagne-zum-rauchstopp-in-der-steiermark\/\" \/>\n<meta property=\"og:locale\" content=\"en_US\" \/>\n<meta property=\"og:type\" content=\"article\" \/>\n<meta property=\"og:title\" content=\"Die vielen positiven Folgen des Rauchstopps \u2013 eine aktuelle Kampagne zum Rauchstopp in der Steiermark - Rauchfrei Telefon\" \/>\n<meta property=\"og:description\" content=\"Die Fachstelle f\u00fcr Suchtpr\u00e4vention in der Steiermark VIVID weist in ihrer aktuellen Kampagne auf die vielen positiven Folgen des Rauchstopps hin. In Zukunft ein st\u00e4rkeres Herz haben, ohne Husten aufwachen, besser Luft bekommen oder in Zukunft j\u00fcnger aussehen, sind nur einige der Anreize f\u00fcr den Rauchstopp.\" \/>\n<meta property=\"og:url\" content=\"https:\/\/rauchfrei.at\/die-vielen-positiven-folgen-des-rauchstopps-eine-aktuelle-kampagne-zum-rauchstopp-in-der-steiermark\/\" \/>\n<meta property=\"og:site_name\" content=\"Rauchfrei Telefon\" \/>\n<meta property=\"article:published_time\" content=\"2017-03-13T07:56:49+00:00\" \/>\n<meta property=\"article:modified_time\" content=\"2021-07-28T08:57:39+00:00\" \/>\n<meta property=\"og:image\" content=\"https:\/\/rauchfrei.at\/wp-content\/uploads\/Bild-mit-Wecker-480x312.jpg\" \/>\n<meta name=\"author\" content=\"Andrea B\u00fcttner\" \/>\n<meta name=\"twitter:card\" content=\"summary_large_image\" \/>\n<meta name=\"twitter:label1\" content=\"Written by\" \/>\n\t<meta name=\"twitter:data1\" content=\"Andrea B\u00fcttner\" \/>\n\t<meta name=\"twitter:label2\" content=\"Est. reading time\" \/>\n\t<meta name=\"twitter:data2\" content=\"1 minute\" \/>\n<script type=\"application\/ld+json\" class=\"yoast-schema-graph\">{\"@context\":\"https:\/\/schema.org\",\"@graph\":[{\"@type\":\"WebPage\",\"@id\":\"https:\/\/rauchfrei.at\/die-vielen-positiven-folgen-des-rauchstopps-eine-aktuelle-kampagne-zum-rauchstopp-in-der-steiermark\/\",\"url\":\"https:\/\/rauchfrei.at\/die-vielen-positiven-folgen-des-rauchstopps-eine-aktuelle-kampagne-zum-rauchstopp-in-der-steiermark\/\",\"name\":\"Die vielen positiven Folgen des Rauchstopps \u2013 eine aktuelle Kampagne zum Rauchstopp in der Steiermark - Rauchfrei Telefon\",\"isPartOf\":{\"@id\":\"https:\/\/rauchfrei.at\/#website\"},\"primaryImageOfPage\":{\"@id\":\"https:\/\/rauchfrei.at\/die-vielen-positiven-folgen-des-rauchstopps-eine-aktuelle-kampagne-zum-rauchstopp-in-der-steiermark\/#primaryimage\"},\"image\":{\"@id\":\"https:\/\/rauchfrei.at\/die-vielen-positiven-folgen-des-rauchstopps-eine-aktuelle-kampagne-zum-rauchstopp-in-der-steiermark\/#primaryimage\"},\"thumbnailUrl\":\"https:\/\/rauchfrei.at\/wp-content\/uploads\/Bild-mit-Wecker-480x312.jpg\",\"datePublished\":\"2017-03-13T07:56:49+00:00\",\"dateModified\":\"2021-07-28T08:57:39+00:00\",\"author\":{\"@id\":\"https:\/\/rauchfrei.at\/#\/schema\/person\/7993cb8bdf02ba65fd4ec8ec38b2dbbf\"},\"inLanguage\":\"en-US\",\"potentialAction\":[{\"@type\":\"ReadAction\",\"target\":[\"https:\/\/rauchfrei.at\/die-vielen-positiven-folgen-des-rauchstopps-eine-aktuelle-kampagne-zum-rauchstopp-in-der-steiermark\/\"]}]},{\"@type\":\"ImageObject\",\"inLanguage\":\"en-US\",\"@id\":\"https:\/\/rauchfrei.at\/die-vielen-positiven-folgen-des-rauchstopps-eine-aktuelle-kampagne-zum-rauchstopp-in-der-steiermark\/#primaryimage\",\"url\":\"https:\/\/rauchfrei.at\/wp-content\/uploads\/Bild-mit-Wecker-480x312.jpg\",\"contentUrl\":\"https:\/\/rauchfrei.at\/wp-content\/uploads\/Bild-mit-Wecker-480x312.jpg\"},{\"@type\":\"WebSite\",\"@id\":\"https:\/\/rauchfrei.at\/#website\",\"url\":\"https:\/\/rauchfrei.at\/\",\"name\":\"Rauchfrei Telefon\",\"description\":\"Eine \u00f6sterreichweite Initiative der Sozialversicherungen.\",\"potentialAction\":[{\"@type\":\"SearchAction\",\"target\":{\"@type\":\"EntryPoint\",\"urlTemplate\":\"https:\/\/rauchfrei.at\/?s={search_term_string}\"},\"query-input\":{\"@type\":\"PropertyValueSpecification\",\"valueRequired\":true,\"valueName\":\"search_term_string\"}}],\"inLanguage\":\"en-US\"},{\"@type\":\"Person\",\"@id\":\"https:\/\/rauchfrei.at\/#\/schema\/person\/7993cb8bdf02ba65fd4ec8ec38b2dbbf\",\"name\":\"Andrea B\u00fcttner\",\"image\":{\"@type\":\"ImageObject\",\"inLanguage\":\"en-US\",\"@id\":\"https:\/\/rauchfrei.at\/#\/schema\/person\/image\/\",\"url\":\"https:\/\/secure.gravatar.com\/avatar\/0f26ab1de0c83f37b101366a1244bf5de74c6d9c0641811dc6f7fc551dad1c7f?s=96&d=mm&r=g\",\"contentUrl\":\"https:\/\/secure.gravatar.com\/avatar\/0f26ab1de0c83f37b101366a1244bf5de74c6d9c0641811dc6f7fc551dad1c7f?s=96&d=mm&r=g\",\"caption\":\"Andrea B\u00fcttner\"},\"url\":\"https:\/\/rauchfrei.at\/en\/author\/buettner\/\"}]}<\/script>\n<!-- \/ Yoast SEO plugin. -->","yoast_head_json":{"title":"Die vielen positiven Folgen des Rauchstopps \u2013 eine aktuelle Kampagne zum Rauchstopp in der Steiermark - Rauchfrei Telefon","robots":{"index":"index","follow":"follow","max-snippet":"max-snippet:-1","max-image-preview":"max-image-preview:large","max-video-preview":"max-video-preview:-1"},"canonical":"https:\/\/rauchfrei.at\/die-vielen-positiven-folgen-des-rauchstopps-eine-aktuelle-kampagne-zum-rauchstopp-in-der-steiermark\/","og_locale":"en_US","og_type":"article","og_title":"Die vielen positiven Folgen des Rauchstopps \u2013 eine aktuelle Kampagne zum Rauchstopp in der Steiermark - Rauchfrei Telefon","og_description":"Die Fachstelle f\u00fcr Suchtpr\u00e4vention in der Steiermark VIVID weist in ihrer aktuellen Kampagne auf die vielen positiven Folgen des Rauchstopps hin. In Zukunft ein st\u00e4rkeres Herz haben, ohne Husten aufwachen, besser Luft bekommen oder in Zukunft j\u00fcnger aussehen, sind nur einige der Anreize f\u00fcr den Rauchstopp.","og_url":"https:\/\/rauchfrei.at\/die-vielen-positiven-folgen-des-rauchstopps-eine-aktuelle-kampagne-zum-rauchstopp-in-der-steiermark\/","og_site_name":"Rauchfrei Telefon","article_published_time":"2017-03-13T07:56:49+00:00","article_modified_time":"2021-07-28T08:57:39+00:00","og_image":[{"url":"https:\/\/rauchfrei.at\/wp-content\/uploads\/Bild-mit-Wecker-480x312.jpg","type":"","width":"","height":""}],"author":"Andrea B\u00fcttner","twitter_card":"summary_large_image","twitter_misc":{"Written by":"Andrea B\u00fcttner","Est. reading time":"1 minute"},"schema":{"@context":"https:\/\/schema.org","@graph":[{"@type":"WebPage","@id":"https:\/\/rauchfrei.at\/die-vielen-positiven-folgen-des-rauchstopps-eine-aktuelle-kampagne-zum-rauchstopp-in-der-steiermark\/","url":"https:\/\/rauchfrei.at\/die-vielen-positiven-folgen-des-rauchstopps-eine-aktuelle-kampagne-zum-rauchstopp-in-der-steiermark\/","name":"Die vielen positiven Folgen des Rauchstopps \u2013 eine aktuelle Kampagne zum Rauchstopp in der Steiermark - Rauchfrei Telefon","isPartOf":{"@id":"https:\/\/rauchfrei.at\/#website"},"primaryImageOfPage":{"@id":"https:\/\/rauchfrei.at\/die-vielen-positiven-folgen-des-rauchstopps-eine-aktuelle-kampagne-zum-rauchstopp-in-der-steiermark\/#primaryimage"},"image":{"@id":"https:\/\/rauchfrei.at\/die-vielen-positiven-folgen-des-rauchstopps-eine-aktuelle-kampagne-zum-rauchstopp-in-der-steiermark\/#primaryimage"},"thumbnailUrl":"https:\/\/rauchfrei.at\/wp-content\/uploads\/Bild-mit-Wecker-480x312.jpg","datePublished":"2017-03-13T07:56:49+00:00","dateModified":"2021-07-28T08:57:39+00:00","author":{"@id":"https:\/\/rauchfrei.at\/#\/schema\/person\/7993cb8bdf02ba65fd4ec8ec38b2dbbf"},"inLanguage":"en-US","potentialAction":[{"@type":"ReadAction","target":["https:\/\/rauchfrei.at\/die-vielen-positiven-folgen-des-rauchstopps-eine-aktuelle-kampagne-zum-rauchstopp-in-der-steiermark\/"]}]},{"@type":"ImageObject","inLanguage":"en-US","@id":"https:\/\/rauchfrei.at\/die-vielen-positiven-folgen-des-rauchstopps-eine-aktuelle-kampagne-zum-rauchstopp-in-der-steiermark\/#primaryimage","url":"https:\/\/rauchfrei.at\/wp-content\/uploads\/Bild-mit-Wecker-480x312.jpg","contentUrl":"https:\/\/rauchfrei.at\/wp-content\/uploads\/Bild-mit-Wecker-480x312.jpg"},{"@type":"WebSite","@id":"https:\/\/rauchfrei.at\/#website","url":"https:\/\/rauchfrei.at\/","name":"Rauchfrei Telefon","description":"Eine \u00f6sterreichweite Initiative der Sozialversicherungen.","potentialAction":[{"@type":"SearchAction","target":{"@type":"EntryPoint","urlTemplate":"https:\/\/rauchfrei.at\/?s={search_term_string}"},"query-input":{"@type":"PropertyValueSpecification","valueRequired":true,"valueName":"search_term_string"}}],"inLanguage":"en-US"},{"@type":"Person","@id":"https:\/\/rauchfrei.at\/#\/schema\/person\/7993cb8bdf02ba65fd4ec8ec38b2dbbf","name":"Andrea B\u00fcttner","image":{"@type":"ImageObject","inLanguage":"en-US","@id":"https:\/\/rauchfrei.at\/#\/schema\/person\/image\/","url":"https:\/\/secure.gravatar.com\/avatar\/0f26ab1de0c83f37b101366a1244bf5de74c6d9c0641811dc6f7fc551dad1c7f?s=96&d=mm&r=g","contentUrl":"https:\/\/secure.gravatar.com\/avatar\/0f26ab1de0c83f37b101366a1244bf5de74c6d9c0641811dc6f7fc551dad1c7f?s=96&d=mm&r=g","caption":"Andrea B\u00fcttner"},"url":"https:\/\/rauchfrei.at\/en\/author\/buettner\/"}]}},"_links":{"self":[{"href":"https:\/\/rauchfrei.at\/en\/wp-json\/wp\/v2\/posts\/9086","targetHints":{"allow":["GET"]}}],"collection":[{"href":"https:\/\/rauchfrei.at\/en\/wp-json\/wp\/v2\/posts"}],"about":[{"href":"https:\/\/rauchfrei.at\/en\/wp-json\/wp\/v2\/types\/post"}],"author":[{"embeddable":true,"href":"https:\/\/rauchfrei.at\/en\/wp-json\/wp\/v2\/users\/11"}],"replies":[{"embeddable":true,"href":"https:\/\/rauchfrei.at\/en\/wp-json\/wp\/v2\/comments?post=9086"}],"version-history":[{"count":7,"href":"https:\/\/rauchfrei.at\/en\/wp-json\/wp\/v2\/posts\/9086\/revisions"}],"predecessor-version":[{"id":21385,"href":"https:\/\/rauchfrei.at\/en\/wp-json\/wp\/v2\/posts\/9086\/revisions\/21385"}],"wp:attachment":[{"href":"https:\/\/rauchfrei.at\/en\/wp-json\/wp\/v2\/media?parent=9086"}],"wp:term":[{"taxonomy":"category","embeddable":true,"href":"https:\/\/rauchfrei.at\/en\/wp-json\/wp\/v2\/categories?post=9086"},{"taxonomy":"post_tag","embeddable":true,"href":"https:\/\/rauchfrei.at\/en\/wp-json\/wp\/v2\/tags?post=9086"}],"curies":[{"name":"wp","href":"https:\/\/api.w.org\/{rel}","templated":true}]}}