
{"id":9145,"date":"2017-03-24T10:32:06","date_gmt":"2017-03-24T08:32:06","guid":{"rendered":"http:\/\/rauchfrei.at\/?p=9145"},"modified":"2019-04-26T18:31:37","modified_gmt":"2019-04-26T16:31:37","slug":"european-tobacco-control-scale-2016-oesterreich-ist-wieder-schlusslicht","status":"publish","type":"post","link":"https:\/\/rauchfrei.at\/en\/european-tobacco-control-scale-2016-oesterreich-ist-wieder-schlusslicht\/","title":{"rendered":"European Tobacco Control Scale 2016 &#8211; \u00d6sterreich ist wieder Schlusslicht."},"content":{"rendered":"<p>[et_pb_section fb_built=&#8221;1&#8243; module_class=&#8221;header&#8221; _builder_version=&#8221;3.0.99&#8243;][et_pb_row _builder_version=&#8221;3.0.99&#8243;][et_pb_column type=&#8221;4_4&#8243; _builder_version=&#8221;3.0.47&#8243;][et_pb_dp_dmb_module_10001 _builder_version=&#8221;3.21.1&#8243;][\/et_pb_dp_dmb_module_10001][\/et_pb_column][\/et_pb_row][\/et_pb_section][et_pb_section fb_built=&#8221;1&#8243; _builder_version=&#8221;3.0.47&#8243;][et_pb_row _builder_version=&#8221;3.0.48&#8243; background_size=&#8221;initial&#8221; background_position=&#8221;top_left&#8221; background_repeat=&#8221;repeat&#8221;][et_pb_column type=&#8221;2_3&#8243; _builder_version=&#8221;3.0.47&#8243;][et_pb_text _builder_version=&#8221;3.0.74&#8243; background_size=&#8221;initial&#8221; background_position=&#8221;top_left&#8221; background_repeat=&#8221;repeat&#8221;]<\/p>\n<p><span style=\"font-size: 15px;\">Die Tobacco Control Scale (TCS) vergibt 100 Punkte f\u00fcr die Umsetzung wirksamer Strategien der Tabakkontrolle:<\/span><\/p>\n<ul>\n<li>Zigarettenpreis (30),<\/li>\n<li>rauchfreie Arbeitspl\u00e4tze und \u00f6ffentliche Pl\u00e4tze (22).,<\/li>\n<li>\u00f6ffentliche Informationskampagnen (15),<\/li>\n<li>umfassende Werbeverbote (13),<\/li>\n<li>gro\u00dfe Warnhinweise auf den Verpackungen (10) und<\/li>\n<li>Entw\u00f6hnma\u00dfnahmen (10).<\/li>\n<\/ul>\n<p>\u00d6sterreich hat 36 Punkte erreicht und liegt damit an letzter Stelle von 35 L\u00e4ndern. Die Autoren nennen das einen &#8220;problematic score&#8221;. Wir k\u00f6nnen dem nur zustimmen.<\/p>\n<p><strong>Literatur:<\/strong><\/p>\n<p><a href=\"http:\/\/www.tobaccocontrolscale.org\" target=\"_blank\" rel=\"noopener noreferrer\">The Tobacco Control Scale 2016<\/a><\/p>\n<p>[\/et_pb_text][\/et_pb_column][et_pb_column type=&#8221;1_3&#8243; _builder_version=&#8221;3.0.47&#8243;][et_pb_sidebar area=&#8221;sidebar-1&#8243; _builder_version=&#8221;3.15&#8243;][\/et_pb_sidebar][\/et_pb_column][\/et_pb_row][\/et_pb_section]<\/p>\n","protected":false},"excerpt":{"rendered":"<p>Es gibt wirksame Strategien, die Raucherzahlen durch gesetzliche Ma\u00dfnahmen zu senken. Die \u201eTobacco Control Scale\u201c (TCS) misst deren Umsetzung in europ\u00e4ischen L\u00e4ndern. Auf der European Conference on Tobacco or Health (ECToH) in Porto wurde die aktuelle Skala pr\u00e4sentiert.<\/p>\n","protected":false},"author":17,"featured_media":0,"comment_status":"open","ping_status":"open","sticky":false,"template":"","format":"standard","meta":{"_et_pb_use_builder":"on","_et_pb_old_content":"<p>\u00a0<\/p><p>Die Tobacco Control Scale (TCS) vergibt 100 Punkte f\u00fcr die Umsetzung wirksamer Strategien der Tabakkontrolle:<\/p><p>\u00a0<\/p><ul><li>Zigarettenpreis (30),<\/li><li>rauchfreie Arbeitspl\u00e4tze und \u00f6ffentliche Pl\u00e4tze (22).,<\/li><li>\u00f6ffentliche Informationskampagnen (15),<\/li><li>umfassende Werbeverbote (13),<\/li><li>gro\u00dfe Warnhinweise auf den Verpackungen (10) und<\/li><li>Entw\u00f6hnma\u00dfnahmen (10).<\/li><\/ul><p>\u00d6sterreich hat 36 Punkte erreicht und liegt damit an letzter Stelle von 35 L\u00e4ndern. Die Autoren nennen das einen \"problematic score\". Wir k\u00f6nnen dem nur zustimmen.<\/p><p>\u00a0<\/p><p>Literatur:<\/p><p><a href=\"http:\/\/www.tobaccocontrolscale.org\" target=\"_blank\" rel=\"noopener\">The Tobacco Control Scale 2016<\/a><\/p>","_et_gb_content_width":"","footnotes":""},"categories":[237,236],"tags":[],"class_list":["post-9145","post","type-post","status-publish","format-standard","hentry","category-literatur-und-hintergrundwissen","category-nicht-kategorisiert"],"yoast_head":"<!-- This site is optimized with the Yoast SEO plugin v26.2 - https:\/\/yoast.com\/wordpress\/plugins\/seo\/ -->\n<title>European Tobacco Control Scale 2016 - \u00d6sterreich ist wieder Schlusslicht. - Rauchfrei Telefon<\/title>\n<meta name=\"robots\" content=\"index, follow, max-snippet:-1, max-image-preview:large, max-video-preview:-1\" \/>\n<link rel=\"canonical\" href=\"https:\/\/rauchfrei.at\/european-tobacco-control-scale-2016-oesterreich-ist-wieder-schlusslicht\/\" \/>\n<meta property=\"og:locale\" content=\"en_US\" \/>\n<meta property=\"og:type\" content=\"article\" \/>\n<meta property=\"og:title\" content=\"European Tobacco Control Scale 2016 - \u00d6sterreich ist wieder Schlusslicht. - Rauchfrei Telefon\" \/>\n<meta property=\"og:description\" content=\"Es gibt wirksame Strategien, die Raucherzahlen durch gesetzliche Ma\u00dfnahmen zu senken. Die \u201eTobacco Control Scale\u201c (TCS) misst deren Umsetzung in europ\u00e4ischen L\u00e4ndern. Auf der European Conference on Tobacco or Health (ECToH) in Porto wurde die aktuelle Skala pr\u00e4sentiert.\" \/>\n<meta property=\"og:url\" content=\"https:\/\/rauchfrei.at\/european-tobacco-control-scale-2016-oesterreich-ist-wieder-schlusslicht\/\" \/>\n<meta property=\"og:site_name\" content=\"Rauchfrei Telefon\" \/>\n<meta property=\"article:published_time\" content=\"2017-03-24T08:32:06+00:00\" \/>\n<meta property=\"article:modified_time\" content=\"2019-04-26T16:31:37+00:00\" \/>\n<meta name=\"author\" content=\"Gastkommentar\" \/>\n<meta name=\"twitter:card\" content=\"summary_large_image\" \/>\n<meta name=\"twitter:label1\" content=\"Written by\" \/>\n\t<meta name=\"twitter:data1\" content=\"Gastkommentar\" \/>\n\t<meta name=\"twitter:label2\" content=\"Est. reading time\" \/>\n\t<meta name=\"twitter:data2\" content=\"1 minute\" \/>\n<script type=\"application\/ld+json\" class=\"yoast-schema-graph\">{\"@context\":\"https:\/\/schema.org\",\"@graph\":[{\"@type\":\"WebPage\",\"@id\":\"https:\/\/rauchfrei.at\/european-tobacco-control-scale-2016-oesterreich-ist-wieder-schlusslicht\/\",\"url\":\"https:\/\/rauchfrei.at\/european-tobacco-control-scale-2016-oesterreich-ist-wieder-schlusslicht\/\",\"name\":\"European Tobacco Control Scale 2016 - \u00d6sterreich ist wieder Schlusslicht. - Rauchfrei Telefon\",\"isPartOf\":{\"@id\":\"https:\/\/rauchfrei.at\/#website\"},\"datePublished\":\"2017-03-24T08:32:06+00:00\",\"dateModified\":\"2019-04-26T16:31:37+00:00\",\"author\":{\"@id\":\"https:\/\/rauchfrei.at\/#\/schema\/person\/5fc25ba0c5c18c7bb72f39740e4d31da\"},\"inLanguage\":\"en-US\",\"potentialAction\":[{\"@type\":\"ReadAction\",\"target\":[\"https:\/\/rauchfrei.at\/european-tobacco-control-scale-2016-oesterreich-ist-wieder-schlusslicht\/\"]}]},{\"@type\":\"WebSite\",\"@id\":\"https:\/\/rauchfrei.at\/#website\",\"url\":\"https:\/\/rauchfrei.at\/\",\"name\":\"Rauchfrei Telefon\",\"description\":\"Eine \u00f6sterreichweite Initiative der Sozialversicherungen.\",\"potentialAction\":[{\"@type\":\"SearchAction\",\"target\":{\"@type\":\"EntryPoint\",\"urlTemplate\":\"https:\/\/rauchfrei.at\/?s={search_term_string}\"},\"query-input\":{\"@type\":\"PropertyValueSpecification\",\"valueRequired\":true,\"valueName\":\"search_term_string\"}}],\"inLanguage\":\"en-US\"},{\"@type\":\"Person\",\"@id\":\"https:\/\/rauchfrei.at\/#\/schema\/person\/5fc25ba0c5c18c7bb72f39740e4d31da\",\"name\":\"Gastkommentar\",\"image\":{\"@type\":\"ImageObject\",\"inLanguage\":\"en-US\",\"@id\":\"https:\/\/rauchfrei.at\/#\/schema\/person\/image\/\",\"url\":\"https:\/\/secure.gravatar.com\/avatar\/85407d990e69802a3bded43886ed11ed06b45db3bbf254d52dd9f9c82c33dd83?s=96&d=mm&r=g\",\"contentUrl\":\"https:\/\/secure.gravatar.com\/avatar\/85407d990e69802a3bded43886ed11ed06b45db3bbf254d52dd9f9c82c33dd83?s=96&d=mm&r=g\",\"caption\":\"Gastkommentar\"},\"url\":\"https:\/\/rauchfrei.at\/en\/author\/gastkommentar\/\"}]}<\/script>\n<!-- \/ Yoast SEO plugin. -->","yoast_head_json":{"title":"European Tobacco Control Scale 2016 - \u00d6sterreich ist wieder Schlusslicht. - Rauchfrei Telefon","robots":{"index":"index","follow":"follow","max-snippet":"max-snippet:-1","max-image-preview":"max-image-preview:large","max-video-preview":"max-video-preview:-1"},"canonical":"https:\/\/rauchfrei.at\/european-tobacco-control-scale-2016-oesterreich-ist-wieder-schlusslicht\/","og_locale":"en_US","og_type":"article","og_title":"European Tobacco Control Scale 2016 - \u00d6sterreich ist wieder Schlusslicht. - Rauchfrei Telefon","og_description":"Es gibt wirksame Strategien, die Raucherzahlen durch gesetzliche Ma\u00dfnahmen zu senken. Die \u201eTobacco Control Scale\u201c (TCS) misst deren Umsetzung in europ\u00e4ischen L\u00e4ndern. Auf der European Conference on Tobacco or Health (ECToH) in Porto wurde die aktuelle Skala pr\u00e4sentiert.","og_url":"https:\/\/rauchfrei.at\/european-tobacco-control-scale-2016-oesterreich-ist-wieder-schlusslicht\/","og_site_name":"Rauchfrei Telefon","article_published_time":"2017-03-24T08:32:06+00:00","article_modified_time":"2019-04-26T16:31:37+00:00","author":"Gastkommentar","twitter_card":"summary_large_image","twitter_misc":{"Written by":"Gastkommentar","Est. reading time":"1 minute"},"schema":{"@context":"https:\/\/schema.org","@graph":[{"@type":"WebPage","@id":"https:\/\/rauchfrei.at\/european-tobacco-control-scale-2016-oesterreich-ist-wieder-schlusslicht\/","url":"https:\/\/rauchfrei.at\/european-tobacco-control-scale-2016-oesterreich-ist-wieder-schlusslicht\/","name":"European Tobacco Control Scale 2016 - \u00d6sterreich ist wieder Schlusslicht. - Rauchfrei Telefon","isPartOf":{"@id":"https:\/\/rauchfrei.at\/#website"},"datePublished":"2017-03-24T08:32:06+00:00","dateModified":"2019-04-26T16:31:37+00:00","author":{"@id":"https:\/\/rauchfrei.at\/#\/schema\/person\/5fc25ba0c5c18c7bb72f39740e4d31da"},"inLanguage":"en-US","potentialAction":[{"@type":"ReadAction","target":["https:\/\/rauchfrei.at\/european-tobacco-control-scale-2016-oesterreich-ist-wieder-schlusslicht\/"]}]},{"@type":"WebSite","@id":"https:\/\/rauchfrei.at\/#website","url":"https:\/\/rauchfrei.at\/","name":"Rauchfrei Telefon","description":"Eine \u00f6sterreichweite Initiative der Sozialversicherungen.","potentialAction":[{"@type":"SearchAction","target":{"@type":"EntryPoint","urlTemplate":"https:\/\/rauchfrei.at\/?s={search_term_string}"},"query-input":{"@type":"PropertyValueSpecification","valueRequired":true,"valueName":"search_term_string"}}],"inLanguage":"en-US"},{"@type":"Person","@id":"https:\/\/rauchfrei.at\/#\/schema\/person\/5fc25ba0c5c18c7bb72f39740e4d31da","name":"Gastkommentar","image":{"@type":"ImageObject","inLanguage":"en-US","@id":"https:\/\/rauchfrei.at\/#\/schema\/person\/image\/","url":"https:\/\/secure.gravatar.com\/avatar\/85407d990e69802a3bded43886ed11ed06b45db3bbf254d52dd9f9c82c33dd83?s=96&d=mm&r=g","contentUrl":"https:\/\/secure.gravatar.com\/avatar\/85407d990e69802a3bded43886ed11ed06b45db3bbf254d52dd9f9c82c33dd83?s=96&d=mm&r=g","caption":"Gastkommentar"},"url":"https:\/\/rauchfrei.at\/en\/author\/gastkommentar\/"}]}},"_links":{"self":[{"href":"https:\/\/rauchfrei.at\/en\/wp-json\/wp\/v2\/posts\/9145","targetHints":{"allow":["GET"]}}],"collection":[{"href":"https:\/\/rauchfrei.at\/en\/wp-json\/wp\/v2\/posts"}],"about":[{"href":"https:\/\/rauchfrei.at\/en\/wp-json\/wp\/v2\/types\/post"}],"author":[{"embeddable":true,"href":"https:\/\/rauchfrei.at\/en\/wp-json\/wp\/v2\/users\/17"}],"replies":[{"embeddable":true,"href":"https:\/\/rauchfrei.at\/en\/wp-json\/wp\/v2\/comments?post=9145"}],"version-history":[{"count":5,"href":"https:\/\/rauchfrei.at\/en\/wp-json\/wp\/v2\/posts\/9145\/revisions"}],"predecessor-version":[{"id":16168,"href":"https:\/\/rauchfrei.at\/en\/wp-json\/wp\/v2\/posts\/9145\/revisions\/16168"}],"wp:attachment":[{"href":"https:\/\/rauchfrei.at\/en\/wp-json\/wp\/v2\/media?parent=9145"}],"wp:term":[{"taxonomy":"category","embeddable":true,"href":"https:\/\/rauchfrei.at\/en\/wp-json\/wp\/v2\/categories?post=9145"},{"taxonomy":"post_tag","embeddable":true,"href":"https:\/\/rauchfrei.at\/en\/wp-json\/wp\/v2\/tags?post=9145"}],"curies":[{"name":"wp","href":"https:\/\/api.w.org\/{rel}","templated":true}]}}