
{"id":9249,"date":"2017-04-24T10:00:49","date_gmt":"2017-04-24T08:00:49","guid":{"rendered":"http:\/\/rauchfrei.at\/?p=9249"},"modified":"2019-04-26T18:14:34","modified_gmt":"2019-04-26T16:14:34","slug":"freie-plaetze-beim-rauchfrei-kurs-in-tulln","status":"publish","type":"post","link":"https:\/\/rauchfrei.at\/en\/freie-plaetze-beim-rauchfrei-kurs-in-tulln\/","title":{"rendered":"Freie Pl\u00e4tze beim Rauchfrei Kurs in Tulln"},"content":{"rendered":"<p>[et_pb_section fb_built=&#8221;1&#8243; module_class=&#8221;header&#8221; _builder_version=&#8221;3.0.99&#8243;][et_pb_row _builder_version=&#8221;3.0.99&#8243;][et_pb_column type=&#8221;4_4&#8243; _builder_version=&#8221;3.0.47&#8243;][et_pb_dp_dmb_module_10001 _builder_version=&#8221;3.21.1&#8243;][\/et_pb_dp_dmb_module_10001][\/et_pb_column][\/et_pb_row][\/et_pb_section][et_pb_section fb_built=&#8221;1&#8243; _builder_version=&#8221;3.0.47&#8243;][et_pb_row _builder_version=&#8221;3.0.48&#8243; background_size=&#8221;initial&#8221; background_position=&#8221;top_left&#8221; background_repeat=&#8221;repeat&#8221;][et_pb_column type=&#8221;2_3&#8243; _builder_version=&#8221;3.0.47&#8243;][et_pb_text _builder_version=&#8221;3.0.74&#8243; background_size=&#8221;initial&#8221; background_position=&#8221;top_left&#8221; background_repeat=&#8221;repeat&#8221;]<\/p>\n<p><span style=\"font-size: 15px;\">Sie wohnen in der N\u00e4he von Tulln? Nutzen Sie die Gelegenheit sich noch diese Woche bei \u201eRauchfrei in 5 Wochen\u201c anzumelden.<\/span><\/p>\n<p>Der Weg zum Rauchstopp: Das Programm basiert auf f\u00fcnf Gruppensitzungen mit einer Psychologin. Bei den w\u00f6chentlichen Sitzungen erwarten die Teilnehmer\/innen regelm\u00e4\u00dfige Kohlenmonoxid-Messungen, eine Analyse des eigenen Rauchverhaltens, Motivationstechniken und die Entwicklung von alternativen Verhaltensweisen.<\/p>\n<p>Anmeldung unter: Nieder\u00f6sterreichische Gebietskrankenkasse Service-Center Tulln: 050 899-2054<\/p>\n<p>N\u00e4here Informationen zur Teilnahme finden Sie unter: <a href=\"http:\/\/www.noegkk.at\/rauchfreikurse\">www.noegkk.at\/rauchfreikurse<\/a><\/p>\n<p>N\u00fctzen Sie die vielf\u00e4ltigen Angebote in ganz \u00d6sterreich, um rauchfrei zu werden! Informationen dazu erhalten Sie am Rauchfrei Telefon unter 0800 810 013 bzw. auf www.rauchfrei.at unter <a href=\"https:\/\/rauchfrei.at\/aufhoeren\/weitere-beratungsangebote-in-oe\/\"><strong>Beratungsangebote in \u00d6sterreich<\/strong><\/a>.<\/p>\n<p>Auch nach Kursende werden Sie nicht allein gelassen: Bei Interesse besteht die M\u00f6glichkeit einer telefonischen Nachbetreuung durch das Rauchfrei Telefon.<\/p>\n<p>&nbsp;<\/p>\n<p>[\/et_pb_text][\/et_pb_column][et_pb_column type=&#8221;1_3&#8243; _builder_version=&#8221;3.0.47&#8243;][et_pb_sidebar area=&#8221;sidebar-1&#8243; _builder_version=&#8221;3.15&#8243;][\/et_pb_sidebar][\/et_pb_column][\/et_pb_row][\/et_pb_section]<\/p>\n","protected":false},"excerpt":{"rendered":"<p>Die Sozialversicherung bietet laufend Kurse an, um beim Rauchfrei werden zu unterst\u00fctzen. Diese Woche startet ein Kurs der N\u00d6GKK  in Tulln an der Donau.<\/p>\n","protected":false},"author":17,"featured_media":0,"comment_status":"open","ping_status":"open","sticky":false,"template":"","format":"standard","meta":{"_et_pb_use_builder":"on","_et_pb_old_content":"<p>\u00a0<\/p><p>Sie wohnen in der N\u00e4he von Tulln? Nutzen Sie die Gelegenheit sich noch diese Woche bei \u201eRauchfrei in 5 Wochen\u201c anzumelden.<\/p><p>\u00a0<\/p><p>Der Weg zum Rauchstopp: Das Programm basiert auf f\u00fcnf Gruppensitzungen mit einer Psychologin. Bei den w\u00f6chentlichen Sitzungen erwarten die Teilnehmer\/innen regelm\u00e4\u00dfige Kohlenmonoxid-Messungen, eine Analyse des eigenen Rauchverhaltens, Motivationstechniken und die Entwicklung von alternativen Verhaltensweisen.<\/p><p>\u00a0<\/p><p>Anmeldung unter: Nieder\u00f6sterreichische Gebietskrankenkasse Service-Center Tulln: 050 899-2054<\/p><p>\u00a0<\/p><p>N\u00e4here Informationen zur Teilnahme finden Sie unter: <a href=\"http:\/\/www.noegkk.at\/rauchfreikurse\">www.noegkk.at\/rauchfreikurse<\/a><\/p><p>\u00a0<\/p><p>N\u00fctzen Sie die vielf\u00e4ltigen Angebote in ganz \u00d6sterreich, um rauchfrei zu werden! Informationen dazu erhalten Sie am Rauchfrei Telefon unter 0800 810 013 bzw. auf www.rauchfrei.at unter <a href=\"https:\/\/rauchfrei.at\/aufhoeren\/weitere-beratungsangebote-in-oe\/\"><strong>Beratungsangebote in \u00d6sterreich<\/strong><\/a>.<\/p><p>\u00a0<\/p><p>Auch nach Kursende werden Sie nicht allein gelassen: Bei Interesse besteht die M\u00f6glichkeit einer telefonischen Nachbetreuung durch das Rauchfrei Telefon.<\/p><p>\u00a0<\/p><p>\u00a0<\/p>","_et_gb_content_width":"","footnotes":""},"categories":[234],"tags":[],"class_list":["post-9249","post","type-post","status-publish","format-standard","hentry","category-oesterreichweite-angebote-zur-entwoehnung"],"yoast_head":"<!-- This site is optimized with the Yoast SEO plugin v26.2 - https:\/\/yoast.com\/wordpress\/plugins\/seo\/ -->\n<title>Freie Pl\u00e4tze beim Rauchfrei Kurs in Tulln - Rauchfrei Telefon<\/title>\n<meta name=\"robots\" content=\"index, follow, max-snippet:-1, max-image-preview:large, max-video-preview:-1\" \/>\n<link rel=\"canonical\" href=\"https:\/\/rauchfrei.at\/freie-plaetze-beim-rauchfrei-kurs-in-tulln\/\" \/>\n<meta property=\"og:locale\" content=\"en_US\" \/>\n<meta property=\"og:type\" content=\"article\" \/>\n<meta property=\"og:title\" content=\"Freie Pl\u00e4tze beim Rauchfrei Kurs in Tulln - Rauchfrei Telefon\" \/>\n<meta property=\"og:description\" content=\"Die Sozialversicherung bietet laufend Kurse an, um beim Rauchfrei werden zu unterst\u00fctzen. Diese Woche startet ein Kurs der N\u00d6GKK in Tulln an der Donau.\" \/>\n<meta property=\"og:url\" content=\"https:\/\/rauchfrei.at\/freie-plaetze-beim-rauchfrei-kurs-in-tulln\/\" \/>\n<meta property=\"og:site_name\" content=\"Rauchfrei Telefon\" \/>\n<meta property=\"article:published_time\" content=\"2017-04-24T08:00:49+00:00\" \/>\n<meta property=\"article:modified_time\" content=\"2019-04-26T16:14:34+00:00\" \/>\n<meta name=\"author\" content=\"Gastkommentar\" \/>\n<meta name=\"twitter:card\" content=\"summary_large_image\" \/>\n<meta name=\"twitter:label1\" content=\"Written by\" \/>\n\t<meta name=\"twitter:data1\" content=\"Gastkommentar\" \/>\n\t<meta name=\"twitter:label2\" content=\"Est. reading time\" \/>\n\t<meta name=\"twitter:data2\" content=\"1 minute\" \/>\n<script type=\"application\/ld+json\" class=\"yoast-schema-graph\">{\"@context\":\"https:\/\/schema.org\",\"@graph\":[{\"@type\":\"WebPage\",\"@id\":\"https:\/\/rauchfrei.at\/freie-plaetze-beim-rauchfrei-kurs-in-tulln\/\",\"url\":\"https:\/\/rauchfrei.at\/freie-plaetze-beim-rauchfrei-kurs-in-tulln\/\",\"name\":\"Freie Pl\u00e4tze beim Rauchfrei Kurs in Tulln - Rauchfrei Telefon\",\"isPartOf\":{\"@id\":\"https:\/\/rauchfrei.at\/#website\"},\"datePublished\":\"2017-04-24T08:00:49+00:00\",\"dateModified\":\"2019-04-26T16:14:34+00:00\",\"author\":{\"@id\":\"https:\/\/rauchfrei.at\/#\/schema\/person\/5fc25ba0c5c18c7bb72f39740e4d31da\"},\"inLanguage\":\"en-US\",\"potentialAction\":[{\"@type\":\"ReadAction\",\"target\":[\"https:\/\/rauchfrei.at\/freie-plaetze-beim-rauchfrei-kurs-in-tulln\/\"]}]},{\"@type\":\"WebSite\",\"@id\":\"https:\/\/rauchfrei.at\/#website\",\"url\":\"https:\/\/rauchfrei.at\/\",\"name\":\"Rauchfrei Telefon\",\"description\":\"Eine \u00f6sterreichweite Initiative der Sozialversicherungen.\",\"potentialAction\":[{\"@type\":\"SearchAction\",\"target\":{\"@type\":\"EntryPoint\",\"urlTemplate\":\"https:\/\/rauchfrei.at\/?s={search_term_string}\"},\"query-input\":{\"@type\":\"PropertyValueSpecification\",\"valueRequired\":true,\"valueName\":\"search_term_string\"}}],\"inLanguage\":\"en-US\"},{\"@type\":\"Person\",\"@id\":\"https:\/\/rauchfrei.at\/#\/schema\/person\/5fc25ba0c5c18c7bb72f39740e4d31da\",\"name\":\"Gastkommentar\",\"image\":{\"@type\":\"ImageObject\",\"inLanguage\":\"en-US\",\"@id\":\"https:\/\/rauchfrei.at\/#\/schema\/person\/image\/\",\"url\":\"https:\/\/secure.gravatar.com\/avatar\/85407d990e69802a3bded43886ed11ed06b45db3bbf254d52dd9f9c82c33dd83?s=96&d=mm&r=g\",\"contentUrl\":\"https:\/\/secure.gravatar.com\/avatar\/85407d990e69802a3bded43886ed11ed06b45db3bbf254d52dd9f9c82c33dd83?s=96&d=mm&r=g\",\"caption\":\"Gastkommentar\"},\"url\":\"https:\/\/rauchfrei.at\/en\/author\/gastkommentar\/\"}]}<\/script>\n<!-- \/ Yoast SEO plugin. -->","yoast_head_json":{"title":"Freie Pl\u00e4tze beim Rauchfrei Kurs in Tulln - Rauchfrei Telefon","robots":{"index":"index","follow":"follow","max-snippet":"max-snippet:-1","max-image-preview":"max-image-preview:large","max-video-preview":"max-video-preview:-1"},"canonical":"https:\/\/rauchfrei.at\/freie-plaetze-beim-rauchfrei-kurs-in-tulln\/","og_locale":"en_US","og_type":"article","og_title":"Freie Pl\u00e4tze beim Rauchfrei Kurs in Tulln - Rauchfrei Telefon","og_description":"Die Sozialversicherung bietet laufend Kurse an, um beim Rauchfrei werden zu unterst\u00fctzen. Diese Woche startet ein Kurs der N\u00d6GKK in Tulln an der Donau.","og_url":"https:\/\/rauchfrei.at\/freie-plaetze-beim-rauchfrei-kurs-in-tulln\/","og_site_name":"Rauchfrei Telefon","article_published_time":"2017-04-24T08:00:49+00:00","article_modified_time":"2019-04-26T16:14:34+00:00","author":"Gastkommentar","twitter_card":"summary_large_image","twitter_misc":{"Written by":"Gastkommentar","Est. reading time":"1 minute"},"schema":{"@context":"https:\/\/schema.org","@graph":[{"@type":"WebPage","@id":"https:\/\/rauchfrei.at\/freie-plaetze-beim-rauchfrei-kurs-in-tulln\/","url":"https:\/\/rauchfrei.at\/freie-plaetze-beim-rauchfrei-kurs-in-tulln\/","name":"Freie Pl\u00e4tze beim Rauchfrei Kurs in Tulln - Rauchfrei Telefon","isPartOf":{"@id":"https:\/\/rauchfrei.at\/#website"},"datePublished":"2017-04-24T08:00:49+00:00","dateModified":"2019-04-26T16:14:34+00:00","author":{"@id":"https:\/\/rauchfrei.at\/#\/schema\/person\/5fc25ba0c5c18c7bb72f39740e4d31da"},"inLanguage":"en-US","potentialAction":[{"@type":"ReadAction","target":["https:\/\/rauchfrei.at\/freie-plaetze-beim-rauchfrei-kurs-in-tulln\/"]}]},{"@type":"WebSite","@id":"https:\/\/rauchfrei.at\/#website","url":"https:\/\/rauchfrei.at\/","name":"Rauchfrei Telefon","description":"Eine \u00f6sterreichweite Initiative der Sozialversicherungen.","potentialAction":[{"@type":"SearchAction","target":{"@type":"EntryPoint","urlTemplate":"https:\/\/rauchfrei.at\/?s={search_term_string}"},"query-input":{"@type":"PropertyValueSpecification","valueRequired":true,"valueName":"search_term_string"}}],"inLanguage":"en-US"},{"@type":"Person","@id":"https:\/\/rauchfrei.at\/#\/schema\/person\/5fc25ba0c5c18c7bb72f39740e4d31da","name":"Gastkommentar","image":{"@type":"ImageObject","inLanguage":"en-US","@id":"https:\/\/rauchfrei.at\/#\/schema\/person\/image\/","url":"https:\/\/secure.gravatar.com\/avatar\/85407d990e69802a3bded43886ed11ed06b45db3bbf254d52dd9f9c82c33dd83?s=96&d=mm&r=g","contentUrl":"https:\/\/secure.gravatar.com\/avatar\/85407d990e69802a3bded43886ed11ed06b45db3bbf254d52dd9f9c82c33dd83?s=96&d=mm&r=g","caption":"Gastkommentar"},"url":"https:\/\/rauchfrei.at\/en\/author\/gastkommentar\/"}]}},"_links":{"self":[{"href":"https:\/\/rauchfrei.at\/en\/wp-json\/wp\/v2\/posts\/9249","targetHints":{"allow":["GET"]}}],"collection":[{"href":"https:\/\/rauchfrei.at\/en\/wp-json\/wp\/v2\/posts"}],"about":[{"href":"https:\/\/rauchfrei.at\/en\/wp-json\/wp\/v2\/types\/post"}],"author":[{"embeddable":true,"href":"https:\/\/rauchfrei.at\/en\/wp-json\/wp\/v2\/users\/17"}],"replies":[{"embeddable":true,"href":"https:\/\/rauchfrei.at\/en\/wp-json\/wp\/v2\/comments?post=9249"}],"version-history":[{"count":5,"href":"https:\/\/rauchfrei.at\/en\/wp-json\/wp\/v2\/posts\/9249\/revisions"}],"predecessor-version":[{"id":16150,"href":"https:\/\/rauchfrei.at\/en\/wp-json\/wp\/v2\/posts\/9249\/revisions\/16150"}],"wp:attachment":[{"href":"https:\/\/rauchfrei.at\/en\/wp-json\/wp\/v2\/media?parent=9249"}],"wp:term":[{"taxonomy":"category","embeddable":true,"href":"https:\/\/rauchfrei.at\/en\/wp-json\/wp\/v2\/categories?post=9249"},{"taxonomy":"post_tag","embeddable":true,"href":"https:\/\/rauchfrei.at\/en\/wp-json\/wp\/v2\/tags?post=9249"}],"curies":[{"name":"wp","href":"https:\/\/api.w.org\/{rel}","templated":true}]}}