
{"id":9254,"date":"2017-05-01T10:00:09","date_gmt":"2017-05-01T08:00:09","guid":{"rendered":"http:\/\/rauchfrei.at\/?p=9254"},"modified":"2019-04-26T18:13:13","modified_gmt":"2019-04-26T16:13:13","slug":"das-recht-auf-einen-rauchfreien-arbeitsplatz","status":"publish","type":"post","link":"https:\/\/rauchfrei.at\/en\/das-recht-auf-einen-rauchfreien-arbeitsplatz\/","title":{"rendered":"Das Recht auf einen rauchfreien Arbeitsplatz"},"content":{"rendered":"<p>[et_pb_section fb_built=&#8221;1&#8243; module_class=&#8221;header&#8221; _builder_version=&#8221;3.0.99&#8243;][et_pb_row _builder_version=&#8221;3.0.99&#8243;][et_pb_column type=&#8221;4_4&#8243; _builder_version=&#8221;3.0.47&#8243;][et_pb_dp_dmb_module_10001 _builder_version=&#8221;3.21.1&#8243;][\/et_pb_dp_dmb_module_10001][\/et_pb_column][\/et_pb_row][\/et_pb_section][et_pb_section fb_built=&#8221;1&#8243; _builder_version=&#8221;3.0.47&#8243;][et_pb_row _builder_version=&#8221;3.0.48&#8243; background_size=&#8221;initial&#8221; background_position=&#8221;top_left&#8221; background_repeat=&#8221;repeat&#8221;][et_pb_column type=&#8221;2_3&#8243; _builder_version=&#8221;3.0.47&#8243;][et_pb_text _builder_version=&#8221;3.0.74&#8243; background_size=&#8221;initial&#8221; background_position=&#8221;top_left&#8221; background_repeat=&#8221;repeat&#8221;]<\/p>\n<p><span style=\"font-size: 15px;\">Ein rauchfreier Arbeitsplatz ist noch immer keine Selbstverst\u00e4ndlichkeit.<\/span><\/p>\n<p>Allen ist bekannt, dass <a href=\"https:\/\/rauchfrei.at\/auswirkungen\/\" target=\"_blank\" rel=\"noopener noreferrer\"><strong>Passivrauch<\/strong><\/a> die Gesundheit sch\u00e4digt. Dennoch gibt es auf der einen Seite die Raucher\/innen, die teilweise nicht auf ihre Zigaretten verzichten m\u00f6chten. Auf der anderen Seite stehen die Nichtraucher\/innen, die die Geruchsbel\u00e4stigung st\u00f6rt und die auch Angst um ihre Gesundheit haben. Ein heikles Thema also, das unter Kolleginnen und Kollegen auch das Betriebsklima st\u00f6ren kann.<\/p>\n<p>Der <a href=\"https:\/\/rauchfrei.at\/fakten\/gesetzliches\/rauchen-am-arbeitsplatz\/\" target=\"_blank\" rel=\"noopener noreferrer\"><strong>Schutz der Nichtraucher\/innen<\/strong><\/a> am Arbeitsplatz ist in \u00a7 30 des Arbeitnehmer\/innenschutzgesetzes geregelt.<\/p>\n<p>Gesetzlich ist festgelegt, dass Nichtraucher\/innen vor den Einwirkungen von Tabakrauch gesch\u00fctzt werden m\u00fcssen. Noch gibt es diverse Ausnahmen wie zum Beispiel in der <a href=\"https:\/\/rauchfrei.at\/fakten\/gesetzliches\/ausnahmeregelung-gastronomie\/\" target=\"_blank\" rel=\"noopener noreferrer\"><strong>Gastronomie<\/strong><\/a>.<\/p>\n<p>Wer seinen Arbeitsplatz rauchfrei macht, bewegt sich einen wichtigen Schritt in Richtung Rauchfreiheit \u00a0und erspart sich und seiner Umwelt eine Menge.<\/p>\n<p>Solidarisieren Sie sich, oft gelingt es im Kollektiv leichter zu einem Erfolgsergebnis zu kommen. Die Rauchfreiheit am Arbeitsplatz w\u00e4re f\u00fcr alle Beteiligten eine gewinnbringende Ver\u00e4nderung.<\/p>\n<p>Bei Fragen zum Aufh\u00f6ren oder auch rechtlichen Fragen, steht das Team des Rauchfrei Telefons gerne unter 0800 810 013 zur Verf\u00fcgung.<\/p>\n<p>Detaillierte Informationen:<\/p>\n<p><a href=\"https:\/\/rauchfrei.at\/fakten\/gesetzliches\/rauchen-am-arbeitsplatz\/\" target=\"_blank\" rel=\"noopener noreferrer\">Rauchen am Arbeitsplatz<\/a><\/p>\n<p><a href=\"https:\/\/www.ris.bka.gv.at\/GeltendeFassung.wxe?Abfrage=Bundesnormen&amp;Gesetzesnummer=10010907\" target=\"_blank\" rel=\"noopener noreferrer\">Gesamte Rechtsvorschrift f\u00fcr Tabak- und Nichtraucherinnen- bzw. Nichtraucherschutzgesetz<\/a><\/p>\n<p><a href=\"https:\/\/rauchfrei.at\/fakten\/gesetzliches\/ausnahmeregelung-gastronomie\/\" target=\"_blank\" rel=\"noopener noreferrer\">Ausnahmeregelung Gastronomie <\/a><\/p>\n<p><a href=\"https:\/\/rauchfrei.at\/auswirkungen\/\" target=\"_blank\" rel=\"noopener noreferrer\">Passivrauch<\/a><\/p>\n<p>[\/et_pb_text][\/et_pb_column][et_pb_column type=&#8221;1_3&#8243; _builder_version=&#8221;3.0.47&#8243;][et_pb_sidebar area=&#8221;sidebar-1&#8243; _builder_version=&#8221;3.15&#8243;][\/et_pb_sidebar][\/et_pb_column][\/et_pb_row][\/et_pb_section]<\/p>\n","protected":false},"excerpt":{"rendered":"<p>Bei Rauchverboten geht es nicht nur um den Schutz der Nichtraucherinnen und Nichtrauchern vor Geruchsbel\u00e4stigung, im Mittelpunkt steht der aktive Gesundheitsschutz f\u00fcr alle.<\/p>\n","protected":false},"author":11,"featured_media":0,"comment_status":"open","ping_status":"open","sticky":false,"template":"","format":"standard","meta":{"_et_pb_use_builder":"on","_et_pb_old_content":"<p>\u00a0<\/p><p>Ein rauchfreier Arbeitsplatz ist noch immer keine Selbstverst\u00e4ndlichkeit.<\/p><p>\u00a0<\/p><p>Allen ist bekannt, dass <a href=\"https:\/\/rauchfrei.at\/auswirkungen\/\" target=\"_blank\" rel=\"noopener\"><strong>Passivrauch<\/strong><\/a> die Gesundheit sch\u00e4digt. Dennoch gibt es auf der einen Seite die Raucher\/innen, die teilweise nicht auf ihre Zigaretten verzichten m\u00f6chten. Auf der anderen Seite stehen die Nichtraucher\/innen, die die Geruchsbel\u00e4stigung st\u00f6rt und die auch Angst um ihre Gesundheit haben. Ein heikles Thema also, das unter Kolleginnen und Kollegen auch das Betriebsklima st\u00f6ren kann.<\/p><p>\u00a0<\/p><p>Der <a href=\"https:\/\/rauchfrei.at\/fakten\/gesetzliches\/rauchen-am-arbeitsplatz\/\" target=\"_blank\" rel=\"noopener\"><strong>Schutz der Nichtraucher\/innen<\/strong><\/a> am Arbeitsplatz ist in \u00a7 30 des Arbeitnehmer\/innenschutzgesetzes geregelt.<\/p><p>\u00a0<\/p><p>Gesetzlich ist festgelegt, dass Nichtraucher\/innen vor den Einwirkungen von Tabakrauch gesch\u00fctzt werden m\u00fcssen. Noch gibt es diverse Ausnahmen wie zum Beispiel in der <a href=\"https:\/\/rauchfrei.at\/fakten\/gesetzliches\/ausnahmeregelung-gastronomie\/\" target=\"_blank\" rel=\"noopener\"><strong>Gastronomie<\/strong><\/a>.<\/p><p>\u00a0<\/p><p>Wer seinen Arbeitsplatz rauchfrei macht, bewegt sich einen wichtigen Schritt in Richtung Rauchfreiheit \u00a0und erspart sich und seiner Umwelt eine Menge.<\/p><p>\u00a0<\/p><p>Solidarisieren Sie sich, oft gelingt es im Kollektiv leichter zu einem Erfolgsergebnis zu kommen. Die Rauchfreiheit am Arbeitsplatz w\u00e4re f\u00fcr alle Beteiligten eine gewinnbringende Ver\u00e4nderung.<\/p><p>\u00a0<\/p><p>Bei Fragen zum Aufh\u00f6ren oder auch rechtlichen Fragen, steht das Team des Rauchfrei Telefons gerne unter 0800 810 013 zur Verf\u00fcgung.<\/p><p>\u00a0<\/p><p>\u00a0<\/p><p>Detaillierte Informationen:<\/p><p><a href=\"https:\/\/rauchfrei.at\/fakten\/gesetzliches\/rauchen-am-arbeitsplatz\/\" target=\"_blank\" rel=\"noopener\">Rauchen am Arbeitsplatz<\/a><\/p><p><a href=\"https:\/\/www.ris.bka.gv.at\/GeltendeFassung.wxe?Abfrage=Bundesnormen&Gesetzesnummer=10010907\" target=\"_blank\" rel=\"noopener\">Gesamte Rechtsvorschrift f\u00fcr Tabak- und Nichtraucherinnen- bzw. Nichtraucherschutzgesetz<\/a><\/p><p><a href=\"https:\/\/rauchfrei.at\/fakten\/gesetzliches\/ausnahmeregelung-gastronomie\/\" target=\"_blank\" rel=\"noopener\">Ausnahmeregelung Gastronomie <\/a><\/p><p><a href=\"https:\/\/rauchfrei.at\/auswirkungen\/\" target=\"_blank\" rel=\"noopener\">Passivrauch<\/a><\/p><p>\u00a0<\/p><p>\u00a0<\/p><p>\u00a0<\/p>","_et_gb_content_width":"","footnotes":""},"categories":[236],"tags":[],"class_list":["post-9254","post","type-post","status-publish","format-standard","hentry","category-nicht-kategorisiert"],"yoast_head":"<!-- This site is optimized with the Yoast SEO plugin v26.2 - https:\/\/yoast.com\/wordpress\/plugins\/seo\/ -->\n<title>Das Recht auf einen rauchfreien Arbeitsplatz - Rauchfrei Telefon<\/title>\n<meta name=\"robots\" content=\"index, follow, max-snippet:-1, max-image-preview:large, max-video-preview:-1\" \/>\n<link rel=\"canonical\" href=\"https:\/\/rauchfrei.at\/das-recht-auf-einen-rauchfreien-arbeitsplatz\/\" \/>\n<meta property=\"og:locale\" content=\"en_US\" \/>\n<meta property=\"og:type\" content=\"article\" \/>\n<meta property=\"og:title\" content=\"Das Recht auf einen rauchfreien Arbeitsplatz - Rauchfrei Telefon\" \/>\n<meta property=\"og:description\" content=\"Bei Rauchverboten geht es nicht nur um den Schutz der Nichtraucherinnen und Nichtrauchern vor Geruchsbel\u00e4stigung, im Mittelpunkt steht der aktive Gesundheitsschutz f\u00fcr alle.\" \/>\n<meta property=\"og:url\" content=\"https:\/\/rauchfrei.at\/das-recht-auf-einen-rauchfreien-arbeitsplatz\/\" \/>\n<meta property=\"og:site_name\" content=\"Rauchfrei Telefon\" \/>\n<meta property=\"article:published_time\" content=\"2017-05-01T08:00:09+00:00\" \/>\n<meta property=\"article:modified_time\" content=\"2019-04-26T16:13:13+00:00\" \/>\n<meta name=\"author\" content=\"Andrea B\u00fcttner\" \/>\n<meta name=\"twitter:card\" content=\"summary_large_image\" \/>\n<meta name=\"twitter:label1\" content=\"Written by\" \/>\n\t<meta name=\"twitter:data1\" content=\"Andrea B\u00fcttner\" \/>\n\t<meta name=\"twitter:label2\" content=\"Est. reading time\" \/>\n\t<meta name=\"twitter:data2\" content=\"2 minutes\" \/>\n<script type=\"application\/ld+json\" class=\"yoast-schema-graph\">{\"@context\":\"https:\/\/schema.org\",\"@graph\":[{\"@type\":\"WebPage\",\"@id\":\"https:\/\/rauchfrei.at\/das-recht-auf-einen-rauchfreien-arbeitsplatz\/\",\"url\":\"https:\/\/rauchfrei.at\/das-recht-auf-einen-rauchfreien-arbeitsplatz\/\",\"name\":\"Das Recht auf einen rauchfreien Arbeitsplatz - Rauchfrei Telefon\",\"isPartOf\":{\"@id\":\"https:\/\/rauchfrei.at\/#website\"},\"datePublished\":\"2017-05-01T08:00:09+00:00\",\"dateModified\":\"2019-04-26T16:13:13+00:00\",\"author\":{\"@id\":\"https:\/\/rauchfrei.at\/#\/schema\/person\/7993cb8bdf02ba65fd4ec8ec38b2dbbf\"},\"inLanguage\":\"en-US\",\"potentialAction\":[{\"@type\":\"ReadAction\",\"target\":[\"https:\/\/rauchfrei.at\/das-recht-auf-einen-rauchfreien-arbeitsplatz\/\"]}]},{\"@type\":\"WebSite\",\"@id\":\"https:\/\/rauchfrei.at\/#website\",\"url\":\"https:\/\/rauchfrei.at\/\",\"name\":\"Rauchfrei Telefon\",\"description\":\"Eine \u00f6sterreichweite Initiative der Sozialversicherungen.\",\"potentialAction\":[{\"@type\":\"SearchAction\",\"target\":{\"@type\":\"EntryPoint\",\"urlTemplate\":\"https:\/\/rauchfrei.at\/?s={search_term_string}\"},\"query-input\":{\"@type\":\"PropertyValueSpecification\",\"valueRequired\":true,\"valueName\":\"search_term_string\"}}],\"inLanguage\":\"en-US\"},{\"@type\":\"Person\",\"@id\":\"https:\/\/rauchfrei.at\/#\/schema\/person\/7993cb8bdf02ba65fd4ec8ec38b2dbbf\",\"name\":\"Andrea B\u00fcttner\",\"image\":{\"@type\":\"ImageObject\",\"inLanguage\":\"en-US\",\"@id\":\"https:\/\/rauchfrei.at\/#\/schema\/person\/image\/\",\"url\":\"https:\/\/secure.gravatar.com\/avatar\/0f26ab1de0c83f37b101366a1244bf5de74c6d9c0641811dc6f7fc551dad1c7f?s=96&d=mm&r=g\",\"contentUrl\":\"https:\/\/secure.gravatar.com\/avatar\/0f26ab1de0c83f37b101366a1244bf5de74c6d9c0641811dc6f7fc551dad1c7f?s=96&d=mm&r=g\",\"caption\":\"Andrea B\u00fcttner\"},\"url\":\"https:\/\/rauchfrei.at\/en\/author\/buettner\/\"}]}<\/script>\n<!-- \/ Yoast SEO plugin. -->","yoast_head_json":{"title":"Das Recht auf einen rauchfreien Arbeitsplatz - Rauchfrei Telefon","robots":{"index":"index","follow":"follow","max-snippet":"max-snippet:-1","max-image-preview":"max-image-preview:large","max-video-preview":"max-video-preview:-1"},"canonical":"https:\/\/rauchfrei.at\/das-recht-auf-einen-rauchfreien-arbeitsplatz\/","og_locale":"en_US","og_type":"article","og_title":"Das Recht auf einen rauchfreien Arbeitsplatz - Rauchfrei Telefon","og_description":"Bei Rauchverboten geht es nicht nur um den Schutz der Nichtraucherinnen und Nichtrauchern vor Geruchsbel\u00e4stigung, im Mittelpunkt steht der aktive Gesundheitsschutz f\u00fcr alle.","og_url":"https:\/\/rauchfrei.at\/das-recht-auf-einen-rauchfreien-arbeitsplatz\/","og_site_name":"Rauchfrei Telefon","article_published_time":"2017-05-01T08:00:09+00:00","article_modified_time":"2019-04-26T16:13:13+00:00","author":"Andrea B\u00fcttner","twitter_card":"summary_large_image","twitter_misc":{"Written by":"Andrea B\u00fcttner","Est. reading time":"2 minutes"},"schema":{"@context":"https:\/\/schema.org","@graph":[{"@type":"WebPage","@id":"https:\/\/rauchfrei.at\/das-recht-auf-einen-rauchfreien-arbeitsplatz\/","url":"https:\/\/rauchfrei.at\/das-recht-auf-einen-rauchfreien-arbeitsplatz\/","name":"Das Recht auf einen rauchfreien Arbeitsplatz - Rauchfrei Telefon","isPartOf":{"@id":"https:\/\/rauchfrei.at\/#website"},"datePublished":"2017-05-01T08:00:09+00:00","dateModified":"2019-04-26T16:13:13+00:00","author":{"@id":"https:\/\/rauchfrei.at\/#\/schema\/person\/7993cb8bdf02ba65fd4ec8ec38b2dbbf"},"inLanguage":"en-US","potentialAction":[{"@type":"ReadAction","target":["https:\/\/rauchfrei.at\/das-recht-auf-einen-rauchfreien-arbeitsplatz\/"]}]},{"@type":"WebSite","@id":"https:\/\/rauchfrei.at\/#website","url":"https:\/\/rauchfrei.at\/","name":"Rauchfrei Telefon","description":"Eine \u00f6sterreichweite Initiative der Sozialversicherungen.","potentialAction":[{"@type":"SearchAction","target":{"@type":"EntryPoint","urlTemplate":"https:\/\/rauchfrei.at\/?s={search_term_string}"},"query-input":{"@type":"PropertyValueSpecification","valueRequired":true,"valueName":"search_term_string"}}],"inLanguage":"en-US"},{"@type":"Person","@id":"https:\/\/rauchfrei.at\/#\/schema\/person\/7993cb8bdf02ba65fd4ec8ec38b2dbbf","name":"Andrea B\u00fcttner","image":{"@type":"ImageObject","inLanguage":"en-US","@id":"https:\/\/rauchfrei.at\/#\/schema\/person\/image\/","url":"https:\/\/secure.gravatar.com\/avatar\/0f26ab1de0c83f37b101366a1244bf5de74c6d9c0641811dc6f7fc551dad1c7f?s=96&d=mm&r=g","contentUrl":"https:\/\/secure.gravatar.com\/avatar\/0f26ab1de0c83f37b101366a1244bf5de74c6d9c0641811dc6f7fc551dad1c7f?s=96&d=mm&r=g","caption":"Andrea B\u00fcttner"},"url":"https:\/\/rauchfrei.at\/en\/author\/buettner\/"}]}},"_links":{"self":[{"href":"https:\/\/rauchfrei.at\/en\/wp-json\/wp\/v2\/posts\/9254","targetHints":{"allow":["GET"]}}],"collection":[{"href":"https:\/\/rauchfrei.at\/en\/wp-json\/wp\/v2\/posts"}],"about":[{"href":"https:\/\/rauchfrei.at\/en\/wp-json\/wp\/v2\/types\/post"}],"author":[{"embeddable":true,"href":"https:\/\/rauchfrei.at\/en\/wp-json\/wp\/v2\/users\/11"}],"replies":[{"embeddable":true,"href":"https:\/\/rauchfrei.at\/en\/wp-json\/wp\/v2\/comments?post=9254"}],"version-history":[{"count":5,"href":"https:\/\/rauchfrei.at\/en\/wp-json\/wp\/v2\/posts\/9254\/revisions"}],"predecessor-version":[{"id":16147,"href":"https:\/\/rauchfrei.at\/en\/wp-json\/wp\/v2\/posts\/9254\/revisions\/16147"}],"wp:attachment":[{"href":"https:\/\/rauchfrei.at\/en\/wp-json\/wp\/v2\/media?parent=9254"}],"wp:term":[{"taxonomy":"category","embeddable":true,"href":"https:\/\/rauchfrei.at\/en\/wp-json\/wp\/v2\/categories?post=9254"},{"taxonomy":"post_tag","embeddable":true,"href":"https:\/\/rauchfrei.at\/en\/wp-json\/wp\/v2\/tags?post=9254"}],"curies":[{"name":"wp","href":"https:\/\/api.w.org\/{rel}","templated":true}]}}