
{"id":9322,"date":"2017-05-22T10:00:24","date_gmt":"2017-05-22T08:00:24","guid":{"rendered":"http:\/\/rauchfrei.at\/?p=9322"},"modified":"2022-05-25T10:38:08","modified_gmt":"2022-05-25T08:38:08","slug":"aktion-weltnichtrauchertag","status":"publish","type":"post","link":"https:\/\/rauchfrei.at\/en\/aktion-weltnichtrauchertag\/","title":{"rendered":"Aktion Weltnichtrauchertag"},"content":{"rendered":"<p>[et_pb_section fb_built=&#8221;1&#8243; module_class=&#8221;header&#8221; _builder_version=&#8221;4.16&#8243; global_colors_info=&#8221;{}&#8221;][et_pb_row _builder_version=&#8221;4.16&#8243; global_colors_info=&#8221;{}&#8221;][et_pb_column type=&#8221;4_4&#8243; _builder_version=&#8221;4.16&#8243; custom_padding=&#8221;|||&#8221; global_colors_info=&#8221;{}&#8221; custom_padding__hover=&#8221;|||&#8221;][et_pb_dp_dmb_module_10001 _builder_version=&#8221;4.16&#8243; global_colors_info=&#8221;{}&#8221;][\/et_pb_dp_dmb_module_10001][\/et_pb_column][\/et_pb_row][\/et_pb_section][et_pb_section fb_built=&#8221;1&#8243; _builder_version=&#8221;4.16&#8243; global_colors_info=&#8221;{}&#8221;][et_pb_row column_structure=&#8221;2_3,1_3&#8243; _builder_version=&#8221;4.16&#8243; background_size=&#8221;initial&#8221; background_position=&#8221;top_left&#8221; background_repeat=&#8221;repeat&#8221; global_colors_info=&#8221;{}&#8221;][et_pb_column type=&#8221;2_3&#8243; _builder_version=&#8221;4.16&#8243; custom_padding=&#8221;|||&#8221; global_colors_info=&#8221;{}&#8221; custom_padding__hover=&#8221;|||&#8221;][et_pb_text _builder_version=&#8221;4.17.1&#8243; background_size=&#8221;initial&#8221; background_position=&#8221;top_left&#8221; background_repeat=&#8221;repeat&#8221; hover_enabled=&#8221;0&#8243; global_colors_info=&#8221;{}&#8221; sticky_enabled=&#8221;0&#8243;]<\/p>\n<h2>Kommen Sie vorbei, holen Sie sich Tipps zum Rauchstopp oder zum Durchhalten!<\/h2>\n<p>Auf dem Riemerplatz, im Herzen der nieder\u00f6sterreichischen Landeshauptstadt, bietet ein Info-Stand allen interessierten Besucherinnen und Besuchern die M\u00f6glichkeit, mit dem psychologischen Fachpersonal des Rauchfrei Telefons zu sprechen. Der Stand ist eine gemeinsame Initiative des Rauchfrei Telefons der N\u00d6GKK, der Fachstelle f\u00fcr Suchtpr\u00e4vention N\u00d6 und der Jugendinfo N\u00d6. Zwischen 10 und 15 Uhr erhalten Interessierte kostenlose Infomaterialien sowie direkte Beratung zum Rauchstopp und zum Rauchfreibleiben. Auch eine Kohlenmonoxidmessung wird angeboten. Besonderes \u201eHighlight\u201c ist ein mehr als ein Meter langes Zigarettenmodell, das die Gefahren und Inhaltsstoffe anschaulich demonstriert.<\/p>\n<p><img loading=\"lazy\" decoding=\"async\" class=\"aligncenter size-large wp-image-9349\" src=\"https:\/\/rauchfrei.at\/wp-content\/uploads\/Riemer_Platz_rauchfreiat-480x269.jpg\" alt=\"Riemer_Platz_rauchfreiat\" data-id=\"9349\" width=\"480\" height=\"269\" srcset=\"https:\/\/rauchfrei.at\/wp-content\/uploads\/Riemer_Platz_rauchfreiat-480x269.jpg 480w, https:\/\/rauchfrei.at\/wp-content\/uploads\/Riemer_Platz_rauchfreiat-225x126.jpg 225w, https:\/\/rauchfrei.at\/wp-content\/uploads\/Riemer_Platz_rauchfreiat-768x430.jpg 768w, https:\/\/rauchfrei.at\/wp-content\/uploads\/Riemer_Platz_rauchfreiat.jpg 832w\" sizes=\"(max-width: 480px) 100vw, 480px\" \/><\/p>\n<h2>Neue Zigarettenpackungen: Immer mehr nehmen Hilfe an<\/h2>\n<p>Das Rauchfrei Telefon ist in den mehr als zehn Jahren seit seiner Gr\u00fcndung zu einen Synonym f\u00fcr ein erstklassiges Hilfsangebot zum Rauchstopp in \u00d6sterreich geworden. In den vergangenen Monaten wurde das Rauchfrei Telefon so oft kontaktiert wie noch nie zuvor. Fast 15.000-mal klingelten 2016 in den B\u00fcros des Rauchfrei Telefons die Apparate. Viereinhalbmal so oft wie im Jahr zuvor. Die Zahl der intensiven Beratungs- und Informationsgespr\u00e4che des Psychologinnenteams verdoppelte sich auf 7.200. Der Grund f\u00fcr den enormen Andrang war die Umsetzung der Bestimmungen der neuen EU-Tabakprodukte-Direktive in \u00d6sterreich. Seit Sommer wird auf Zigarettenpackungen neben einem Schockbild auch die Nummer des bei der N\u00d6 Gebietskrankenkasse in St. P\u00f6lten angesiedelten Rauchfrei Telefons als nationales Hilfsangebot aufgedruckt. Eine Ma\u00dfnahme, die Wirkung zeigt: Immer mehr Menschen denken dar\u00fcber nach, mit dem Rauchen aufzuh\u00f6ren.<\/p>\n<h2>Tagt\u00e4glich in der Schadstoffwolke<\/h2>\n<p>Am 31. Mai ist Weltnichtrauchertag. Einmal im Jahr wird der Fokus verst\u00e4rkt auf die Problematik des Nikotinkonsums gelegt. F\u00fcr viele Menschen k\u00f6nnte dieser Tag auch zum Anlass f\u00fcr den Rauchstopp genommen werden. \u201eTagt\u00e4glich sind unz\u00e4hlige Menschen einem gesundheitsbelastenden Schadstoffcocktail ausgesetzt\u201c, sagt die Leiterin des Rauchfrei Telefons MMag. Sophie Meingassner. \u201eWir wissen heute, dass Rauchen der wichtigste vermeidbare Grund f\u00fcr vorzeitiges Erkranken ist. Die Giftstoffe bedrohen nicht nur Raucherinnen und Raucher selbst. Oft sind viele Familienmitglieder betroffen, die die Gifte \u00fcber den Passivrauch abbekommen. Kinder und Jugendliche sind gef\u00e4hrdet, auch ungeborene Kinder werden in ihrer Entwicklung beeintr\u00e4chtigt\u201c, so Meingassner. Selbst wenn in einem Raum gerade nicht geraucht wird, ist die Gesundheitsgefahr nicht gebannt: \u201eNeben dem Passivrauch wissen wir heute \u00fcber die Gefahren des sogenannten Dritthandrauchs. Im Tabakrauch gibt es 250 giftige Substanzen, 90 davon sind krebserregend. In R\u00e4umen oder im Autoinneren abgelagerte Rauchpartikel geben noch lange Zeit sp\u00e4ter Schadstoffe an die Umwelt ab.\u201c<\/p>\n<h2>Rauchfrei Telefon bietet \u00f6sterreichweit kostenlose Hilfe<\/h2>\n<p>\u201eWir lassen die Betroffenen nicht allein. Wir helfen ihnen\u201c, erkl\u00e4rt der Obmann der N\u00d6GKK, Gerhard Hutter. \u201eVon den Expertinnen des Rauchfrei Telefons erhalten Raucherinnen und Raucher jene wichtige professionelle Hilfestellung, die es ihnen erleichtert, den Rauchstopp zu schaffen und von der Sucht loszukommen\u201c, so Hutter weiter. \u201eEs entstehen dabei keine Kosten. Sowohl die Telefonhotline als auch die Beratungsgespr\u00e4che sind gratis. Zusammen mit dem ambulanten Gruppenprogramm <a href=\"https:\/\/www.gesundheitskasse.at\/cdscontent\/?contentid=10007.885635&amp;portal=oegkportal\">\u201eRauchfrei in f\u00fcnf Wochen\u201c<\/a> ist die Quitline ein Kernst\u00fcck im umfangreichen Gesundheitsf\u00f6rderungs- und Pr\u00e4ventionsprogramm der N\u00d6GKK.\u201c<\/p>\n<h2>Unterst\u00fctzung rund um die Uhr: Die Rauchfrei App<\/h2>\n<p>Das Rauchfrei Telefon ist eine Initiative der Sozialversicherungstr\u00e4ger, aller L\u00e4nder und des Bundesministeriums f\u00fcr Gesundheit und Frauen. Betrieben wird es von einem Team aus Klinischen Psychologinnen und Gesundheitspsychologinnen der N\u00d6GKK in St. P\u00f6lten. Neben der individuellen telefonischen Beratung wird auf www.rauchfrei.at ein umfangreiches Info-Packet mit vielen Tipps angeboten. Die kostenlose <a href=\"http:\/\/www.rauchfreiapp.at\/\">Rauchfrei App<\/a> unterst\u00fctzt die Raucherinnen und Raucher w\u00e4hrend der Phase des Aufh\u00f6rens rund um die Uhr.<\/p>\n<p>[\/et_pb_text][\/et_pb_column][et_pb_column type=&#8221;1_3&#8243; _builder_version=&#8221;4.16&#8243; custom_padding=&#8221;|||&#8221; global_colors_info=&#8221;{}&#8221; custom_padding__hover=&#8221;|||&#8221;][et_pb_sidebar area=&#8221;sidebar-1&#8243; _builder_version=&#8221;4.16&#8243; global_colors_info=&#8221;{}&#8221;][\/et_pb_sidebar][\/et_pb_column][\/et_pb_row][\/et_pb_section]<\/p>\n","protected":false},"excerpt":{"rendered":"<p>Weltnichtrauchertag am 31. Mai: Besuchen Sie den Rauchfrei-Info-Stand in St. P\u00f6lten<br \/>\nSollten Sie in der N\u00e4he sein, dann lassen Sie sich die Gelegenheit nicht entgehen: In St. P\u00f6lten haben Sie am Weltnichtrauchertag, dem 31. Mai, die einzigartige M\u00f6glichkeit, mit dem Team des Rauchfrei Telefons direkt in Kontakt zu treten. <\/p>\n","protected":false},"author":11,"featured_media":0,"comment_status":"open","ping_status":"open","sticky":false,"template":"","format":"standard","meta":{"_et_pb_use_builder":"on","_et_pb_old_content":"<p>\u00a0<\/p><p>Kommen Sie vorbei, holen Sie sich Tipps zum Rauchstopp oder zum Durchhalten!<\/p><p>Auf dem Riemerplatz, im Herzen der nieder\u00f6sterreichischen Landeshauptstadt, bietet ein Info-Stand allen interessierten Besucherinnen und Besuchern die M\u00f6glichkeit, mit dem psychologischen Fachpersonal des Rauchfrei Telefons zu sprechen. Der Stand ist eine gemeinsame Initiative des Rauchfrei Telefons der N\u00d6GKK, der Fachstelle f\u00fcr Suchtpr\u00e4vention N\u00d6 und der Jugendinfo N\u00d6. Zwischen 10 und 15 Uhr erhalten Interessierte kostenlose Infomaterialien sowie direkte Beratung zum Rauchstopp und zum Rauchfreibleiben. Auch eine Kohlenmonoxidmessung wird angeboten. Besonderes \u201eHighlight\u201c ist ein mehr als ein Meter langes Zigarettenmodell, das die Gefahren und Inhaltsstoffe anschaulich demonstriert.<\/p><p>\u00a0<\/p><p><img class=\"aligncenter size-large wp-image-9349\" src=\"https:\/\/rauchfrei.at\/wp-content\/uploads\/Riemer_Platz_rauchfreiat-480x269.jpg\" alt=\"Riemer_Platz_rauchfreiat\" width=\"480\" height=\"269\" data-id=\"9349\" \/><\/p><p>\u00a0<\/p><p>\u00a0<\/p><p><strong>Neue Zigarettenpackungen: Immer mehr nehmen Hilfe an<\/strong><\/p><p>Das Rauchfrei Telefon ist in den mehr als zehn Jahren seit seiner Gr\u00fcndung zu einen Synonym f\u00fcr ein erstklassiges Hilfsangebot zum Rauchstopp in \u00d6sterreich geworden. In den vergangenen Monaten wurde das Rauchfrei Telefon so oft kontaktiert wie noch nie zuvor. Fast 15.000-mal klingelten 2016 in den B\u00fcros des Rauchfrei Telefons die Apparate. Viereinhalbmal so oft wie im Jahr zuvor. Die Zahl der intensiven Beratungs- und Informationsgespr\u00e4che des Psychologinnenteams verdoppelte sich auf 7.200. Der Grund f\u00fcr den enormen Andrang war die Umsetzung der Bestimmungen der neuen EU-Tabakprodukte-Direktive in \u00d6sterreich. Seit Sommer wird auf Zigarettenpackungen neben einem Schockbild auch die Nummer des bei der N\u00d6 Gebietskrankenkasse in St. P\u00f6lten angesiedelten Rauchfrei Telefons als nationales Hilfsangebot aufgedruckt. Eine Ma\u00dfnahme, die Wirkung zeigt: Immer mehr Menschen denken dar\u00fcber nach, mit dem Rauchen aufzuh\u00f6ren.<\/p><p>\u00a0<\/p><p>\u00a0<\/p><p><strong>Tagt\u00e4glich in der Schadstoffwolke<\/strong><\/p><p>Am 31. Mai ist Weltnichtrauchertag. Einmal im Jahr wird der Fokus verst\u00e4rkt auf die Problematik des Nikotinkonsums gelegt. F\u00fcr viele Menschen k\u00f6nnte dieser Tag auch zum Anlass f\u00fcr den Rauchstopp genommen werden. \u201eTagt\u00e4glich sind unz\u00e4hlige Menschen einem gesundheitsbelastenden Schadstoffcocktail ausgesetzt\u201c, sagt die Leiterin des Rauchfrei Telefons MMag. Sophie Meingassner. \u201eWir wissen heute, dass Rauchen der wichtigste vermeidbare Grund f\u00fcr vorzeitiges Erkranken ist. Die Giftstoffe bedrohen nicht nur Raucherinnen und Raucher selbst. Oft sind viele Familienmitglieder betroffen, die die Gifte \u00fcber den Passivrauch abbekommen. Kinder und Jugendliche sind gef\u00e4hrdet, auch ungeborene Kinder werden in ihrer Entwicklung beeintr\u00e4chtigt\u201c, so Meingassner. Selbst wenn in einem Raum gerade nicht geraucht wird, ist die Gesundheitsgefahr nicht gebannt: \u201eNeben dem Passivrauch wissen wir heute \u00fcber die Gefahren des sogenannten Dritthandrauchs. Im Tabakrauch gibt es 250 giftige Substanzen, 90 davon sind krebserregend. In R\u00e4umen oder im Autoinneren abgelagerte Rauchpartikel geben noch lange Zeit sp\u00e4ter Schadstoffe an die Umwelt ab.\u201c<\/p><p>\u00a0<\/p><p>\u00a0<\/p><p><strong>Rauchfrei Telefon bietet \u00f6sterreichweit kostenlose Hilfe<\/strong><\/p><p>\u201eWir lassen die Betroffenen nicht allein. Wir helfen ihnen\u201c, erkl\u00e4rt der Obmann der N\u00d6GKK, Gerhard Hutter. \u201eVon den Expertinnen des Rauchfrei Telefons erhalten Raucherinnen und Raucher jene wichtige professionelle Hilfestellung, die es ihnen erleichtert, den Rauchstopp zu schaffen und von der Sucht loszukommen\u201c, so Hutter weiter. \u201eEs entstehen dabei keine Kosten. Sowohl die Telefonhotline als auch die Beratungsgespr\u00e4che sind gratis. Zusammen mit dem ambulanten Gruppenprogramm <a href=\"https:\/\/www.noegkk.at\/portal27\/noegkkportal\/content\/contentWindow?contentid=10007.701989&action=2&viewmode=content\">\u201eRauchfrei in f\u00fcnf Wochen\u201c<\/a> ist die Quitline ein Kernst\u00fcck im umfangreichen Gesundheitsf\u00f6rderungs- und Pr\u00e4ventionsprogramm der N\u00d6GKK.\u201c<\/p><p>\u00a0<\/p><p>\u00a0<\/p><p><strong>Unterst\u00fctzung rund um die Uhr: Die Rauchfrei App<\/strong><\/p><p>Das Rauchfrei Telefon ist eine Initiative der Sozialversicherungstr\u00e4ger, aller L\u00e4nder und des Bundesministeriums f\u00fcr Gesundheit und Frauen. Betrieben wird es von einem Team aus Klinischen Psychologinnen und Gesundheitspsychologinnen der N\u00d6GKK in St. P\u00f6lten. Neben der individuellen telefonischen Beratung wird auf www.rauchfrei.at ein umfangreiches Info-Packet mit vielen Tipps angeboten. Die kostenlose <a href=\"http:\/\/www.rauchfreiapp.at\/\">Rauchfrei App<\/a> unterst\u00fctzt die Raucherinnen und Raucher w\u00e4hrend der Phase des Aufh\u00f6rens rund um die Uhr.<\/p><p>\u00a0<\/p>","_et_gb_content_width":"","footnotes":""},"categories":[232],"tags":[],"class_list":["post-9322","post","type-post","status-publish","format-standard","hentry","category-nachrichten-vom-rauchfrei-telefon"],"yoast_head":"<!-- This site is optimized with the Yoast SEO plugin v26.2 - https:\/\/yoast.com\/wordpress\/plugins\/seo\/ -->\n<title>Aktion Weltnichtrauchertag - Rauchfrei Telefon<\/title>\n<meta name=\"robots\" content=\"index, follow, max-snippet:-1, max-image-preview:large, max-video-preview:-1\" \/>\n<link rel=\"canonical\" href=\"https:\/\/rauchfrei.at\/aktion-weltnichtrauchertag\/\" \/>\n<meta property=\"og:locale\" content=\"en_US\" \/>\n<meta property=\"og:type\" content=\"article\" \/>\n<meta property=\"og:title\" content=\"Aktion Weltnichtrauchertag - Rauchfrei Telefon\" \/>\n<meta property=\"og:description\" content=\"Weltnichtrauchertag am 31. Mai: Besuchen Sie den Rauchfrei-Info-Stand in St. P\u00f6lten Sollten Sie in der N\u00e4he sein, dann lassen Sie sich die Gelegenheit nicht entgehen: In St. P\u00f6lten haben Sie am Weltnichtrauchertag, dem 31. Mai, die einzigartige M\u00f6glichkeit, mit dem Team des Rauchfrei Telefons direkt in Kontakt zu treten.\" \/>\n<meta property=\"og:url\" content=\"https:\/\/rauchfrei.at\/aktion-weltnichtrauchertag\/\" \/>\n<meta property=\"og:site_name\" content=\"Rauchfrei Telefon\" \/>\n<meta property=\"article:published_time\" content=\"2017-05-22T08:00:24+00:00\" \/>\n<meta property=\"article:modified_time\" content=\"2022-05-25T08:38:08+00:00\" \/>\n<meta property=\"og:image\" content=\"https:\/\/rauchfrei.at\/wp-content\/uploads\/Riemer_Platz_rauchfreiat-480x269.jpg\" \/>\n<meta name=\"author\" content=\"Andrea B\u00fcttner\" \/>\n<meta name=\"twitter:card\" content=\"summary_large_image\" \/>\n<meta name=\"twitter:label1\" content=\"Written by\" \/>\n\t<meta name=\"twitter:data1\" content=\"Andrea B\u00fcttner\" \/>\n\t<meta name=\"twitter:label2\" content=\"Est. reading time\" \/>\n\t<meta name=\"twitter:data2\" content=\"4 minutes\" \/>\n<script type=\"application\/ld+json\" class=\"yoast-schema-graph\">{\"@context\":\"https:\/\/schema.org\",\"@graph\":[{\"@type\":\"WebPage\",\"@id\":\"https:\/\/rauchfrei.at\/aktion-weltnichtrauchertag\/\",\"url\":\"https:\/\/rauchfrei.at\/aktion-weltnichtrauchertag\/\",\"name\":\"Aktion Weltnichtrauchertag - Rauchfrei Telefon\",\"isPartOf\":{\"@id\":\"https:\/\/rauchfrei.at\/#website\"},\"primaryImageOfPage\":{\"@id\":\"https:\/\/rauchfrei.at\/aktion-weltnichtrauchertag\/#primaryimage\"},\"image\":{\"@id\":\"https:\/\/rauchfrei.at\/aktion-weltnichtrauchertag\/#primaryimage\"},\"thumbnailUrl\":\"https:\/\/rauchfrei.at\/wp-content\/uploads\/Riemer_Platz_rauchfreiat-480x269.jpg\",\"datePublished\":\"2017-05-22T08:00:24+00:00\",\"dateModified\":\"2022-05-25T08:38:08+00:00\",\"author\":{\"@id\":\"https:\/\/rauchfrei.at\/#\/schema\/person\/7993cb8bdf02ba65fd4ec8ec38b2dbbf\"},\"inLanguage\":\"en-US\",\"potentialAction\":[{\"@type\":\"ReadAction\",\"target\":[\"https:\/\/rauchfrei.at\/aktion-weltnichtrauchertag\/\"]}]},{\"@type\":\"ImageObject\",\"inLanguage\":\"en-US\",\"@id\":\"https:\/\/rauchfrei.at\/aktion-weltnichtrauchertag\/#primaryimage\",\"url\":\"https:\/\/rauchfrei.at\/wp-content\/uploads\/Riemer_Platz_rauchfreiat-480x269.jpg\",\"contentUrl\":\"https:\/\/rauchfrei.at\/wp-content\/uploads\/Riemer_Platz_rauchfreiat-480x269.jpg\"},{\"@type\":\"WebSite\",\"@id\":\"https:\/\/rauchfrei.at\/#website\",\"url\":\"https:\/\/rauchfrei.at\/\",\"name\":\"Rauchfrei Telefon\",\"description\":\"Eine \u00f6sterreichweite Initiative der Sozialversicherungen.\",\"potentialAction\":[{\"@type\":\"SearchAction\",\"target\":{\"@type\":\"EntryPoint\",\"urlTemplate\":\"https:\/\/rauchfrei.at\/?s={search_term_string}\"},\"query-input\":{\"@type\":\"PropertyValueSpecification\",\"valueRequired\":true,\"valueName\":\"search_term_string\"}}],\"inLanguage\":\"en-US\"},{\"@type\":\"Person\",\"@id\":\"https:\/\/rauchfrei.at\/#\/schema\/person\/7993cb8bdf02ba65fd4ec8ec38b2dbbf\",\"name\":\"Andrea B\u00fcttner\",\"image\":{\"@type\":\"ImageObject\",\"inLanguage\":\"en-US\",\"@id\":\"https:\/\/rauchfrei.at\/#\/schema\/person\/image\/\",\"url\":\"https:\/\/secure.gravatar.com\/avatar\/0f26ab1de0c83f37b101366a1244bf5de74c6d9c0641811dc6f7fc551dad1c7f?s=96&d=mm&r=g\",\"contentUrl\":\"https:\/\/secure.gravatar.com\/avatar\/0f26ab1de0c83f37b101366a1244bf5de74c6d9c0641811dc6f7fc551dad1c7f?s=96&d=mm&r=g\",\"caption\":\"Andrea B\u00fcttner\"},\"url\":\"https:\/\/rauchfrei.at\/en\/author\/buettner\/\"}]}<\/script>\n<!-- \/ Yoast SEO plugin. -->","yoast_head_json":{"title":"Aktion Weltnichtrauchertag - Rauchfrei Telefon","robots":{"index":"index","follow":"follow","max-snippet":"max-snippet:-1","max-image-preview":"max-image-preview:large","max-video-preview":"max-video-preview:-1"},"canonical":"https:\/\/rauchfrei.at\/aktion-weltnichtrauchertag\/","og_locale":"en_US","og_type":"article","og_title":"Aktion Weltnichtrauchertag - Rauchfrei Telefon","og_description":"Weltnichtrauchertag am 31. Mai: Besuchen Sie den Rauchfrei-Info-Stand in St. P\u00f6lten Sollten Sie in der N\u00e4he sein, dann lassen Sie sich die Gelegenheit nicht entgehen: In St. P\u00f6lten haben Sie am Weltnichtrauchertag, dem 31. Mai, die einzigartige M\u00f6glichkeit, mit dem Team des Rauchfrei Telefons direkt in Kontakt zu treten.","og_url":"https:\/\/rauchfrei.at\/aktion-weltnichtrauchertag\/","og_site_name":"Rauchfrei Telefon","article_published_time":"2017-05-22T08:00:24+00:00","article_modified_time":"2022-05-25T08:38:08+00:00","og_image":[{"url":"https:\/\/rauchfrei.at\/wp-content\/uploads\/Riemer_Platz_rauchfreiat-480x269.jpg","type":"","width":"","height":""}],"author":"Andrea B\u00fcttner","twitter_card":"summary_large_image","twitter_misc":{"Written by":"Andrea B\u00fcttner","Est. reading time":"4 minutes"},"schema":{"@context":"https:\/\/schema.org","@graph":[{"@type":"WebPage","@id":"https:\/\/rauchfrei.at\/aktion-weltnichtrauchertag\/","url":"https:\/\/rauchfrei.at\/aktion-weltnichtrauchertag\/","name":"Aktion Weltnichtrauchertag - Rauchfrei Telefon","isPartOf":{"@id":"https:\/\/rauchfrei.at\/#website"},"primaryImageOfPage":{"@id":"https:\/\/rauchfrei.at\/aktion-weltnichtrauchertag\/#primaryimage"},"image":{"@id":"https:\/\/rauchfrei.at\/aktion-weltnichtrauchertag\/#primaryimage"},"thumbnailUrl":"https:\/\/rauchfrei.at\/wp-content\/uploads\/Riemer_Platz_rauchfreiat-480x269.jpg","datePublished":"2017-05-22T08:00:24+00:00","dateModified":"2022-05-25T08:38:08+00:00","author":{"@id":"https:\/\/rauchfrei.at\/#\/schema\/person\/7993cb8bdf02ba65fd4ec8ec38b2dbbf"},"inLanguage":"en-US","potentialAction":[{"@type":"ReadAction","target":["https:\/\/rauchfrei.at\/aktion-weltnichtrauchertag\/"]}]},{"@type":"ImageObject","inLanguage":"en-US","@id":"https:\/\/rauchfrei.at\/aktion-weltnichtrauchertag\/#primaryimage","url":"https:\/\/rauchfrei.at\/wp-content\/uploads\/Riemer_Platz_rauchfreiat-480x269.jpg","contentUrl":"https:\/\/rauchfrei.at\/wp-content\/uploads\/Riemer_Platz_rauchfreiat-480x269.jpg"},{"@type":"WebSite","@id":"https:\/\/rauchfrei.at\/#website","url":"https:\/\/rauchfrei.at\/","name":"Rauchfrei Telefon","description":"Eine \u00f6sterreichweite Initiative der Sozialversicherungen.","potentialAction":[{"@type":"SearchAction","target":{"@type":"EntryPoint","urlTemplate":"https:\/\/rauchfrei.at\/?s={search_term_string}"},"query-input":{"@type":"PropertyValueSpecification","valueRequired":true,"valueName":"search_term_string"}}],"inLanguage":"en-US"},{"@type":"Person","@id":"https:\/\/rauchfrei.at\/#\/schema\/person\/7993cb8bdf02ba65fd4ec8ec38b2dbbf","name":"Andrea B\u00fcttner","image":{"@type":"ImageObject","inLanguage":"en-US","@id":"https:\/\/rauchfrei.at\/#\/schema\/person\/image\/","url":"https:\/\/secure.gravatar.com\/avatar\/0f26ab1de0c83f37b101366a1244bf5de74c6d9c0641811dc6f7fc551dad1c7f?s=96&d=mm&r=g","contentUrl":"https:\/\/secure.gravatar.com\/avatar\/0f26ab1de0c83f37b101366a1244bf5de74c6d9c0641811dc6f7fc551dad1c7f?s=96&d=mm&r=g","caption":"Andrea B\u00fcttner"},"url":"https:\/\/rauchfrei.at\/en\/author\/buettner\/"}]}},"_links":{"self":[{"href":"https:\/\/rauchfrei.at\/en\/wp-json\/wp\/v2\/posts\/9322","targetHints":{"allow":["GET"]}}],"collection":[{"href":"https:\/\/rauchfrei.at\/en\/wp-json\/wp\/v2\/posts"}],"about":[{"href":"https:\/\/rauchfrei.at\/en\/wp-json\/wp\/v2\/types\/post"}],"author":[{"embeddable":true,"href":"https:\/\/rauchfrei.at\/en\/wp-json\/wp\/v2\/users\/11"}],"replies":[{"embeddable":true,"href":"https:\/\/rauchfrei.at\/en\/wp-json\/wp\/v2\/comments?post=9322"}],"version-history":[{"count":7,"href":"https:\/\/rauchfrei.at\/en\/wp-json\/wp\/v2\/posts\/9322\/revisions"}],"predecessor-version":[{"id":23997,"href":"https:\/\/rauchfrei.at\/en\/wp-json\/wp\/v2\/posts\/9322\/revisions\/23997"}],"wp:attachment":[{"href":"https:\/\/rauchfrei.at\/en\/wp-json\/wp\/v2\/media?parent=9322"}],"wp:term":[{"taxonomy":"category","embeddable":true,"href":"https:\/\/rauchfrei.at\/en\/wp-json\/wp\/v2\/categories?post=9322"},{"taxonomy":"post_tag","embeddable":true,"href":"https:\/\/rauchfrei.at\/en\/wp-json\/wp\/v2\/tags?post=9322"}],"curies":[{"name":"wp","href":"https:\/\/api.w.org\/{rel}","templated":true}]}}