
{"id":9327,"date":"2017-05-14T10:00:21","date_gmt":"2017-05-14T08:00:21","guid":{"rendered":"http:\/\/rauchfrei.at\/?p=9327"},"modified":"2019-04-26T18:07:42","modified_gmt":"2019-04-26T16:07:42","slug":"symposium-zum-weltnichtrauchertag-schwangerschaft-und-rauchen","status":"publish","type":"post","link":"https:\/\/rauchfrei.at\/en\/symposium-zum-weltnichtrauchertag-schwangerschaft-und-rauchen\/","title":{"rendered":"Symposium zum Weltnichtrauchertag \u2013 Schwangerschaft und Rauchen"},"content":{"rendered":"<p>[et_pb_section fb_built=&#8221;1&#8243; module_class=&#8221;header&#8221; _builder_version=&#8221;3.0.99&#8243;][et_pb_row _builder_version=&#8221;3.0.99&#8243;][et_pb_column type=&#8221;4_4&#8243; _builder_version=&#8221;3.0.47&#8243;][et_pb_dp_dmb_module_10001 _builder_version=&#8221;3.21.1&#8243;][\/et_pb_dp_dmb_module_10001][\/et_pb_column][\/et_pb_row][\/et_pb_section][et_pb_section fb_built=&#8221;1&#8243; _builder_version=&#8221;3.0.47&#8243;][et_pb_row _builder_version=&#8221;3.0.48&#8243; background_size=&#8221;initial&#8221; background_position=&#8221;top_left&#8221; background_repeat=&#8221;repeat&#8221;][et_pb_column type=&#8221;2_3&#8243; _builder_version=&#8221;3.0.47&#8243;][et_pb_text _builder_version=&#8221;3.0.74&#8243; background_size=&#8221;initial&#8221; background_position=&#8221;top_left&#8221; background_repeat=&#8221;repeat&#8221;]<\/p>\n<p><span style=\"font-size: 15px;\">Schwangerschaft und Rauchen \u2013 f\u00fcr die meisten ist klar, das passt nicht zusammen.<\/span><\/p>\n<p>Viele schaffen den Rauchstopp, sobald die Schwangerschaft bekannt wird. Einige bemerken aber, wenn sie damit aufh\u00f6ren m\u00f6chten, dass es nicht so einfach ist. Eine Reduktion der Zigarettenmenge gelingt oft. Ganz aufh\u00f6ren \u2026 das gelingt mit Hilfe und Unterst\u00fctzung einfacher!<\/p>\n<p>Ist es wirklich so schlimm? Teilweise herrscht Unklarheit, ob Rauchen wirklich so schlimm f\u00fcr das Baby ist.<\/p>\n<blockquote>\n<p>Jede Zigarette reduziert die Sauerstoffversorgung und bringt Giftstoffe in den Organismus des Ungeborenen.<\/p>\n<\/blockquote>\n<p>Deshalb ist der Rauchstopp das Beste f\u00fcr die Gesundheit von Kind und Mutter.<\/p>\n<p>Der Partner und die Familie sollten eine Unterst\u00fctzung sein und ebenfalls nicht mehr rauchen. Im Gesundheitswesen sollte das Thema besser sichtbar sein und Hilfestellungen angeboten werden.<\/p>\n<p><img loading=\"lazy\" decoding=\"async\" class=\"size-large wp-image-9330\" src=\"https:\/\/rauchfrei.at\/wp-content\/uploads\/DSC_0041-480x321.jpg\" alt=\"Fotonachweis: N\u00d6GKK\" width=\"480\" height=\"321\" data-id=\"9330\" srcset=\"https:\/\/rauchfrei.at\/wp-content\/uploads\/DSC_0041-480x321.jpg 480w, https:\/\/rauchfrei.at\/wp-content\/uploads\/DSC_0041-225x151.jpg 225w, https:\/\/rauchfrei.at\/wp-content\/uploads\/DSC_0041-768x514.jpg 768w\" sizes=\"(max-width: 480px) 100vw, 480px\" \/><\/p>\n<p>Als wichtigste Empfehlung f\u00fcr die Praxis nahmen die Teilnehmerinnen und Teilnehmer die Botschaft mit: Das Rauchen wiederholt bei allen Patientinnen wertfrei ansprechen und individuelle Hilfe zur Tabakentw\u00f6hnung anbieten.<\/p>\n<p>Denn: die meisten Schwangeren m\u00f6chten aufh\u00f6ren und tun sich mit passender Hilfe leichter!<\/p>\n<p><strong>Link: <a target=\"_blank\" rel=\"noopener noreferrer\">Programm Symposium Schwangerschaft und Rauchen<\/a><\/strong><\/p>\n<p>[\/et_pb_text][\/et_pb_column][et_pb_column type=&#8221;1_3&#8243; _builder_version=&#8221;3.0.47&#8243;][et_pb_sidebar area=&#8221;sidebar-1&#8243; _builder_version=&#8221;3.15&#8243;][\/et_pb_sidebar][\/et_pb_column][\/et_pb_row][\/et_pb_section]<\/p>\n","protected":false},"excerpt":{"rendered":"<p>Am 9. Mai fand in St. P\u00f6lten das Symposium \u201eSchwangerschaft und Rauchen\u201c anl\u00e4sslich des Weltnichtrauchertags statt. Vortr\u00e4ge f\u00fcr T\u00e4tige im Gesundheitswesen beleuchteten unterschiedliche Aspekte des Themas. Tenor bei vielen der Vortragenden: Das Thema Rauchen in der Schwangerschaft ist tabuisiert und geh\u00f6rt angesprochen, gleichzeitig m\u00fcssen passende Hilfsangebote f\u00fcr Schwangere angeboten werden. Die meisten m\u00f6chten aufh\u00f6ren, alleine ist es manchmal zu schwer!<\/p>\n","protected":false},"author":17,"featured_media":0,"comment_status":"open","ping_status":"open","sticky":false,"template":"","format":"standard","meta":{"_et_pb_use_builder":"on","_et_pb_old_content":"<p><strong>\u00a0<\/strong><\/p><p>Schwangerschaft und Rauchen \u2013 f\u00fcr die meisten ist klar, das passt nicht zusammen.<\/p><p>\u00a0<\/p><p>Viele schaffen den Rauchstopp, sobald die Schwangerschaft bekannt wird. Einige bemerken aber, wenn sie damit aufh\u00f6ren m\u00f6chten, dass es nicht so einfach ist. Eine Reduktion der Zigarettenmenge gelingt oft. Ganz aufh\u00f6ren \u2026 das gelingt mit Hilfe und Unterst\u00fctzung einfacher!<\/p><p>\u00a0<\/p><p>Ist es wirklich so schlimm? Teilweise herrscht Unklarheit, ob Rauchen wirklich so schlimm f\u00fcr das Baby ist.<\/p><p>\u00a0<\/p><p>Jede Zigarette reduziert die Sauerstoffversorgung und bringt Giftstoffe in den Organismus des Ungeborenen.<\/p><p>\u00a0<\/p><p>Deshalb ist der Rauchstopp das Beste f\u00fcr die Gesundheit von Kind und Mutter.<\/p><p>Der Partner und die Familie sollten eine Unterst\u00fctzung sein und ebenfalls nicht mehr rauchen. Im Gesundheitswesen sollte das Thema besser sichtbar sein und Hilfestellungen angeboten werden.<\/p><p>\u00a0<\/p><p>\u00a0<\/p>[caption id=\"attachment_9330\" align=\"aligncenter\" width=\"480\"]<img class=\"size-large wp-image-9330\" src=\"https:\/\/rauchfrei.at\/wp-content\/uploads\/DSC_0041-480x321.jpg\" alt=\"Fotonachweis: N\u00d6GKK\" width=\"480\" height=\"321\" data-id=\"9330\" \/> Fotonachweis: N\u00d6GKK[\/caption]<p>\u00a0<\/p><p>\u00a0<\/p><p>Als wichtigste Empfehlung f\u00fcr die Praxis nahmen die Teilnehmerinnen und Teilnehmer die Botschaft mit: Das Rauchen wiederholt bei allen Patientinnen wertfrei ansprechen und individuelle Hilfe zur Tabakentw\u00f6hnung anbieten.<\/p><p>\u00a0<\/p><p>Denn: die meisten Schwangeren m\u00f6chten aufh\u00f6ren und tun sich mit passender Hilfe leichter!<\/p><p>\u00a0<\/p><p><strong>Link: <a target=\"_blank\">Programm Symposium Schwangerschaft und Rauchen<\/a><\/strong><\/p><p>\u00a0<\/p><p>\u00a0<\/p>","_et_gb_content_width":"","footnotes":""},"categories":[232],"tags":[],"class_list":["post-9327","post","type-post","status-publish","format-standard","hentry","category-nachrichten-vom-rauchfrei-telefon"],"yoast_head":"<!-- This site is optimized with the Yoast SEO plugin v26.2 - https:\/\/yoast.com\/wordpress\/plugins\/seo\/ -->\n<title>Symposium zum Weltnichtrauchertag \u2013 Schwangerschaft und Rauchen - Rauchfrei Telefon<\/title>\n<meta name=\"robots\" content=\"index, follow, max-snippet:-1, max-image-preview:large, max-video-preview:-1\" \/>\n<link rel=\"canonical\" href=\"https:\/\/rauchfrei.at\/symposium-zum-weltnichtrauchertag-schwangerschaft-und-rauchen\/\" \/>\n<meta property=\"og:locale\" content=\"en_US\" \/>\n<meta property=\"og:type\" content=\"article\" \/>\n<meta property=\"og:title\" content=\"Symposium zum Weltnichtrauchertag \u2013 Schwangerschaft und Rauchen - Rauchfrei Telefon\" \/>\n<meta property=\"og:description\" content=\"Am 9. Mai fand in St. P\u00f6lten das Symposium \u201eSchwangerschaft und Rauchen\u201c anl\u00e4sslich des Weltnichtrauchertags statt. Vortr\u00e4ge f\u00fcr T\u00e4tige im Gesundheitswesen beleuchteten unterschiedliche Aspekte des Themas. Tenor bei vielen der Vortragenden: Das Thema Rauchen in der Schwangerschaft ist tabuisiert und geh\u00f6rt angesprochen, gleichzeitig m\u00fcssen passende Hilfsangebote f\u00fcr Schwangere angeboten werden. Die meisten m\u00f6chten aufh\u00f6ren, alleine ist es manchmal zu schwer!\" \/>\n<meta property=\"og:url\" content=\"https:\/\/rauchfrei.at\/symposium-zum-weltnichtrauchertag-schwangerschaft-und-rauchen\/\" \/>\n<meta property=\"og:site_name\" content=\"Rauchfrei Telefon\" \/>\n<meta property=\"article:published_time\" content=\"2017-05-14T08:00:21+00:00\" \/>\n<meta property=\"article:modified_time\" content=\"2019-04-26T16:07:42+00:00\" \/>\n<meta property=\"og:image\" content=\"https:\/\/rauchfrei.at\/wp-content\/uploads\/DSC_0041-480x321.jpg\" \/>\n<meta name=\"author\" content=\"Gastkommentar\" \/>\n<meta name=\"twitter:card\" content=\"summary_large_image\" \/>\n<meta name=\"twitter:label1\" content=\"Written by\" \/>\n\t<meta name=\"twitter:data1\" content=\"Gastkommentar\" \/>\n\t<meta name=\"twitter:label2\" content=\"Est. reading time\" \/>\n\t<meta name=\"twitter:data2\" content=\"1 minute\" \/>\n<script type=\"application\/ld+json\" class=\"yoast-schema-graph\">{\"@context\":\"https:\/\/schema.org\",\"@graph\":[{\"@type\":\"WebPage\",\"@id\":\"https:\/\/rauchfrei.at\/symposium-zum-weltnichtrauchertag-schwangerschaft-und-rauchen\/\",\"url\":\"https:\/\/rauchfrei.at\/symposium-zum-weltnichtrauchertag-schwangerschaft-und-rauchen\/\",\"name\":\"Symposium zum Weltnichtrauchertag \u2013 Schwangerschaft und Rauchen - Rauchfrei Telefon\",\"isPartOf\":{\"@id\":\"https:\/\/rauchfrei.at\/#website\"},\"primaryImageOfPage\":{\"@id\":\"https:\/\/rauchfrei.at\/symposium-zum-weltnichtrauchertag-schwangerschaft-und-rauchen\/#primaryimage\"},\"image\":{\"@id\":\"https:\/\/rauchfrei.at\/symposium-zum-weltnichtrauchertag-schwangerschaft-und-rauchen\/#primaryimage\"},\"thumbnailUrl\":\"https:\/\/rauchfrei.at\/wp-content\/uploads\/DSC_0041-480x321.jpg\",\"datePublished\":\"2017-05-14T08:00:21+00:00\",\"dateModified\":\"2019-04-26T16:07:42+00:00\",\"author\":{\"@id\":\"https:\/\/rauchfrei.at\/#\/schema\/person\/5fc25ba0c5c18c7bb72f39740e4d31da\"},\"inLanguage\":\"en-US\",\"potentialAction\":[{\"@type\":\"ReadAction\",\"target\":[\"https:\/\/rauchfrei.at\/symposium-zum-weltnichtrauchertag-schwangerschaft-und-rauchen\/\"]}]},{\"@type\":\"ImageObject\",\"inLanguage\":\"en-US\",\"@id\":\"https:\/\/rauchfrei.at\/symposium-zum-weltnichtrauchertag-schwangerschaft-und-rauchen\/#primaryimage\",\"url\":\"https:\/\/rauchfrei.at\/wp-content\/uploads\/DSC_0041-480x321.jpg\",\"contentUrl\":\"https:\/\/rauchfrei.at\/wp-content\/uploads\/DSC_0041-480x321.jpg\"},{\"@type\":\"WebSite\",\"@id\":\"https:\/\/rauchfrei.at\/#website\",\"url\":\"https:\/\/rauchfrei.at\/\",\"name\":\"Rauchfrei Telefon\",\"description\":\"Eine \u00f6sterreichweite Initiative der Sozialversicherungen.\",\"potentialAction\":[{\"@type\":\"SearchAction\",\"target\":{\"@type\":\"EntryPoint\",\"urlTemplate\":\"https:\/\/rauchfrei.at\/?s={search_term_string}\"},\"query-input\":{\"@type\":\"PropertyValueSpecification\",\"valueRequired\":true,\"valueName\":\"search_term_string\"}}],\"inLanguage\":\"en-US\"},{\"@type\":\"Person\",\"@id\":\"https:\/\/rauchfrei.at\/#\/schema\/person\/5fc25ba0c5c18c7bb72f39740e4d31da\",\"name\":\"Gastkommentar\",\"image\":{\"@type\":\"ImageObject\",\"inLanguage\":\"en-US\",\"@id\":\"https:\/\/rauchfrei.at\/#\/schema\/person\/image\/\",\"url\":\"https:\/\/secure.gravatar.com\/avatar\/85407d990e69802a3bded43886ed11ed06b45db3bbf254d52dd9f9c82c33dd83?s=96&d=mm&r=g\",\"contentUrl\":\"https:\/\/secure.gravatar.com\/avatar\/85407d990e69802a3bded43886ed11ed06b45db3bbf254d52dd9f9c82c33dd83?s=96&d=mm&r=g\",\"caption\":\"Gastkommentar\"},\"url\":\"https:\/\/rauchfrei.at\/en\/author\/gastkommentar\/\"}]}<\/script>\n<!-- \/ Yoast SEO plugin. -->","yoast_head_json":{"title":"Symposium zum Weltnichtrauchertag \u2013 Schwangerschaft und Rauchen - Rauchfrei Telefon","robots":{"index":"index","follow":"follow","max-snippet":"max-snippet:-1","max-image-preview":"max-image-preview:large","max-video-preview":"max-video-preview:-1"},"canonical":"https:\/\/rauchfrei.at\/symposium-zum-weltnichtrauchertag-schwangerschaft-und-rauchen\/","og_locale":"en_US","og_type":"article","og_title":"Symposium zum Weltnichtrauchertag \u2013 Schwangerschaft und Rauchen - Rauchfrei Telefon","og_description":"Am 9. Mai fand in St. P\u00f6lten das Symposium \u201eSchwangerschaft und Rauchen\u201c anl\u00e4sslich des Weltnichtrauchertags statt. Vortr\u00e4ge f\u00fcr T\u00e4tige im Gesundheitswesen beleuchteten unterschiedliche Aspekte des Themas. Tenor bei vielen der Vortragenden: Das Thema Rauchen in der Schwangerschaft ist tabuisiert und geh\u00f6rt angesprochen, gleichzeitig m\u00fcssen passende Hilfsangebote f\u00fcr Schwangere angeboten werden. Die meisten m\u00f6chten aufh\u00f6ren, alleine ist es manchmal zu schwer!","og_url":"https:\/\/rauchfrei.at\/symposium-zum-weltnichtrauchertag-schwangerschaft-und-rauchen\/","og_site_name":"Rauchfrei Telefon","article_published_time":"2017-05-14T08:00:21+00:00","article_modified_time":"2019-04-26T16:07:42+00:00","og_image":[{"url":"https:\/\/rauchfrei.at\/wp-content\/uploads\/DSC_0041-480x321.jpg","type":"","width":"","height":""}],"author":"Gastkommentar","twitter_card":"summary_large_image","twitter_misc":{"Written by":"Gastkommentar","Est. reading time":"1 minute"},"schema":{"@context":"https:\/\/schema.org","@graph":[{"@type":"WebPage","@id":"https:\/\/rauchfrei.at\/symposium-zum-weltnichtrauchertag-schwangerschaft-und-rauchen\/","url":"https:\/\/rauchfrei.at\/symposium-zum-weltnichtrauchertag-schwangerschaft-und-rauchen\/","name":"Symposium zum Weltnichtrauchertag \u2013 Schwangerschaft und Rauchen - Rauchfrei Telefon","isPartOf":{"@id":"https:\/\/rauchfrei.at\/#website"},"primaryImageOfPage":{"@id":"https:\/\/rauchfrei.at\/symposium-zum-weltnichtrauchertag-schwangerschaft-und-rauchen\/#primaryimage"},"image":{"@id":"https:\/\/rauchfrei.at\/symposium-zum-weltnichtrauchertag-schwangerschaft-und-rauchen\/#primaryimage"},"thumbnailUrl":"https:\/\/rauchfrei.at\/wp-content\/uploads\/DSC_0041-480x321.jpg","datePublished":"2017-05-14T08:00:21+00:00","dateModified":"2019-04-26T16:07:42+00:00","author":{"@id":"https:\/\/rauchfrei.at\/#\/schema\/person\/5fc25ba0c5c18c7bb72f39740e4d31da"},"inLanguage":"en-US","potentialAction":[{"@type":"ReadAction","target":["https:\/\/rauchfrei.at\/symposium-zum-weltnichtrauchertag-schwangerschaft-und-rauchen\/"]}]},{"@type":"ImageObject","inLanguage":"en-US","@id":"https:\/\/rauchfrei.at\/symposium-zum-weltnichtrauchertag-schwangerschaft-und-rauchen\/#primaryimage","url":"https:\/\/rauchfrei.at\/wp-content\/uploads\/DSC_0041-480x321.jpg","contentUrl":"https:\/\/rauchfrei.at\/wp-content\/uploads\/DSC_0041-480x321.jpg"},{"@type":"WebSite","@id":"https:\/\/rauchfrei.at\/#website","url":"https:\/\/rauchfrei.at\/","name":"Rauchfrei Telefon","description":"Eine \u00f6sterreichweite Initiative der Sozialversicherungen.","potentialAction":[{"@type":"SearchAction","target":{"@type":"EntryPoint","urlTemplate":"https:\/\/rauchfrei.at\/?s={search_term_string}"},"query-input":{"@type":"PropertyValueSpecification","valueRequired":true,"valueName":"search_term_string"}}],"inLanguage":"en-US"},{"@type":"Person","@id":"https:\/\/rauchfrei.at\/#\/schema\/person\/5fc25ba0c5c18c7bb72f39740e4d31da","name":"Gastkommentar","image":{"@type":"ImageObject","inLanguage":"en-US","@id":"https:\/\/rauchfrei.at\/#\/schema\/person\/image\/","url":"https:\/\/secure.gravatar.com\/avatar\/85407d990e69802a3bded43886ed11ed06b45db3bbf254d52dd9f9c82c33dd83?s=96&d=mm&r=g","contentUrl":"https:\/\/secure.gravatar.com\/avatar\/85407d990e69802a3bded43886ed11ed06b45db3bbf254d52dd9f9c82c33dd83?s=96&d=mm&r=g","caption":"Gastkommentar"},"url":"https:\/\/rauchfrei.at\/en\/author\/gastkommentar\/"}]}},"_links":{"self":[{"href":"https:\/\/rauchfrei.at\/en\/wp-json\/wp\/v2\/posts\/9327","targetHints":{"allow":["GET"]}}],"collection":[{"href":"https:\/\/rauchfrei.at\/en\/wp-json\/wp\/v2\/posts"}],"about":[{"href":"https:\/\/rauchfrei.at\/en\/wp-json\/wp\/v2\/types\/post"}],"author":[{"embeddable":true,"href":"https:\/\/rauchfrei.at\/en\/wp-json\/wp\/v2\/users\/17"}],"replies":[{"embeddable":true,"href":"https:\/\/rauchfrei.at\/en\/wp-json\/wp\/v2\/comments?post=9327"}],"version-history":[{"count":5,"href":"https:\/\/rauchfrei.at\/en\/wp-json\/wp\/v2\/posts\/9327\/revisions"}],"predecessor-version":[{"id":16139,"href":"https:\/\/rauchfrei.at\/en\/wp-json\/wp\/v2\/posts\/9327\/revisions\/16139"}],"wp:attachment":[{"href":"https:\/\/rauchfrei.at\/en\/wp-json\/wp\/v2\/media?parent=9327"}],"wp:term":[{"taxonomy":"category","embeddable":true,"href":"https:\/\/rauchfrei.at\/en\/wp-json\/wp\/v2\/categories?post=9327"},{"taxonomy":"post_tag","embeddable":true,"href":"https:\/\/rauchfrei.at\/en\/wp-json\/wp\/v2\/tags?post=9327"}],"curies":[{"name":"wp","href":"https:\/\/api.w.org\/{rel}","templated":true}]}}