
{"id":9373,"date":"2017-06-12T10:00:14","date_gmt":"2017-06-12T08:00:14","guid":{"rendered":"http:\/\/rauchfrei.at\/?p=9373"},"modified":"2019-04-26T17:54:22","modified_gmt":"2019-04-26T15:54:22","slug":"sind-sie-auch-auf-facebook","status":"publish","type":"post","link":"https:\/\/rauchfrei.at\/en\/sind-sie-auch-auf-facebook\/","title":{"rendered":"Wir sind auf Facebook &#8211; Sie auch?"},"content":{"rendered":"<p>[et_pb_section fb_built=&#8221;1&#8243; module_class=&#8221;header&#8221; _builder_version=&#8221;3.0.99&#8243;][et_pb_row _builder_version=&#8221;3.0.99&#8243;][et_pb_column type=&#8221;4_4&#8243; _builder_version=&#8221;3.0.47&#8243;][et_pb_dp_dmb_module_10001 _builder_version=&#8221;3.21.1&#8243;][\/et_pb_dp_dmb_module_10001][\/et_pb_column][\/et_pb_row][\/et_pb_section][et_pb_section fb_built=&#8221;1&#8243; _builder_version=&#8221;3.0.47&#8243;][et_pb_row _builder_version=&#8221;3.0.48&#8243; background_size=&#8221;initial&#8221; background_position=&#8221;top_left&#8221; background_repeat=&#8221;repeat&#8221;][et_pb_column type=&#8221;2_3&#8243; _builder_version=&#8221;3.0.47&#8243;][et_pb_text _builder_version=&#8221;3.0.74&#8243; background_size=&#8221;initial&#8221; background_position=&#8221;top_left&#8221; background_repeat=&#8221;repeat&#8221;]<\/p>\n<p><span style=\"font-size: 15px;\">Das Rauchfrei Telefon versucht Personen, die mit dem Rauchen aufh\u00f6ren m\u00f6chten, auf den verschiedensten Kan\u00e4len anzusprechen. So liegt nat\u00fcrlich der Schwerpunkt des Rauchfrei Telefons auf der telefonischen Beratung. Es lassen sich aber auch sehr viele Informationen auf der Homepage oder auch in der kostenlosen Rauchfrei App (<\/span><a href=\"http:\/\/www.rauchfreiapp.at\/\" style=\"font-size: 15px;\">www.rauchfreiapp.at<\/a><span style=\"font-size: 15px;\">) finden.<\/span><\/p>\n<p>Als weiteren Weg versucht das Rauchfrei Telefon auch m\u00f6glichst viele Personen \u00fcber die <a href=\"https:\/\/de-de.facebook.com\/RauchfreiTelefon\/\" target=\"_blank\" rel=\"noopener noreferrer\">Facebook-Seite<\/a> zu erreichen.<\/p>\n<p>Mehrmals die Woche werden dort interessante Artikel, originelle Erfahrungen aus der Beratung oder Informationen der Kooperationspartner des Rauchfrei Telefons gepostet. Au\u00dferdem regen Vorschl\u00e4ge zu Alternativen auch noch nicht ganz fest entschlossene Personen dazu an, rauchfrei zu werden und zu bleiben.<\/p>\n<blockquote>\n<p>Sind Sie auch auf Facebook?<\/p>\n<\/blockquote>\n<p>Finden Sie die Zeit und schauen auf der Seite des Rauchfrei Telefons vorbei. Vielleicht wollen Sie dort auch Ihre Erfahrungen oder Ihre Aufh\u00f6r-Geschichten teilen.<\/p>\n<p>Nat\u00fcrlich steht das Rauchfrei Telefon auch f\u00fcr Fragen \u00fcber die <a href=\"https:\/\/de-de.facebook.com\/RauchfreiTelefon\/\" target=\"_blank\" rel=\"noopener noreferrer\">Facebook-Seite<\/a> bereit. Sie k\u00f6nnen einfach eine pers\u00f6nliche Nachricht senden und das Beratungsteam wird Ihnen so schnell wie m\u00f6glich antworten.<\/p>\n<p>Hier geht&#8217;s auf unsere Facebook-Seite: <a href=\"https:\/\/de-de.facebook.com\/RauchfreiTelefon\/\">https:\/\/de-de.facebook.com\/RauchfreiTelefon\/<\/a><\/p>\n<p>&nbsp;<\/p>\n<p>[\/et_pb_text][\/et_pb_column][et_pb_column type=&#8221;1_3&#8243; _builder_version=&#8221;3.0.47&#8243;][et_pb_sidebar area=&#8221;sidebar-1&#8243; _builder_version=&#8221;3.15&#8243;][\/et_pb_sidebar][\/et_pb_column][\/et_pb_row][\/et_pb_section]<\/p>\n","protected":false},"excerpt":{"rendered":"<p>Bereits seit 2009 ist das Rauchfrei Telefon auf Facebook vertreten. Dort werden mehrmals die Woche interessanten Beitr\u00e4ge, spannende Angebote oder originellen Erfahrungen aus der Beratung gepostet. Schauen Sie doch mal vorbei. Vielleicht motiviert es auch Sie f\u00fcr den Rauchstopp.<\/p>\n","protected":false},"author":17,"featured_media":0,"comment_status":"open","ping_status":"open","sticky":false,"template":"","format":"standard","meta":{"_et_pb_use_builder":"on","_et_pb_old_content":"<p>\u00a0<\/p><p>Das Rauchfrei Telefon versucht Personen, die mit dem Rauchen aufh\u00f6ren m\u00f6chten, auf den verschiedensten Kan\u00e4len anzusprechen. So liegt nat\u00fcrlich der Schwerpunkt des Rauchfrei Telefons auf der telefonischen Beratung. Es lassen sich aber auch sehr viele Informationen auf der Homepage oder auch in der kostenlosen Rauchfrei App (<a href=\"http:\/\/www.rauchfreiapp.at\/\">www.rauchfreiapp.at<\/a>) finden.<\/p><p>\u00a0<\/p><p>Als weiteren Weg versucht das Rauchfrei Telefon auch m\u00f6glichst viele Personen \u00fcber die <a href=\"https:\/\/de-de.facebook.com\/RauchfreiTelefon\/\" target=\"_blank\" rel=\"noopener\">Facebook-Seite<\/a> zu erreichen.<\/p><p>\u00a0<\/p><p>Mehrmals die Woche werden dort interessante Artikel, originelle Erfahrungen aus der Beratung oder Informationen der Kooperationspartner des Rauchfrei Telefons gepostet. Au\u00dferdem regen Vorschl\u00e4ge zu Alternativen auch noch nicht ganz fest entschlossene Personen dazu an, rauchfrei zu werden und zu bleiben.<\/p><p>\u00a0<\/p><p>Sind Sie auch auf Facebook?<\/p><p>\u00a0<\/p><p>Finden Sie die Zeit und schauen auf der Seite des Rauchfrei Telefons vorbei. Vielleicht wollen Sie dort auch Ihre Erfahrungen oder Ihre Aufh\u00f6r-Geschichten teilen.<\/p><p>\u00a0<\/p><p>Nat\u00fcrlich steht das Rauchfrei Telefon auch f\u00fcr Fragen \u00fcber die <a href=\"https:\/\/de-de.facebook.com\/RauchfreiTelefon\/\" target=\"_blank\" rel=\"noopener\">Facebook-Seite<\/a> bereit. Sie k\u00f6nnen einfach eine pers\u00f6nliche Nachricht senden und das Beratungsteam wird Ihnen so schnell wie m\u00f6glich antworten.<\/p><p>\u00a0<\/p><p>Hier geht's auf unsere Facebook-Seite: <a href=\"https:\/\/de-de.facebook.com\/RauchfreiTelefon\/\">https:\/\/de-de.facebook.com\/RauchfreiTelefon\/<\/a><\/p><p>\u00a0<\/p>","_et_gb_content_width":"","footnotes":""},"categories":[232],"tags":[],"class_list":["post-9373","post","type-post","status-publish","format-standard","hentry","category-nachrichten-vom-rauchfrei-telefon"],"yoast_head":"<!-- This site is optimized with the Yoast SEO plugin v26.2 - https:\/\/yoast.com\/wordpress\/plugins\/seo\/ -->\n<title>Wir sind auf Facebook - Sie auch? - Rauchfrei Telefon<\/title>\n<meta name=\"robots\" content=\"index, follow, max-snippet:-1, max-image-preview:large, max-video-preview:-1\" \/>\n<link rel=\"canonical\" href=\"https:\/\/rauchfrei.at\/sind-sie-auch-auf-facebook\/\" \/>\n<meta property=\"og:locale\" content=\"en_US\" \/>\n<meta property=\"og:type\" content=\"article\" \/>\n<meta property=\"og:title\" content=\"Wir sind auf Facebook - Sie auch? - Rauchfrei Telefon\" \/>\n<meta property=\"og:description\" content=\"Bereits seit 2009 ist das Rauchfrei Telefon auf Facebook vertreten. Dort werden mehrmals die Woche interessanten Beitr\u00e4ge, spannende Angebote oder originellen Erfahrungen aus der Beratung gepostet. Schauen Sie doch mal vorbei. Vielleicht motiviert es auch Sie f\u00fcr den Rauchstopp.\" \/>\n<meta property=\"og:url\" content=\"https:\/\/rauchfrei.at\/sind-sie-auch-auf-facebook\/\" \/>\n<meta property=\"og:site_name\" content=\"Rauchfrei Telefon\" \/>\n<meta property=\"article:published_time\" content=\"2017-06-12T08:00:14+00:00\" \/>\n<meta property=\"article:modified_time\" content=\"2019-04-26T15:54:22+00:00\" \/>\n<meta name=\"author\" content=\"Gastkommentar\" \/>\n<meta name=\"twitter:card\" content=\"summary_large_image\" \/>\n<meta name=\"twitter:label1\" content=\"Written by\" \/>\n\t<meta name=\"twitter:data1\" content=\"Gastkommentar\" \/>\n\t<meta name=\"twitter:label2\" content=\"Est. reading time\" \/>\n\t<meta name=\"twitter:data2\" content=\"2 minutes\" \/>\n<script type=\"application\/ld+json\" class=\"yoast-schema-graph\">{\"@context\":\"https:\/\/schema.org\",\"@graph\":[{\"@type\":\"WebPage\",\"@id\":\"https:\/\/rauchfrei.at\/sind-sie-auch-auf-facebook\/\",\"url\":\"https:\/\/rauchfrei.at\/sind-sie-auch-auf-facebook\/\",\"name\":\"Wir sind auf Facebook - Sie auch? - Rauchfrei Telefon\",\"isPartOf\":{\"@id\":\"https:\/\/rauchfrei.at\/#website\"},\"datePublished\":\"2017-06-12T08:00:14+00:00\",\"dateModified\":\"2019-04-26T15:54:22+00:00\",\"author\":{\"@id\":\"https:\/\/rauchfrei.at\/#\/schema\/person\/5fc25ba0c5c18c7bb72f39740e4d31da\"},\"inLanguage\":\"en-US\",\"potentialAction\":[{\"@type\":\"ReadAction\",\"target\":[\"https:\/\/rauchfrei.at\/sind-sie-auch-auf-facebook\/\"]}]},{\"@type\":\"WebSite\",\"@id\":\"https:\/\/rauchfrei.at\/#website\",\"url\":\"https:\/\/rauchfrei.at\/\",\"name\":\"Rauchfrei Telefon\",\"description\":\"Eine \u00f6sterreichweite Initiative der Sozialversicherungen.\",\"potentialAction\":[{\"@type\":\"SearchAction\",\"target\":{\"@type\":\"EntryPoint\",\"urlTemplate\":\"https:\/\/rauchfrei.at\/?s={search_term_string}\"},\"query-input\":{\"@type\":\"PropertyValueSpecification\",\"valueRequired\":true,\"valueName\":\"search_term_string\"}}],\"inLanguage\":\"en-US\"},{\"@type\":\"Person\",\"@id\":\"https:\/\/rauchfrei.at\/#\/schema\/person\/5fc25ba0c5c18c7bb72f39740e4d31da\",\"name\":\"Gastkommentar\",\"image\":{\"@type\":\"ImageObject\",\"inLanguage\":\"en-US\",\"@id\":\"https:\/\/rauchfrei.at\/#\/schema\/person\/image\/\",\"url\":\"https:\/\/secure.gravatar.com\/avatar\/85407d990e69802a3bded43886ed11ed06b45db3bbf254d52dd9f9c82c33dd83?s=96&d=mm&r=g\",\"contentUrl\":\"https:\/\/secure.gravatar.com\/avatar\/85407d990e69802a3bded43886ed11ed06b45db3bbf254d52dd9f9c82c33dd83?s=96&d=mm&r=g\",\"caption\":\"Gastkommentar\"},\"url\":\"https:\/\/rauchfrei.at\/en\/author\/gastkommentar\/\"}]}<\/script>\n<!-- \/ Yoast SEO plugin. -->","yoast_head_json":{"title":"Wir sind auf Facebook - Sie auch? - Rauchfrei Telefon","robots":{"index":"index","follow":"follow","max-snippet":"max-snippet:-1","max-image-preview":"max-image-preview:large","max-video-preview":"max-video-preview:-1"},"canonical":"https:\/\/rauchfrei.at\/sind-sie-auch-auf-facebook\/","og_locale":"en_US","og_type":"article","og_title":"Wir sind auf Facebook - Sie auch? - Rauchfrei Telefon","og_description":"Bereits seit 2009 ist das Rauchfrei Telefon auf Facebook vertreten. Dort werden mehrmals die Woche interessanten Beitr\u00e4ge, spannende Angebote oder originellen Erfahrungen aus der Beratung gepostet. Schauen Sie doch mal vorbei. Vielleicht motiviert es auch Sie f\u00fcr den Rauchstopp.","og_url":"https:\/\/rauchfrei.at\/sind-sie-auch-auf-facebook\/","og_site_name":"Rauchfrei Telefon","article_published_time":"2017-06-12T08:00:14+00:00","article_modified_time":"2019-04-26T15:54:22+00:00","author":"Gastkommentar","twitter_card":"summary_large_image","twitter_misc":{"Written by":"Gastkommentar","Est. reading time":"2 minutes"},"schema":{"@context":"https:\/\/schema.org","@graph":[{"@type":"WebPage","@id":"https:\/\/rauchfrei.at\/sind-sie-auch-auf-facebook\/","url":"https:\/\/rauchfrei.at\/sind-sie-auch-auf-facebook\/","name":"Wir sind auf Facebook - Sie auch? - Rauchfrei Telefon","isPartOf":{"@id":"https:\/\/rauchfrei.at\/#website"},"datePublished":"2017-06-12T08:00:14+00:00","dateModified":"2019-04-26T15:54:22+00:00","author":{"@id":"https:\/\/rauchfrei.at\/#\/schema\/person\/5fc25ba0c5c18c7bb72f39740e4d31da"},"inLanguage":"en-US","potentialAction":[{"@type":"ReadAction","target":["https:\/\/rauchfrei.at\/sind-sie-auch-auf-facebook\/"]}]},{"@type":"WebSite","@id":"https:\/\/rauchfrei.at\/#website","url":"https:\/\/rauchfrei.at\/","name":"Rauchfrei Telefon","description":"Eine \u00f6sterreichweite Initiative der Sozialversicherungen.","potentialAction":[{"@type":"SearchAction","target":{"@type":"EntryPoint","urlTemplate":"https:\/\/rauchfrei.at\/?s={search_term_string}"},"query-input":{"@type":"PropertyValueSpecification","valueRequired":true,"valueName":"search_term_string"}}],"inLanguage":"en-US"},{"@type":"Person","@id":"https:\/\/rauchfrei.at\/#\/schema\/person\/5fc25ba0c5c18c7bb72f39740e4d31da","name":"Gastkommentar","image":{"@type":"ImageObject","inLanguage":"en-US","@id":"https:\/\/rauchfrei.at\/#\/schema\/person\/image\/","url":"https:\/\/secure.gravatar.com\/avatar\/85407d990e69802a3bded43886ed11ed06b45db3bbf254d52dd9f9c82c33dd83?s=96&d=mm&r=g","contentUrl":"https:\/\/secure.gravatar.com\/avatar\/85407d990e69802a3bded43886ed11ed06b45db3bbf254d52dd9f9c82c33dd83?s=96&d=mm&r=g","caption":"Gastkommentar"},"url":"https:\/\/rauchfrei.at\/en\/author\/gastkommentar\/"}]}},"_links":{"self":[{"href":"https:\/\/rauchfrei.at\/en\/wp-json\/wp\/v2\/posts\/9373","targetHints":{"allow":["GET"]}}],"collection":[{"href":"https:\/\/rauchfrei.at\/en\/wp-json\/wp\/v2\/posts"}],"about":[{"href":"https:\/\/rauchfrei.at\/en\/wp-json\/wp\/v2\/types\/post"}],"author":[{"embeddable":true,"href":"https:\/\/rauchfrei.at\/en\/wp-json\/wp\/v2\/users\/17"}],"replies":[{"embeddable":true,"href":"https:\/\/rauchfrei.at\/en\/wp-json\/wp\/v2\/comments?post=9373"}],"version-history":[{"count":5,"href":"https:\/\/rauchfrei.at\/en\/wp-json\/wp\/v2\/posts\/9373\/revisions"}],"predecessor-version":[{"id":16120,"href":"https:\/\/rauchfrei.at\/en\/wp-json\/wp\/v2\/posts\/9373\/revisions\/16120"}],"wp:attachment":[{"href":"https:\/\/rauchfrei.at\/en\/wp-json\/wp\/v2\/media?parent=9373"}],"wp:term":[{"taxonomy":"category","embeddable":true,"href":"https:\/\/rauchfrei.at\/en\/wp-json\/wp\/v2\/categories?post=9373"},{"taxonomy":"post_tag","embeddable":true,"href":"https:\/\/rauchfrei.at\/en\/wp-json\/wp\/v2\/tags?post=9373"}],"curies":[{"name":"wp","href":"https:\/\/api.w.org\/{rel}","templated":true}]}}