
{"id":9435,"date":"2017-07-10T10:00:46","date_gmt":"2017-07-10T08:00:46","guid":{"rendered":"http:\/\/rauchfrei.at\/?p=9435"},"modified":"2019-04-26T17:46:34","modified_gmt":"2019-04-26T15:46:34","slug":"rauchfrei-durchatmen-frischluft-einatmen","status":"publish","type":"post","link":"https:\/\/rauchfrei.at\/en\/rauchfrei-durchatmen-frischluft-einatmen\/","title":{"rendered":"Rauchfrei durchatmen! \u2013 Frischluft einatmen!"},"content":{"rendered":"<p>[et_pb_section fb_built=&#8221;1&#8243; module_class=&#8221;header&#8221; _builder_version=&#8221;3.0.99&#8243;][et_pb_row _builder_version=&#8221;3.0.99&#8243;][et_pb_column type=&#8221;4_4&#8243; _builder_version=&#8221;3.0.47&#8243;][et_pb_dp_dmb_module_10001 _builder_version=&#8221;3.21.1&#8243;][\/et_pb_dp_dmb_module_10001][\/et_pb_column][\/et_pb_row][\/et_pb_section][et_pb_section fb_built=&#8221;1&#8243; _builder_version=&#8221;3.0.47&#8243;][et_pb_row _builder_version=&#8221;3.0.48&#8243; background_size=&#8221;initial&#8221; background_position=&#8221;top_left&#8221; background_repeat=&#8221;repeat&#8221;][et_pb_column type=&#8221;2_3&#8243; _builder_version=&#8221;3.0.47&#8243;][et_pb_text _builder_version=&#8221;3.0.74&#8243; background_size=&#8221;initial&#8221; background_position=&#8221;top_left&#8221; background_repeat=&#8221;repeat&#8221;]<\/p>\n<p><span style=\"font-size: 15px;\">Passiert es auch Ihnen ab und an, dass Sie g\u00e4hnen oder seufzen? G\u00e4hnen ist nicht nur ein Zeichen f\u00fcr M\u00fcdigkeit. Beim G\u00e4hnen holt sich der K\u00f6rper eine neue Ladung Sauerstoff. Manchmal seufzen wir vor Erleichterung, manchmal weil sich gerade alles schwer anf\u00fchlt. Nach dem Seufzen f\u00fchlen wir uns meist etwas leichter. Daher laden wir Sie ein, im Alltag \u00f6fter bewusst zu G\u00e4hnen oder zu Seufzen, und so das Ein- und Ausatmen genauer zu sp\u00fcren!<\/span><\/p>\n<h2>G\u00e4hnen Sie doch \u00f6fter einmal!<\/h2>\n<p>Tun Sie so, als ob Sie ausgiebig und herzhaft g\u00e4hnen. Beim G\u00e4hnen entspannen sich Mund und Rachenraum. Sie dehnen sich aus und dabei \u00f6ffnet sich automatisch der gesamte Bauch- und Beckenraum. Beim G\u00e4hnen werden unter anderem alle Atemorgane entspannt, gel\u00f6st und ge\u00f6ffnet. G\u00e4hnbewegungen sind zugleich Zwerchfellbewegungen.<\/p>\n<h2>Seufzen Sie das Schwere weg!<\/h2>\n<p>Atmen Sie tief ein und heben Sie dabei die Schultern an. Mit dem Ausatmen lassen Sie die Schultern wieder nach unten fallen. Sie d\u00fcrfen beim Ausatmen ruhig ein Schnaub-Ger\u00e4usch erzeugen. Um den Effekt zu verst\u00e4rken, k\u00f6nnen Sie ruhig ein paarmal hintereinander seufzen.<\/p>\n<p><img loading=\"lazy\" decoding=\"async\" class=\"alignnone wp-image-9438\" src=\"https:\/\/rauchfrei.at\/wp-content\/uploads\/shutterstock_549797803_1000px-480x480.jpg\" alt=\"shutterstock_549797803_1000px\" width=\"359\" height=\"359\" data-id=\"9438\" srcset=\"https:\/\/rauchfrei.at\/wp-content\/uploads\/shutterstock_549797803_1000px-480x480.jpg 480w, https:\/\/rauchfrei.at\/wp-content\/uploads\/shutterstock_549797803_1000px-150x150.jpg 150w, https:\/\/rauchfrei.at\/wp-content\/uploads\/shutterstock_549797803_1000px-225x225.jpg 225w, https:\/\/rauchfrei.at\/wp-content\/uploads\/shutterstock_549797803_1000px-768x768.jpg 768w, https:\/\/rauchfrei.at\/wp-content\/uploads\/shutterstock_549797803_1000px-50x50.jpg 50w, https:\/\/rauchfrei.at\/wp-content\/uploads\/shutterstock_549797803_1000px.jpg 1000w\" sizes=\"(max-width: 359px) 100vw, 359px\" \/><\/p>\n<p>Das Rauchfrei Team w\u00fcnscht Ihnen herzhafte Genussmomente beim G\u00e4hnen und Seufzen!<\/p>\n<p><strong><u>Link:<\/u><\/strong><\/p>\n<p>Weitere Atemtechniken finden Sie unter <a href=\"https:\/\/rauchfrei.at\/wp-content\/uploads\/atemtechniken1.pdf\">https:\/\/rauchfrei.at\/wp-content\/uploads\/atemtechniken1.pdf<\/a><\/p>\n<p>[\/et_pb_text][\/et_pb_column][et_pb_column type=&#8221;1_3&#8243; _builder_version=&#8221;3.0.47&#8243;][et_pb_sidebar area=&#8221;sidebar-1&#8243; _builder_version=&#8221;3.15&#8243;][\/et_pb_sidebar][\/et_pb_column][\/et_pb_row][\/et_pb_section]<\/p>\n","protected":false},"excerpt":{"rendered":"<p>Oftmals wird die Zigarette genutzt um \u201edurchzuatmen\u201c, um eine Pause einzulegen. Manche Exraucher\/innen vergleichen das Rauchen sogar mit einem Atemritual. Wenn nicht mehr geraucht wird, fehlt manchmal das bewusste Ein- und Ausatmen. Wie k\u00f6nnen Sie im Alltag nun aufmerksam durchatmen? <\/p>\n","protected":false},"author":11,"featured_media":0,"comment_status":"open","ping_status":"open","sticky":false,"template":"","format":"standard","meta":{"_et_pb_use_builder":"on","_et_pb_old_content":"<p>\u00a0<\/p><p>Passiert es auch Ihnen ab und an, dass Sie g\u00e4hnen oder seufzen? G\u00e4hnen ist nicht nur ein Zeichen f\u00fcr M\u00fcdigkeit. Beim G\u00e4hnen holt sich der K\u00f6rper eine neue Ladung Sauerstoff. Manchmal seufzen wir vor Erleichterung, manchmal weil sich gerade alles schwer anf\u00fchlt. Nach dem Seufzen f\u00fchlen wir uns meist etwas leichter. Daher laden wir Sie ein, im Alltag \u00f6fter bewusst zu G\u00e4hnen oder zu Seufzen, und so das Ein- und Ausatmen genauer zu sp\u00fcren!<\/p><p>\u00a0<\/p><p><strong>G\u00e4hnen Sie doch \u00f6fter einmal! <\/strong><\/p><p>Tun Sie so, als ob Sie ausgiebig und herzhaft g\u00e4hnen. Beim G\u00e4hnen entspannen sich Mund und Rachenraum. Sie dehnen sich aus und dabei \u00f6ffnet sich automatisch der gesamte Bauch- und Beckenraum. Beim G\u00e4hnen werden unter anderem alle Atemorgane entspannt, gel\u00f6st und ge\u00f6ffnet. G\u00e4hnbewegungen sind zugleich Zwerchfellbewegungen.<\/p><p>\u00a0<\/p><p><strong>Seufzen Sie das Schwere weg! <\/strong><\/p><p>Atmen Sie tief ein und heben Sie dabei die Schultern an. Mit dem Ausatmen lassen Sie die Schultern wieder nach unten fallen. Sie d\u00fcrfen beim Ausatmen ruhig ein Schnaub-Ger\u00e4usch erzeugen. Um den Effekt zu verst\u00e4rken, k\u00f6nnen Sie ruhig ein paarmal hintereinander seufzen.<\/p><p><img class=\"alignnone wp-image-9438\" src=\"https:\/\/rauchfrei.at\/wp-content\/uploads\/shutterstock_549797803_1000px-480x480.jpg\" alt=\"shutterstock_549797803_1000px\" width=\"359\" height=\"359\" data-id=\"9438\" \/><\/p><p>Das Rauchfrei Team w\u00fcnscht Ihnen herzhafte Genussmomente beim G\u00e4hnen und Seufzen!<\/p><p>\u00a0<\/p><p>\u00a0<\/p><p><strong><u>Link:<\/u><\/strong><\/p><p>Weitere Atemtechniken finden Sie unter <a href=\"https:\/\/rauchfrei.at\/wp-content\/uploads\/atemtechniken1.pdf\">https:\/\/rauchfrei.at\/wp-content\/uploads\/atemtechniken1.pdf<\/a><\/p>","_et_gb_content_width":"","footnotes":""},"categories":[233],"tags":[],"class_list":["post-9435","post","type-post","status-publish","format-standard","hentry","category-unterstuetzung-beim-rauchstopp"],"yoast_head":"<!-- This site is optimized with the Yoast SEO plugin v26.2 - https:\/\/yoast.com\/wordpress\/plugins\/seo\/ -->\n<title>Rauchfrei durchatmen! \u2013 Frischluft einatmen! - Rauchfrei Telefon<\/title>\n<meta name=\"robots\" content=\"index, follow, max-snippet:-1, max-image-preview:large, max-video-preview:-1\" \/>\n<link rel=\"canonical\" href=\"https:\/\/rauchfrei.at\/rauchfrei-durchatmen-frischluft-einatmen\/\" \/>\n<meta property=\"og:locale\" content=\"en_US\" \/>\n<meta property=\"og:type\" content=\"article\" \/>\n<meta property=\"og:title\" content=\"Rauchfrei durchatmen! \u2013 Frischluft einatmen! - Rauchfrei Telefon\" \/>\n<meta property=\"og:description\" content=\"Oftmals wird die Zigarette genutzt um \u201edurchzuatmen\u201c, um eine Pause einzulegen. Manche Exraucher\/innen vergleichen das Rauchen sogar mit einem Atemritual. Wenn nicht mehr geraucht wird, fehlt manchmal das bewusste Ein- und Ausatmen. Wie k\u00f6nnen Sie im Alltag nun aufmerksam durchatmen?\" \/>\n<meta property=\"og:url\" content=\"https:\/\/rauchfrei.at\/rauchfrei-durchatmen-frischluft-einatmen\/\" \/>\n<meta property=\"og:site_name\" content=\"Rauchfrei Telefon\" \/>\n<meta property=\"article:published_time\" content=\"2017-07-10T08:00:46+00:00\" \/>\n<meta property=\"article:modified_time\" content=\"2019-04-26T15:46:34+00:00\" \/>\n<meta property=\"og:image\" content=\"https:\/\/rauchfrei.at\/wp-content\/uploads\/shutterstock_549797803_1000px-480x480.jpg\" \/>\n<meta name=\"author\" content=\"Andrea B\u00fcttner\" \/>\n<meta name=\"twitter:card\" content=\"summary_large_image\" \/>\n<meta name=\"twitter:label1\" content=\"Written by\" \/>\n\t<meta name=\"twitter:data1\" content=\"Andrea B\u00fcttner\" \/>\n\t<meta name=\"twitter:label2\" content=\"Est. reading time\" \/>\n\t<meta name=\"twitter:data2\" content=\"2 minutes\" \/>\n<script type=\"application\/ld+json\" class=\"yoast-schema-graph\">{\"@context\":\"https:\/\/schema.org\",\"@graph\":[{\"@type\":\"WebPage\",\"@id\":\"https:\/\/rauchfrei.at\/rauchfrei-durchatmen-frischluft-einatmen\/\",\"url\":\"https:\/\/rauchfrei.at\/rauchfrei-durchatmen-frischluft-einatmen\/\",\"name\":\"Rauchfrei durchatmen! \u2013 Frischluft einatmen! - Rauchfrei Telefon\",\"isPartOf\":{\"@id\":\"https:\/\/rauchfrei.at\/#website\"},\"primaryImageOfPage\":{\"@id\":\"https:\/\/rauchfrei.at\/rauchfrei-durchatmen-frischluft-einatmen\/#primaryimage\"},\"image\":{\"@id\":\"https:\/\/rauchfrei.at\/rauchfrei-durchatmen-frischluft-einatmen\/#primaryimage\"},\"thumbnailUrl\":\"https:\/\/rauchfrei.at\/wp-content\/uploads\/shutterstock_549797803_1000px-480x480.jpg\",\"datePublished\":\"2017-07-10T08:00:46+00:00\",\"dateModified\":\"2019-04-26T15:46:34+00:00\",\"author\":{\"@id\":\"https:\/\/rauchfrei.at\/#\/schema\/person\/7993cb8bdf02ba65fd4ec8ec38b2dbbf\"},\"inLanguage\":\"en-US\",\"potentialAction\":[{\"@type\":\"ReadAction\",\"target\":[\"https:\/\/rauchfrei.at\/rauchfrei-durchatmen-frischluft-einatmen\/\"]}]},{\"@type\":\"ImageObject\",\"inLanguage\":\"en-US\",\"@id\":\"https:\/\/rauchfrei.at\/rauchfrei-durchatmen-frischluft-einatmen\/#primaryimage\",\"url\":\"https:\/\/rauchfrei.at\/wp-content\/uploads\/shutterstock_549797803_1000px-480x480.jpg\",\"contentUrl\":\"https:\/\/rauchfrei.at\/wp-content\/uploads\/shutterstock_549797803_1000px-480x480.jpg\"},{\"@type\":\"WebSite\",\"@id\":\"https:\/\/rauchfrei.at\/#website\",\"url\":\"https:\/\/rauchfrei.at\/\",\"name\":\"Rauchfrei Telefon\",\"description\":\"Eine \u00f6sterreichweite Initiative der Sozialversicherungen.\",\"potentialAction\":[{\"@type\":\"SearchAction\",\"target\":{\"@type\":\"EntryPoint\",\"urlTemplate\":\"https:\/\/rauchfrei.at\/?s={search_term_string}\"},\"query-input\":{\"@type\":\"PropertyValueSpecification\",\"valueRequired\":true,\"valueName\":\"search_term_string\"}}],\"inLanguage\":\"en-US\"},{\"@type\":\"Person\",\"@id\":\"https:\/\/rauchfrei.at\/#\/schema\/person\/7993cb8bdf02ba65fd4ec8ec38b2dbbf\",\"name\":\"Andrea B\u00fcttner\",\"image\":{\"@type\":\"ImageObject\",\"inLanguage\":\"en-US\",\"@id\":\"https:\/\/rauchfrei.at\/#\/schema\/person\/image\/\",\"url\":\"https:\/\/secure.gravatar.com\/avatar\/0f26ab1de0c83f37b101366a1244bf5de74c6d9c0641811dc6f7fc551dad1c7f?s=96&d=mm&r=g\",\"contentUrl\":\"https:\/\/secure.gravatar.com\/avatar\/0f26ab1de0c83f37b101366a1244bf5de74c6d9c0641811dc6f7fc551dad1c7f?s=96&d=mm&r=g\",\"caption\":\"Andrea B\u00fcttner\"},\"url\":\"https:\/\/rauchfrei.at\/en\/author\/buettner\/\"}]}<\/script>\n<!-- \/ Yoast SEO plugin. -->","yoast_head_json":{"title":"Rauchfrei durchatmen! \u2013 Frischluft einatmen! - Rauchfrei Telefon","robots":{"index":"index","follow":"follow","max-snippet":"max-snippet:-1","max-image-preview":"max-image-preview:large","max-video-preview":"max-video-preview:-1"},"canonical":"https:\/\/rauchfrei.at\/rauchfrei-durchatmen-frischluft-einatmen\/","og_locale":"en_US","og_type":"article","og_title":"Rauchfrei durchatmen! \u2013 Frischluft einatmen! - Rauchfrei Telefon","og_description":"Oftmals wird die Zigarette genutzt um \u201edurchzuatmen\u201c, um eine Pause einzulegen. Manche Exraucher\/innen vergleichen das Rauchen sogar mit einem Atemritual. Wenn nicht mehr geraucht wird, fehlt manchmal das bewusste Ein- und Ausatmen. Wie k\u00f6nnen Sie im Alltag nun aufmerksam durchatmen?","og_url":"https:\/\/rauchfrei.at\/rauchfrei-durchatmen-frischluft-einatmen\/","og_site_name":"Rauchfrei Telefon","article_published_time":"2017-07-10T08:00:46+00:00","article_modified_time":"2019-04-26T15:46:34+00:00","og_image":[{"url":"https:\/\/rauchfrei.at\/wp-content\/uploads\/shutterstock_549797803_1000px-480x480.jpg","type":"","width":"","height":""}],"author":"Andrea B\u00fcttner","twitter_card":"summary_large_image","twitter_misc":{"Written by":"Andrea B\u00fcttner","Est. reading time":"2 minutes"},"schema":{"@context":"https:\/\/schema.org","@graph":[{"@type":"WebPage","@id":"https:\/\/rauchfrei.at\/rauchfrei-durchatmen-frischluft-einatmen\/","url":"https:\/\/rauchfrei.at\/rauchfrei-durchatmen-frischluft-einatmen\/","name":"Rauchfrei durchatmen! \u2013 Frischluft einatmen! - Rauchfrei Telefon","isPartOf":{"@id":"https:\/\/rauchfrei.at\/#website"},"primaryImageOfPage":{"@id":"https:\/\/rauchfrei.at\/rauchfrei-durchatmen-frischluft-einatmen\/#primaryimage"},"image":{"@id":"https:\/\/rauchfrei.at\/rauchfrei-durchatmen-frischluft-einatmen\/#primaryimage"},"thumbnailUrl":"https:\/\/rauchfrei.at\/wp-content\/uploads\/shutterstock_549797803_1000px-480x480.jpg","datePublished":"2017-07-10T08:00:46+00:00","dateModified":"2019-04-26T15:46:34+00:00","author":{"@id":"https:\/\/rauchfrei.at\/#\/schema\/person\/7993cb8bdf02ba65fd4ec8ec38b2dbbf"},"inLanguage":"en-US","potentialAction":[{"@type":"ReadAction","target":["https:\/\/rauchfrei.at\/rauchfrei-durchatmen-frischluft-einatmen\/"]}]},{"@type":"ImageObject","inLanguage":"en-US","@id":"https:\/\/rauchfrei.at\/rauchfrei-durchatmen-frischluft-einatmen\/#primaryimage","url":"https:\/\/rauchfrei.at\/wp-content\/uploads\/shutterstock_549797803_1000px-480x480.jpg","contentUrl":"https:\/\/rauchfrei.at\/wp-content\/uploads\/shutterstock_549797803_1000px-480x480.jpg"},{"@type":"WebSite","@id":"https:\/\/rauchfrei.at\/#website","url":"https:\/\/rauchfrei.at\/","name":"Rauchfrei Telefon","description":"Eine \u00f6sterreichweite Initiative der Sozialversicherungen.","potentialAction":[{"@type":"SearchAction","target":{"@type":"EntryPoint","urlTemplate":"https:\/\/rauchfrei.at\/?s={search_term_string}"},"query-input":{"@type":"PropertyValueSpecification","valueRequired":true,"valueName":"search_term_string"}}],"inLanguage":"en-US"},{"@type":"Person","@id":"https:\/\/rauchfrei.at\/#\/schema\/person\/7993cb8bdf02ba65fd4ec8ec38b2dbbf","name":"Andrea B\u00fcttner","image":{"@type":"ImageObject","inLanguage":"en-US","@id":"https:\/\/rauchfrei.at\/#\/schema\/person\/image\/","url":"https:\/\/secure.gravatar.com\/avatar\/0f26ab1de0c83f37b101366a1244bf5de74c6d9c0641811dc6f7fc551dad1c7f?s=96&d=mm&r=g","contentUrl":"https:\/\/secure.gravatar.com\/avatar\/0f26ab1de0c83f37b101366a1244bf5de74c6d9c0641811dc6f7fc551dad1c7f?s=96&d=mm&r=g","caption":"Andrea B\u00fcttner"},"url":"https:\/\/rauchfrei.at\/en\/author\/buettner\/"}]}},"_links":{"self":[{"href":"https:\/\/rauchfrei.at\/en\/wp-json\/wp\/v2\/posts\/9435","targetHints":{"allow":["GET"]}}],"collection":[{"href":"https:\/\/rauchfrei.at\/en\/wp-json\/wp\/v2\/posts"}],"about":[{"href":"https:\/\/rauchfrei.at\/en\/wp-json\/wp\/v2\/types\/post"}],"author":[{"embeddable":true,"href":"https:\/\/rauchfrei.at\/en\/wp-json\/wp\/v2\/users\/11"}],"replies":[{"embeddable":true,"href":"https:\/\/rauchfrei.at\/en\/wp-json\/wp\/v2\/comments?post=9435"}],"version-history":[{"count":5,"href":"https:\/\/rauchfrei.at\/en\/wp-json\/wp\/v2\/posts\/9435\/revisions"}],"predecessor-version":[{"id":16107,"href":"https:\/\/rauchfrei.at\/en\/wp-json\/wp\/v2\/posts\/9435\/revisions\/16107"}],"wp:attachment":[{"href":"https:\/\/rauchfrei.at\/en\/wp-json\/wp\/v2\/media?parent=9435"}],"wp:term":[{"taxonomy":"category","embeddable":true,"href":"https:\/\/rauchfrei.at\/en\/wp-json\/wp\/v2\/categories?post=9435"},{"taxonomy":"post_tag","embeddable":true,"href":"https:\/\/rauchfrei.at\/en\/wp-json\/wp\/v2\/tags?post=9435"}],"curies":[{"name":"wp","href":"https:\/\/api.w.org\/{rel}","templated":true}]}}