
{"id":9459,"date":"2017-07-24T10:00:48","date_gmt":"2017-07-24T08:00:48","guid":{"rendered":"http:\/\/rauchfrei.at\/?p=9459"},"modified":"2019-04-26T17:43:28","modified_gmt":"2019-04-26T15:43:28","slug":"meine-freunde-und-ich-wir-werden-rauchfrei","status":"publish","type":"post","link":"https:\/\/rauchfrei.at\/en\/meine-freunde-und-ich-wir-werden-rauchfrei\/","title":{"rendered":"Meine Freunde und ich &#8211; wir werden rauchfrei!"},"content":{"rendered":"<p>[et_pb_section fb_built=&#8221;1&#8243; module_class=&#8221;header&#8221; _builder_version=&#8221;3.0.99&#8243;][et_pb_row _builder_version=&#8221;3.0.99&#8243;][et_pb_column type=&#8221;4_4&#8243; _builder_version=&#8221;3.0.47&#8243;][et_pb_dp_dmb_module_10001 _builder_version=&#8221;3.21.1&#8243;][\/et_pb_dp_dmb_module_10001][\/et_pb_column][\/et_pb_row][\/et_pb_section][et_pb_section fb_built=&#8221;1&#8243; _builder_version=&#8221;3.0.47&#8243;][et_pb_row _builder_version=&#8221;3.0.48&#8243; background_size=&#8221;initial&#8221; background_position=&#8221;top_left&#8221; background_repeat=&#8221;repeat&#8221;][et_pb_column type=&#8221;2_3&#8243; _builder_version=&#8221;3.0.47&#8243;][et_pb_text _builder_version=&#8221;3.0.74&#8243; background_size=&#8221;initial&#8221; background_position=&#8221;top_left&#8221; background_repeat=&#8221;repeat&#8221;]<\/p>\n<p><span style=\"font-size: 15px;\">Ein erfolgreicher Rauchstopp gelingt mit professioneller Hilfe langfristig besser. Eine zus\u00e4tzliche Unterst\u00fctzung kann es sein, wenn es jemanden im Umfeld gibt, der unterst\u00fctzt und motiviert. Oder am besten gleich gemeinsam aufh\u00f6ren? Sich gegenseitig unterst\u00fctzen, f\u00fcreinander da sein, daf\u00fcr bieten sich Freundinnen und Freunde an.<\/span><\/p>\n<p>Ein gemeinsamer Rauchstopp kann motivierend sein: sich zusammen freuen und belohnen, die Erfolge teilen. Auch, wenn es einmal nicht ganz einfach ist, hilft es, wenn jemand ein offenes Ohr f\u00fcr die eigene Situation hat.<\/p>\n<p>Auch wenn Sie selbst, oder Ihre Freundin\/ihr Freund noch nicht bereit sind f\u00fcr den Rauchstopp, kann gegenseitige Akzeptanz und Toleranz eine wichtige Unterst\u00fctzung sein. Versuchen Sie nicht jemanden zu \u00fcberreden und sind Sie r\u00fccksichtsvoll.<\/p>\n<p>Nach erfolgreichem Rauchstopp kann es schwierig sein rauchfrei zu bleiben, gerade wenn im Freundeskreis noch geraucht wird. Hier kann es hilfreich sein, den Freundeskreis in das Vorhaben \u201eRauchstopp\u201c zu involvieren und sie um Unterst\u00fctzung und R\u00fccksichtnahme zu bitten.<\/p>\n<p>Manchmal ist es auch n\u00f6tig alte Freundschaften zu beenden, wenn sie uns nicht gut tun. Auch die Zigarette an sich k\u00f6nnte eine solche alte Freundschaft sein. Mit der Rauchfreiheit wartet eine ganz wertvolle neue Freundschaft auf Sie. Jedem Ende wohnt ja auch ein Anfang inne.<\/p>\n<p><img loading=\"lazy\" decoding=\"async\" class=\"alignnone size-large wp-image-9465\" src=\"https:\/\/rauchfrei.at\/wp-content\/uploads\/shutterstock_439368238_1000px-480x320.jpg\" alt=\"shutterstock_439368238_1000px\" width=\"480\" height=\"320\" data-id=\"9465\" srcset=\"https:\/\/rauchfrei.at\/wp-content\/uploads\/shutterstock_439368238_1000px-480x320.jpg 480w, https:\/\/rauchfrei.at\/wp-content\/uploads\/shutterstock_439368238_1000px-225x150.jpg 225w, https:\/\/rauchfrei.at\/wp-content\/uploads\/shutterstock_439368238_1000px-768x512.jpg 768w, https:\/\/rauchfrei.at\/wp-content\/uploads\/shutterstock_439368238_1000px.jpg 1000w\" sizes=\"(max-width: 480px) 100vw, 480px\" \/><\/p>\n<p>[\/et_pb_text][\/et_pb_column][et_pb_column type=&#8221;1_3&#8243; _builder_version=&#8221;3.0.47&#8243;][et_pb_sidebar area=&#8221;sidebar-1&#8243; _builder_version=&#8221;3.15&#8243;][\/et_pb_sidebar][\/et_pb_column][\/et_pb_row][\/et_pb_section]<\/p>\n","protected":false},"excerpt":{"rendered":"<p>Am 30. Juli ist der Tag der Freundschaft. Der gemeinsame Entschluss dem Rauchen ein Ende zu setzen, kann eine Freundschaft noch st\u00e4rker machen. Zusammen aufh\u00f6ren ist leichter als alleine!<\/p>\n","protected":false},"author":11,"featured_media":0,"comment_status":"open","ping_status":"open","sticky":false,"template":"","format":"standard","meta":{"_et_pb_use_builder":"on","_et_pb_old_content":"<p>\u00a0<\/p><p>Ein erfolgreicher Rauchstopp gelingt mit professioneller Hilfe langfristig besser. Eine zus\u00e4tzliche Unterst\u00fctzung kann es sein, wenn es jemanden im Umfeld gibt, der unterst\u00fctzt und motiviert. Oder am besten gleich gemeinsam aufh\u00f6ren? Sich gegenseitig unterst\u00fctzen, f\u00fcreinander da sein, daf\u00fcr bieten sich Freundinnen und Freunde an.<\/p><p>\u00a0<\/p><p>Ein gemeinsamer Rauchstopp kann motivierend sein: sich zusammen freuen und belohnen, die Erfolge teilen. Auch, wenn es einmal nicht ganz einfach ist, hilft es, wenn jemand ein offenes Ohr f\u00fcr die eigene Situation hat.<\/p><p>\u00a0<\/p><p>Auch wenn Sie selbst, oder Ihre Freundin\/ihr Freund noch nicht bereit sind f\u00fcr den Rauchstopp, kann gegenseitige Akzeptanz und Toleranz eine wichtige Unterst\u00fctzung sein. Versuchen Sie nicht jemanden zu \u00fcberreden und sind Sie r\u00fccksichtsvoll.<\/p><p>\u00a0<\/p><p>Nach erfolgreichem Rauchstopp kann es schwierig sein rauchfrei zu bleiben, gerade wenn im Freundeskreis noch geraucht wird. Hier kann es hilfreich sein, den Freundeskreis in das Vorhaben \u201eRauchstopp\u201c zu involvieren und sie um Unterst\u00fctzung und R\u00fccksichtnahme zu bitten.<\/p><p>\u00a0<\/p><p>Manchmal ist es auch n\u00f6tig alte Freundschaften zu beenden, wenn sie uns nicht gut tun. Auch die Zigarette an sich k\u00f6nnte eine solche alte Freundschaft sein. Mit der Rauchfreiheit wartet eine ganz wertvolle neue Freundschaft auf Sie. Jedem Ende wohnt ja auch ein Anfang inne.<\/p><p>\u00a0<\/p><p><img class=\"alignnone size-large wp-image-9465\" src=\"https:\/\/rauchfrei.at\/wp-content\/uploads\/shutterstock_439368238_1000px-480x320.jpg\" alt=\"shutterstock_439368238_1000px\" width=\"480\" height=\"320\" data-id=\"9465\" \/><\/p>","_et_gb_content_width":"","footnotes":""},"categories":[236],"tags":[],"class_list":["post-9459","post","type-post","status-publish","format-standard","hentry","category-nicht-kategorisiert"],"yoast_head":"<!-- This site is optimized with the Yoast SEO plugin v26.2 - https:\/\/yoast.com\/wordpress\/plugins\/seo\/ -->\n<title>Meine Freunde und ich - wir werden rauchfrei! - Rauchfrei Telefon<\/title>\n<meta name=\"robots\" content=\"index, follow, max-snippet:-1, max-image-preview:large, max-video-preview:-1\" \/>\n<link rel=\"canonical\" href=\"https:\/\/rauchfrei.at\/meine-freunde-und-ich-wir-werden-rauchfrei\/\" \/>\n<meta property=\"og:locale\" content=\"en_US\" \/>\n<meta property=\"og:type\" content=\"article\" \/>\n<meta property=\"og:title\" content=\"Meine Freunde und ich - wir werden rauchfrei! - Rauchfrei Telefon\" \/>\n<meta property=\"og:description\" content=\"Am 30. Juli ist der Tag der Freundschaft. Der gemeinsame Entschluss dem Rauchen ein Ende zu setzen, kann eine Freundschaft noch st\u00e4rker machen. Zusammen aufh\u00f6ren ist leichter als alleine!\" \/>\n<meta property=\"og:url\" content=\"https:\/\/rauchfrei.at\/meine-freunde-und-ich-wir-werden-rauchfrei\/\" \/>\n<meta property=\"og:site_name\" content=\"Rauchfrei Telefon\" \/>\n<meta property=\"article:published_time\" content=\"2017-07-24T08:00:48+00:00\" \/>\n<meta property=\"article:modified_time\" content=\"2019-04-26T15:43:28+00:00\" \/>\n<meta property=\"og:image\" content=\"https:\/\/rauchfrei.at\/wp-content\/uploads\/shutterstock_439368238_1000px-480x320.jpg\" \/>\n<meta name=\"author\" content=\"Andrea B\u00fcttner\" \/>\n<meta name=\"twitter:card\" content=\"summary_large_image\" \/>\n<meta name=\"twitter:label1\" content=\"Written by\" \/>\n\t<meta name=\"twitter:data1\" content=\"Andrea B\u00fcttner\" \/>\n\t<meta name=\"twitter:label2\" content=\"Est. reading time\" \/>\n\t<meta name=\"twitter:data2\" content=\"2 minutes\" \/>\n<script type=\"application\/ld+json\" class=\"yoast-schema-graph\">{\"@context\":\"https:\/\/schema.org\",\"@graph\":[{\"@type\":\"WebPage\",\"@id\":\"https:\/\/rauchfrei.at\/meine-freunde-und-ich-wir-werden-rauchfrei\/\",\"url\":\"https:\/\/rauchfrei.at\/meine-freunde-und-ich-wir-werden-rauchfrei\/\",\"name\":\"Meine Freunde und ich - wir werden rauchfrei! - Rauchfrei Telefon\",\"isPartOf\":{\"@id\":\"https:\/\/rauchfrei.at\/#website\"},\"primaryImageOfPage\":{\"@id\":\"https:\/\/rauchfrei.at\/meine-freunde-und-ich-wir-werden-rauchfrei\/#primaryimage\"},\"image\":{\"@id\":\"https:\/\/rauchfrei.at\/meine-freunde-und-ich-wir-werden-rauchfrei\/#primaryimage\"},\"thumbnailUrl\":\"https:\/\/rauchfrei.at\/wp-content\/uploads\/shutterstock_439368238_1000px-480x320.jpg\",\"datePublished\":\"2017-07-24T08:00:48+00:00\",\"dateModified\":\"2019-04-26T15:43:28+00:00\",\"author\":{\"@id\":\"https:\/\/rauchfrei.at\/#\/schema\/person\/7993cb8bdf02ba65fd4ec8ec38b2dbbf\"},\"inLanguage\":\"en-US\",\"potentialAction\":[{\"@type\":\"ReadAction\",\"target\":[\"https:\/\/rauchfrei.at\/meine-freunde-und-ich-wir-werden-rauchfrei\/\"]}]},{\"@type\":\"ImageObject\",\"inLanguage\":\"en-US\",\"@id\":\"https:\/\/rauchfrei.at\/meine-freunde-und-ich-wir-werden-rauchfrei\/#primaryimage\",\"url\":\"https:\/\/rauchfrei.at\/wp-content\/uploads\/shutterstock_439368238_1000px-480x320.jpg\",\"contentUrl\":\"https:\/\/rauchfrei.at\/wp-content\/uploads\/shutterstock_439368238_1000px-480x320.jpg\"},{\"@type\":\"WebSite\",\"@id\":\"https:\/\/rauchfrei.at\/#website\",\"url\":\"https:\/\/rauchfrei.at\/\",\"name\":\"Rauchfrei Telefon\",\"description\":\"Eine \u00f6sterreichweite Initiative der Sozialversicherungen.\",\"potentialAction\":[{\"@type\":\"SearchAction\",\"target\":{\"@type\":\"EntryPoint\",\"urlTemplate\":\"https:\/\/rauchfrei.at\/?s={search_term_string}\"},\"query-input\":{\"@type\":\"PropertyValueSpecification\",\"valueRequired\":true,\"valueName\":\"search_term_string\"}}],\"inLanguage\":\"en-US\"},{\"@type\":\"Person\",\"@id\":\"https:\/\/rauchfrei.at\/#\/schema\/person\/7993cb8bdf02ba65fd4ec8ec38b2dbbf\",\"name\":\"Andrea B\u00fcttner\",\"image\":{\"@type\":\"ImageObject\",\"inLanguage\":\"en-US\",\"@id\":\"https:\/\/rauchfrei.at\/#\/schema\/person\/image\/\",\"url\":\"https:\/\/secure.gravatar.com\/avatar\/0f26ab1de0c83f37b101366a1244bf5de74c6d9c0641811dc6f7fc551dad1c7f?s=96&d=mm&r=g\",\"contentUrl\":\"https:\/\/secure.gravatar.com\/avatar\/0f26ab1de0c83f37b101366a1244bf5de74c6d9c0641811dc6f7fc551dad1c7f?s=96&d=mm&r=g\",\"caption\":\"Andrea B\u00fcttner\"},\"url\":\"https:\/\/rauchfrei.at\/en\/author\/buettner\/\"}]}<\/script>\n<!-- \/ Yoast SEO plugin. -->","yoast_head_json":{"title":"Meine Freunde und ich - wir werden rauchfrei! - Rauchfrei Telefon","robots":{"index":"index","follow":"follow","max-snippet":"max-snippet:-1","max-image-preview":"max-image-preview:large","max-video-preview":"max-video-preview:-1"},"canonical":"https:\/\/rauchfrei.at\/meine-freunde-und-ich-wir-werden-rauchfrei\/","og_locale":"en_US","og_type":"article","og_title":"Meine Freunde und ich - wir werden rauchfrei! - Rauchfrei Telefon","og_description":"Am 30. Juli ist der Tag der Freundschaft. Der gemeinsame Entschluss dem Rauchen ein Ende zu setzen, kann eine Freundschaft noch st\u00e4rker machen. Zusammen aufh\u00f6ren ist leichter als alleine!","og_url":"https:\/\/rauchfrei.at\/meine-freunde-und-ich-wir-werden-rauchfrei\/","og_site_name":"Rauchfrei Telefon","article_published_time":"2017-07-24T08:00:48+00:00","article_modified_time":"2019-04-26T15:43:28+00:00","og_image":[{"url":"https:\/\/rauchfrei.at\/wp-content\/uploads\/shutterstock_439368238_1000px-480x320.jpg","type":"","width":"","height":""}],"author":"Andrea B\u00fcttner","twitter_card":"summary_large_image","twitter_misc":{"Written by":"Andrea B\u00fcttner","Est. reading time":"2 minutes"},"schema":{"@context":"https:\/\/schema.org","@graph":[{"@type":"WebPage","@id":"https:\/\/rauchfrei.at\/meine-freunde-und-ich-wir-werden-rauchfrei\/","url":"https:\/\/rauchfrei.at\/meine-freunde-und-ich-wir-werden-rauchfrei\/","name":"Meine Freunde und ich - wir werden rauchfrei! - Rauchfrei Telefon","isPartOf":{"@id":"https:\/\/rauchfrei.at\/#website"},"primaryImageOfPage":{"@id":"https:\/\/rauchfrei.at\/meine-freunde-und-ich-wir-werden-rauchfrei\/#primaryimage"},"image":{"@id":"https:\/\/rauchfrei.at\/meine-freunde-und-ich-wir-werden-rauchfrei\/#primaryimage"},"thumbnailUrl":"https:\/\/rauchfrei.at\/wp-content\/uploads\/shutterstock_439368238_1000px-480x320.jpg","datePublished":"2017-07-24T08:00:48+00:00","dateModified":"2019-04-26T15:43:28+00:00","author":{"@id":"https:\/\/rauchfrei.at\/#\/schema\/person\/7993cb8bdf02ba65fd4ec8ec38b2dbbf"},"inLanguage":"en-US","potentialAction":[{"@type":"ReadAction","target":["https:\/\/rauchfrei.at\/meine-freunde-und-ich-wir-werden-rauchfrei\/"]}]},{"@type":"ImageObject","inLanguage":"en-US","@id":"https:\/\/rauchfrei.at\/meine-freunde-und-ich-wir-werden-rauchfrei\/#primaryimage","url":"https:\/\/rauchfrei.at\/wp-content\/uploads\/shutterstock_439368238_1000px-480x320.jpg","contentUrl":"https:\/\/rauchfrei.at\/wp-content\/uploads\/shutterstock_439368238_1000px-480x320.jpg"},{"@type":"WebSite","@id":"https:\/\/rauchfrei.at\/#website","url":"https:\/\/rauchfrei.at\/","name":"Rauchfrei Telefon","description":"Eine \u00f6sterreichweite Initiative der Sozialversicherungen.","potentialAction":[{"@type":"SearchAction","target":{"@type":"EntryPoint","urlTemplate":"https:\/\/rauchfrei.at\/?s={search_term_string}"},"query-input":{"@type":"PropertyValueSpecification","valueRequired":true,"valueName":"search_term_string"}}],"inLanguage":"en-US"},{"@type":"Person","@id":"https:\/\/rauchfrei.at\/#\/schema\/person\/7993cb8bdf02ba65fd4ec8ec38b2dbbf","name":"Andrea B\u00fcttner","image":{"@type":"ImageObject","inLanguage":"en-US","@id":"https:\/\/rauchfrei.at\/#\/schema\/person\/image\/","url":"https:\/\/secure.gravatar.com\/avatar\/0f26ab1de0c83f37b101366a1244bf5de74c6d9c0641811dc6f7fc551dad1c7f?s=96&d=mm&r=g","contentUrl":"https:\/\/secure.gravatar.com\/avatar\/0f26ab1de0c83f37b101366a1244bf5de74c6d9c0641811dc6f7fc551dad1c7f?s=96&d=mm&r=g","caption":"Andrea B\u00fcttner"},"url":"https:\/\/rauchfrei.at\/en\/author\/buettner\/"}]}},"_links":{"self":[{"href":"https:\/\/rauchfrei.at\/en\/wp-json\/wp\/v2\/posts\/9459","targetHints":{"allow":["GET"]}}],"collection":[{"href":"https:\/\/rauchfrei.at\/en\/wp-json\/wp\/v2\/posts"}],"about":[{"href":"https:\/\/rauchfrei.at\/en\/wp-json\/wp\/v2\/types\/post"}],"author":[{"embeddable":true,"href":"https:\/\/rauchfrei.at\/en\/wp-json\/wp\/v2\/users\/11"}],"replies":[{"embeddable":true,"href":"https:\/\/rauchfrei.at\/en\/wp-json\/wp\/v2\/comments?post=9459"}],"version-history":[{"count":5,"href":"https:\/\/rauchfrei.at\/en\/wp-json\/wp\/v2\/posts\/9459\/revisions"}],"predecessor-version":[{"id":16102,"href":"https:\/\/rauchfrei.at\/en\/wp-json\/wp\/v2\/posts\/9459\/revisions\/16102"}],"wp:attachment":[{"href":"https:\/\/rauchfrei.at\/en\/wp-json\/wp\/v2\/media?parent=9459"}],"wp:term":[{"taxonomy":"category","embeddable":true,"href":"https:\/\/rauchfrei.at\/en\/wp-json\/wp\/v2\/categories?post=9459"},{"taxonomy":"post_tag","embeddable":true,"href":"https:\/\/rauchfrei.at\/en\/wp-json\/wp\/v2\/tags?post=9459"}],"curies":[{"name":"wp","href":"https:\/\/api.w.org\/{rel}","templated":true}]}}