
{"id":9475,"date":"2017-07-31T10:00:17","date_gmt":"2017-07-31T08:00:17","guid":{"rendered":"http:\/\/rauchfrei.at\/?p=9475"},"modified":"2019-04-26T17:42:07","modified_gmt":"2019-04-26T15:42:07","slug":"rauchfrei-in-japan-erfahrungsbericht-einer-kollegin","status":"publish","type":"post","link":"https:\/\/rauchfrei.at\/en\/rauchfrei-in-japan-erfahrungsbericht-einer-kollegin\/","title":{"rendered":"Rauchfrei in Japan &#8211; Erfahrungsbericht einer Kollegin"},"content":{"rendered":"<p>[et_pb_section fb_built=&#8221;1&#8243; module_class=&#8221;header&#8221; _builder_version=&#8221;3.0.99&#8243;][et_pb_row _builder_version=&#8221;3.0.99&#8243;][et_pb_column type=&#8221;4_4&#8243; _builder_version=&#8221;3.0.47&#8243;][et_pb_dp_dmb_module_10001 _builder_version=&#8221;3.21.1&#8243;][\/et_pb_dp_dmb_module_10001][\/et_pb_column][\/et_pb_row][\/et_pb_section][et_pb_section fb_built=&#8221;1&#8243; _builder_version=&#8221;3.0.47&#8243;][et_pb_row _builder_version=&#8221;3.0.48&#8243; background_size=&#8221;initial&#8221; background_position=&#8221;top_left&#8221; background_repeat=&#8221;repeat&#8221;][et_pb_column type=&#8221;2_3&#8243; _builder_version=&#8221;3.0.47&#8243;][et_pb_text _builder_version=&#8221;3.0.74&#8243; background_size=&#8221;initial&#8221; background_position=&#8221;top_left&#8221; background_repeat=&#8221;repeat&#8221;]<\/p>\n<p><span style=\"font-size: 15px;\">Durch die T\u00e4tigkeit am Rauchfrei Telefon achte ich bewusster auf das Rauchverhalten meiner Mitmenschen. In Japan fiel mir dieses jedoch kaum auf.<\/span><\/p>\n<p>Wahrscheinlich liegt das daran, dass das Rauchen in Japan im \u00f6ffentlichen Raum h\u00e4ufig gar nicht erlaubt ist. Durch Recherche habe ich herausgefunden, dass schon seit 2004 in den Innenst\u00e4dten einiger japanischer Gro\u00dfst\u00e4dte Nichtraucherzonen ausgewiesen werden.<\/p>\n<p><img loading=\"lazy\" decoding=\"async\" class=\"alignnone size-full wp-image-9477\" src=\"https:\/\/rauchfrei.at\/wp-content\/uploads\/japan.png\" alt=\"japan\" width=\"224\" height=\"157\" data-id=\"9477\" \/><\/p>\n<p>Gr\u00fcnde daf\u00fcr sind nicht nur die Verschmutzung durch weggeworfene Zigarettenstummel. Auch die Gefahren, die durch gl\u00fchende Zigaretten entstehen k\u00f6nnen, gerade wenn gro\u00dfe Menschenmengen den \u00f6ffentlichen Raum nutzen, werden durch die Rauchverbote reduziert. Die h\u00f6fliche R\u00fccksichtnahme auf Nichtraucherinnen und Nichtraucher, die nicht durch Rauch bel\u00e4stigt werden sollen, sind ebenfalls Gr\u00fcnde f\u00fcr rauchfreie Stra\u00dfen und Pl\u00e4tze.<\/p>\n<p><img loading=\"lazy\" decoding=\"async\" class=\"alignnone wp-image-9478\" src=\"https:\/\/rauchfrei.at\/wp-content\/uploads\/japan-2.png\" alt=\"japan 2\" width=\"311\" height=\"231\" data-id=\"9478\" srcset=\"https:\/\/rauchfrei.at\/wp-content\/uploads\/japan-2.png 270w, https:\/\/rauchfrei.at\/wp-content\/uploads\/japan-2-225x168.png 225w\" sizes=\"(max-width: 311px) 100vw, 311px\" \/><\/p>\n<blockquote>\n<p>In s\u00e4mtlichen Tempelanlagen und Schreinen ist das Rauchen untersagt.<\/p>\n<\/blockquote>\n<p><strong>\u00a0<img loading=\"lazy\" decoding=\"async\" class=\"alignnone size-full wp-image-9479\" src=\"https:\/\/rauchfrei.at\/wp-content\/uploads\/japan3.png\" alt=\"japan3\" width=\"90\" height=\"181\" data-id=\"9479\" \/><\/strong><\/p>\n<p>F\u00fcr Raucher\/innen gibt es ausgewiesene Bereiche, in denen geraucht werden kann. In Japan sind die Stra\u00dfen sehr sauber, Handaschenbecher sind im Einsatz um die Zigarettenstummel zu entsorgen. Zuwiderhandlungen werden auch geahndet.<\/p>\n<p><img loading=\"lazy\" decoding=\"async\" class=\"alignnone wp-image-9480\" src=\"https:\/\/rauchfrei.at\/wp-content\/uploads\/japan-4.png\" alt=\"japan 4\" width=\"157\" height=\"283\" data-id=\"9480\" \/><\/p>\n<p>In den japanischen Z\u00fcgen gibt seit 2006 keine Raucherabteile mehr. Nur in den schnellen Shinkansen gibt es kleine Raucherkabinen in wenigen Waggons.<\/p>\n<p><strong>\u00a0\u00a0<img loading=\"lazy\" decoding=\"async\" class=\"alignnone size-full wp-image-9481\" src=\"https:\/\/rauchfrei.at\/wp-content\/uploads\/japan-5.png\" alt=\"japan 5\" width=\"167\" height=\"166\" data-id=\"9481\" srcset=\"https:\/\/rauchfrei.at\/wp-content\/uploads\/japan-5.png 167w, https:\/\/rauchfrei.at\/wp-content\/uploads\/japan-5-150x150.png 150w, https:\/\/rauchfrei.at\/wp-content\/uploads\/japan-5-50x50.png 50w\" sizes=\"(max-width: 167px) 100vw, 167px\" \/>\u00a0<\/strong>Fotos: Rauchfrei Telefon<\/p>\n<p>&nbsp;<\/p>\n<p>In Japan ist das Rauchen erst mit dem 21. Lebensjahr erlaubt.<br \/><span style=\"font-size: 15px;\">Zusammenfassend ist mir die rauchfreie Luft in Japan sehr positiv in Erinnerung geblieben.<\/span><\/p>\n<p>[\/et_pb_text][\/et_pb_column][et_pb_column type=&#8221;1_3&#8243; _builder_version=&#8221;3.0.47&#8243;][et_pb_sidebar area=&#8221;sidebar-1&#8243; _builder_version=&#8221;3.15&#8243;][\/et_pb_sidebar][\/et_pb_column][\/et_pb_row][\/et_pb_section]<\/p>\n","protected":false},"excerpt":{"rendered":"<p>Mittlerweile liegt unser Aufenthalt in Japan einige Zeit zur\u00fcck, mit ein paar Fotos m\u00f6chte ich ein paar positive Eindr\u00fccke teilen.<\/p>\n","protected":false},"author":11,"featured_media":0,"comment_status":"open","ping_status":"open","sticky":false,"template":"","format":"standard","meta":{"_et_pb_use_builder":"on","_et_pb_old_content":"<p><strong>\u00a0<\/strong><\/p><p>Durch die T\u00e4tigkeit am Rauchfrei Telefon achte ich bewusster auf das Rauchverhalten meiner Mitmenschen. In Japan fiel mir dieses jedoch kaum auf.<\/p><p>\u00a0<\/p><p>Wahrscheinlich liegt das daran, dass das Rauchen in Japan im \u00f6ffentlichen Raum h\u00e4ufig gar nicht erlaubt ist. Durch Recherche habe ich herausgefunden, dass schon seit 2004 in den Innenst\u00e4dten einiger japanischer Gro\u00dfst\u00e4dte Nichtraucherzonen ausgewiesen werden.<\/p><p>\u00a0<\/p><p><img class=\"alignnone size-full wp-image-9477\" src=\"https:\/\/rauchfrei.at\/wp-content\/uploads\/japan.png\" alt=\"japan\" width=\"224\" height=\"157\" data-id=\"9477\" \/><\/p><p>\u00a0<\/p><p>Gr\u00fcnde daf\u00fcr sind nicht nur die Verschmutzung durch weggeworfene Zigarettenstummel. Auch die Gefahren, die durch gl\u00fchende Zigaretten entstehen k\u00f6nnen, gerade wenn gro\u00dfe Menschenmengen den \u00f6ffentlichen Raum nutzen, werden durch die Rauchverbote reduziert. Die h\u00f6fliche R\u00fccksichtnahme auf Nichtraucherinnen und Nichtraucher, die nicht durch Rauch bel\u00e4stigt werden sollen, sind ebenfalls Gr\u00fcnde f\u00fcr rauchfreie Stra\u00dfen und Pl\u00e4tze.<\/p><p>\u00a0<\/p><p><img class=\"alignnone wp-image-9478\" src=\"https:\/\/rauchfrei.at\/wp-content\/uploads\/japan-2.png\" alt=\"japan 2\" width=\"311\" height=\"231\" data-id=\"9478\" \/><\/p><p>\u00a0<\/p><p>In s\u00e4mtlichen Tempelanlagen und Schreinen ist das Rauchen untersagt.<\/p><p>\u00a0<\/p><p><strong>\u00a0<img class=\"alignnone size-full wp-image-9479\" src=\"https:\/\/rauchfrei.at\/wp-content\/uploads\/japan3.png\" alt=\"japan3\" width=\"90\" height=\"181\" data-id=\"9479\" \/><\/strong><\/p><p>\u00a0<\/p><p>F\u00fcr Raucher\/innen gibt es ausgewiesene Bereiche, in denen geraucht werden kann. In Japan sind die Stra\u00dfen sehr sauber, Handaschenbecher sind im Einsatz um die Zigarettenstummel zu entsorgen. Zuwiderhandlungen werden auch geahndet.<\/p><p>\u00a0<\/p><p><img class=\"alignnone wp-image-9480\" src=\"https:\/\/rauchfrei.at\/wp-content\/uploads\/japan-4.png\" alt=\"japan 4\" width=\"157\" height=\"283\" data-id=\"9480\" \/><\/p><p>\u00a0<\/p><p>In den japanischen Z\u00fcgen gibt seit 2006 keine Raucherabteile mehr. Nur in den schnellen Shinkansen gibt es kleine Raucherkabinen in wenigen Waggons.<\/p><p>\u00a0<\/p><p><strong>\u00a0\u00a0<img class=\"alignnone size-full wp-image-9481\" src=\"https:\/\/rauchfrei.at\/wp-content\/uploads\/japan-5.png\" alt=\"japan 5\" width=\"167\" height=\"166\" data-id=\"9481\" \/>\u00a0<\/strong>Fotos: Rauchfrei Telefon<\/p><p>\u00a0<\/p><p>In Japan ist das Rauchen erst mit dem 21. Lebensjahr erlaubt.<\/p><p>\u00a0<\/p><p>Zusammenfassend ist mir die rauchfreie Luft in Japan sehr positiv in Erinnerung geblieben.<\/p><p>\u00a0<\/p><p>\u00a0<\/p><p>\u00a0<\/p><p>\u00a0<\/p>","_et_gb_content_width":"","footnotes":""},"categories":[232],"tags":[],"class_list":["post-9475","post","type-post","status-publish","format-standard","hentry","category-nachrichten-vom-rauchfrei-telefon"],"yoast_head":"<!-- This site is optimized with the Yoast SEO plugin v26.2 - https:\/\/yoast.com\/wordpress\/plugins\/seo\/ -->\n<title>Rauchfrei in Japan - Erfahrungsbericht einer Kollegin - Rauchfrei Telefon<\/title>\n<meta name=\"robots\" content=\"index, follow, max-snippet:-1, max-image-preview:large, max-video-preview:-1\" \/>\n<link rel=\"canonical\" href=\"https:\/\/rauchfrei.at\/rauchfrei-in-japan-erfahrungsbericht-einer-kollegin\/\" \/>\n<meta property=\"og:locale\" content=\"en_US\" \/>\n<meta property=\"og:type\" content=\"article\" \/>\n<meta property=\"og:title\" content=\"Rauchfrei in Japan - Erfahrungsbericht einer Kollegin - Rauchfrei Telefon\" \/>\n<meta property=\"og:description\" content=\"Mittlerweile liegt unser Aufenthalt in Japan einige Zeit zur\u00fcck, mit ein paar Fotos m\u00f6chte ich ein paar positive Eindr\u00fccke teilen.\" \/>\n<meta property=\"og:url\" content=\"https:\/\/rauchfrei.at\/rauchfrei-in-japan-erfahrungsbericht-einer-kollegin\/\" \/>\n<meta property=\"og:site_name\" content=\"Rauchfrei Telefon\" \/>\n<meta property=\"article:published_time\" content=\"2017-07-31T08:00:17+00:00\" \/>\n<meta property=\"article:modified_time\" content=\"2019-04-26T15:42:07+00:00\" \/>\n<meta property=\"og:image\" content=\"https:\/\/rauchfrei.at\/wp-content\/uploads\/japan.png\" \/>\n<meta name=\"author\" content=\"Andrea B\u00fcttner\" \/>\n<meta name=\"twitter:card\" content=\"summary_large_image\" \/>\n<meta name=\"twitter:label1\" content=\"Written by\" \/>\n\t<meta name=\"twitter:data1\" content=\"Andrea B\u00fcttner\" \/>\n\t<meta name=\"twitter:label2\" content=\"Est. reading time\" \/>\n\t<meta name=\"twitter:data2\" content=\"2 minutes\" \/>\n<script type=\"application\/ld+json\" class=\"yoast-schema-graph\">{\"@context\":\"https:\/\/schema.org\",\"@graph\":[{\"@type\":\"WebPage\",\"@id\":\"https:\/\/rauchfrei.at\/rauchfrei-in-japan-erfahrungsbericht-einer-kollegin\/\",\"url\":\"https:\/\/rauchfrei.at\/rauchfrei-in-japan-erfahrungsbericht-einer-kollegin\/\",\"name\":\"Rauchfrei in Japan - Erfahrungsbericht einer Kollegin - Rauchfrei Telefon\",\"isPartOf\":{\"@id\":\"https:\/\/rauchfrei.at\/#website\"},\"primaryImageOfPage\":{\"@id\":\"https:\/\/rauchfrei.at\/rauchfrei-in-japan-erfahrungsbericht-einer-kollegin\/#primaryimage\"},\"image\":{\"@id\":\"https:\/\/rauchfrei.at\/rauchfrei-in-japan-erfahrungsbericht-einer-kollegin\/#primaryimage\"},\"thumbnailUrl\":\"https:\/\/rauchfrei.at\/wp-content\/uploads\/japan.png\",\"datePublished\":\"2017-07-31T08:00:17+00:00\",\"dateModified\":\"2019-04-26T15:42:07+00:00\",\"author\":{\"@id\":\"https:\/\/rauchfrei.at\/#\/schema\/person\/7993cb8bdf02ba65fd4ec8ec38b2dbbf\"},\"inLanguage\":\"en-US\",\"potentialAction\":[{\"@type\":\"ReadAction\",\"target\":[\"https:\/\/rauchfrei.at\/rauchfrei-in-japan-erfahrungsbericht-einer-kollegin\/\"]}]},{\"@type\":\"ImageObject\",\"inLanguage\":\"en-US\",\"@id\":\"https:\/\/rauchfrei.at\/rauchfrei-in-japan-erfahrungsbericht-einer-kollegin\/#primaryimage\",\"url\":\"https:\/\/rauchfrei.at\/wp-content\/uploads\/japan.png\",\"contentUrl\":\"https:\/\/rauchfrei.at\/wp-content\/uploads\/japan.png\"},{\"@type\":\"WebSite\",\"@id\":\"https:\/\/rauchfrei.at\/#website\",\"url\":\"https:\/\/rauchfrei.at\/\",\"name\":\"Rauchfrei Telefon\",\"description\":\"Eine \u00f6sterreichweite Initiative der Sozialversicherungen.\",\"potentialAction\":[{\"@type\":\"SearchAction\",\"target\":{\"@type\":\"EntryPoint\",\"urlTemplate\":\"https:\/\/rauchfrei.at\/?s={search_term_string}\"},\"query-input\":{\"@type\":\"PropertyValueSpecification\",\"valueRequired\":true,\"valueName\":\"search_term_string\"}}],\"inLanguage\":\"en-US\"},{\"@type\":\"Person\",\"@id\":\"https:\/\/rauchfrei.at\/#\/schema\/person\/7993cb8bdf02ba65fd4ec8ec38b2dbbf\",\"name\":\"Andrea B\u00fcttner\",\"image\":{\"@type\":\"ImageObject\",\"inLanguage\":\"en-US\",\"@id\":\"https:\/\/rauchfrei.at\/#\/schema\/person\/image\/\",\"url\":\"https:\/\/secure.gravatar.com\/avatar\/0f26ab1de0c83f37b101366a1244bf5de74c6d9c0641811dc6f7fc551dad1c7f?s=96&d=mm&r=g\",\"contentUrl\":\"https:\/\/secure.gravatar.com\/avatar\/0f26ab1de0c83f37b101366a1244bf5de74c6d9c0641811dc6f7fc551dad1c7f?s=96&d=mm&r=g\",\"caption\":\"Andrea B\u00fcttner\"},\"url\":\"https:\/\/rauchfrei.at\/en\/author\/buettner\/\"}]}<\/script>\n<!-- \/ Yoast SEO plugin. -->","yoast_head_json":{"title":"Rauchfrei in Japan - Erfahrungsbericht einer Kollegin - Rauchfrei Telefon","robots":{"index":"index","follow":"follow","max-snippet":"max-snippet:-1","max-image-preview":"max-image-preview:large","max-video-preview":"max-video-preview:-1"},"canonical":"https:\/\/rauchfrei.at\/rauchfrei-in-japan-erfahrungsbericht-einer-kollegin\/","og_locale":"en_US","og_type":"article","og_title":"Rauchfrei in Japan - Erfahrungsbericht einer Kollegin - Rauchfrei Telefon","og_description":"Mittlerweile liegt unser Aufenthalt in Japan einige Zeit zur\u00fcck, mit ein paar Fotos m\u00f6chte ich ein paar positive Eindr\u00fccke teilen.","og_url":"https:\/\/rauchfrei.at\/rauchfrei-in-japan-erfahrungsbericht-einer-kollegin\/","og_site_name":"Rauchfrei Telefon","article_published_time":"2017-07-31T08:00:17+00:00","article_modified_time":"2019-04-26T15:42:07+00:00","og_image":[{"url":"https:\/\/rauchfrei.at\/wp-content\/uploads\/japan.png","type":"","width":"","height":""}],"author":"Andrea B\u00fcttner","twitter_card":"summary_large_image","twitter_misc":{"Written by":"Andrea B\u00fcttner","Est. reading time":"2 minutes"},"schema":{"@context":"https:\/\/schema.org","@graph":[{"@type":"WebPage","@id":"https:\/\/rauchfrei.at\/rauchfrei-in-japan-erfahrungsbericht-einer-kollegin\/","url":"https:\/\/rauchfrei.at\/rauchfrei-in-japan-erfahrungsbericht-einer-kollegin\/","name":"Rauchfrei in Japan - Erfahrungsbericht einer Kollegin - Rauchfrei Telefon","isPartOf":{"@id":"https:\/\/rauchfrei.at\/#website"},"primaryImageOfPage":{"@id":"https:\/\/rauchfrei.at\/rauchfrei-in-japan-erfahrungsbericht-einer-kollegin\/#primaryimage"},"image":{"@id":"https:\/\/rauchfrei.at\/rauchfrei-in-japan-erfahrungsbericht-einer-kollegin\/#primaryimage"},"thumbnailUrl":"https:\/\/rauchfrei.at\/wp-content\/uploads\/japan.png","datePublished":"2017-07-31T08:00:17+00:00","dateModified":"2019-04-26T15:42:07+00:00","author":{"@id":"https:\/\/rauchfrei.at\/#\/schema\/person\/7993cb8bdf02ba65fd4ec8ec38b2dbbf"},"inLanguage":"en-US","potentialAction":[{"@type":"ReadAction","target":["https:\/\/rauchfrei.at\/rauchfrei-in-japan-erfahrungsbericht-einer-kollegin\/"]}]},{"@type":"ImageObject","inLanguage":"en-US","@id":"https:\/\/rauchfrei.at\/rauchfrei-in-japan-erfahrungsbericht-einer-kollegin\/#primaryimage","url":"https:\/\/rauchfrei.at\/wp-content\/uploads\/japan.png","contentUrl":"https:\/\/rauchfrei.at\/wp-content\/uploads\/japan.png"},{"@type":"WebSite","@id":"https:\/\/rauchfrei.at\/#website","url":"https:\/\/rauchfrei.at\/","name":"Rauchfrei Telefon","description":"Eine \u00f6sterreichweite Initiative der Sozialversicherungen.","potentialAction":[{"@type":"SearchAction","target":{"@type":"EntryPoint","urlTemplate":"https:\/\/rauchfrei.at\/?s={search_term_string}"},"query-input":{"@type":"PropertyValueSpecification","valueRequired":true,"valueName":"search_term_string"}}],"inLanguage":"en-US"},{"@type":"Person","@id":"https:\/\/rauchfrei.at\/#\/schema\/person\/7993cb8bdf02ba65fd4ec8ec38b2dbbf","name":"Andrea B\u00fcttner","image":{"@type":"ImageObject","inLanguage":"en-US","@id":"https:\/\/rauchfrei.at\/#\/schema\/person\/image\/","url":"https:\/\/secure.gravatar.com\/avatar\/0f26ab1de0c83f37b101366a1244bf5de74c6d9c0641811dc6f7fc551dad1c7f?s=96&d=mm&r=g","contentUrl":"https:\/\/secure.gravatar.com\/avatar\/0f26ab1de0c83f37b101366a1244bf5de74c6d9c0641811dc6f7fc551dad1c7f?s=96&d=mm&r=g","caption":"Andrea B\u00fcttner"},"url":"https:\/\/rauchfrei.at\/en\/author\/buettner\/"}]}},"_links":{"self":[{"href":"https:\/\/rauchfrei.at\/en\/wp-json\/wp\/v2\/posts\/9475","targetHints":{"allow":["GET"]}}],"collection":[{"href":"https:\/\/rauchfrei.at\/en\/wp-json\/wp\/v2\/posts"}],"about":[{"href":"https:\/\/rauchfrei.at\/en\/wp-json\/wp\/v2\/types\/post"}],"author":[{"embeddable":true,"href":"https:\/\/rauchfrei.at\/en\/wp-json\/wp\/v2\/users\/11"}],"replies":[{"embeddable":true,"href":"https:\/\/rauchfrei.at\/en\/wp-json\/wp\/v2\/comments?post=9475"}],"version-history":[{"count":5,"href":"https:\/\/rauchfrei.at\/en\/wp-json\/wp\/v2\/posts\/9475\/revisions"}],"predecessor-version":[{"id":16100,"href":"https:\/\/rauchfrei.at\/en\/wp-json\/wp\/v2\/posts\/9475\/revisions\/16100"}],"wp:attachment":[{"href":"https:\/\/rauchfrei.at\/en\/wp-json\/wp\/v2\/media?parent=9475"}],"wp:term":[{"taxonomy":"category","embeddable":true,"href":"https:\/\/rauchfrei.at\/en\/wp-json\/wp\/v2\/categories?post=9475"},{"taxonomy":"post_tag","embeddable":true,"href":"https:\/\/rauchfrei.at\/en\/wp-json\/wp\/v2\/tags?post=9475"}],"curies":[{"name":"wp","href":"https:\/\/api.w.org\/{rel}","templated":true}]}}