
{"id":9499,"date":"2017-08-07T10:00:02","date_gmt":"2017-08-07T08:00:02","guid":{"rendered":"http:\/\/rauchfrei.at\/?p=9499"},"modified":"2019-04-26T17:40:03","modified_gmt":"2019-04-26T15:40:03","slug":"welttag-katze","status":"publish","type":"post","link":"https:\/\/rauchfrei.at\/en\/welttag-katze\/","title":{"rendered":"Rauchfrei? &#8211; F\u00fcr die Katz ;)"},"content":{"rendered":"<p>[et_pb_section fb_built=&#8221;1&#8243; module_class=&#8221;header&#8221; _builder_version=&#8221;3.0.99&#8243;][et_pb_row _builder_version=&#8221;3.0.99&#8243;][et_pb_column type=&#8221;4_4&#8243; _builder_version=&#8221;3.0.47&#8243;][et_pb_dp_dmb_module_10001 _builder_version=&#8221;3.21.1&#8243;][\/et_pb_dp_dmb_module_10001][\/et_pb_column][\/et_pb_row][\/et_pb_section][et_pb_section fb_built=&#8221;1&#8243; _builder_version=&#8221;3.0.47&#8243;][et_pb_row _builder_version=&#8221;3.0.48&#8243; background_size=&#8221;initial&#8221; background_position=&#8221;top_left&#8221; background_repeat=&#8221;repeat&#8221;][et_pb_column type=&#8221;2_3&#8243; _builder_version=&#8221;3.0.47&#8243;][et_pb_text _builder_version=&#8221;3.0.74&#8243; background_size=&#8221;initial&#8221; background_position=&#8221;top_left&#8221; background_repeat=&#8221;repeat&#8221;]<\/p>\n<p><span style=\"font-size: 15px;\">Am Weltkatzentag soll vor allem auf die Bed\u00fcrfnisse unserer Vierbeiner aufmerksam gemacht werden. Hier geht es besonders um das Bewusstmachen einer artgerechten Haltung der Katze.<\/span><\/p>\n<p>Katzen begleiten den Menschen seit Jahrtausenden, was diese Beziehung auch sehr besonders macht. Tierliebhaber sind meist sehr um das Wohl ihrer Mitbewohner bem\u00fcht und m\u00f6chten f\u00fcr Ihre Wegbegleiter nur das Beste. Das Sprichwort \u201eAlles f\u00fcr die Katz\u201c wird da von Katzenbesitzerinnen und Katzenbesitzern manchmal etwas anders interpretiert als \u00fcblich.<\/p>\n<p>Wir wollen den Tag dazu nutzen, um darauf aufmerksam zu machen, dass auch Katzen eine rauchfrei Umgebung brauchen! Tiere k\u00f6nnen durch den Passivrauch Raucherlungen bekommen. Diese Belastung wird leider h\u00e4ufig untersch\u00e4tzt. Katzen und Hunde atmen \u00f6fter wie wir Menschen, dadurch inhalieren sie leider auch mehr Rauch. Auch bei der Fellreinigung nehmen sie \u00fcber Zunge und Mund die Feinstaubpartikel vom Rauch auf.<\/p>\n<p>Die Folgen des Passivrauchens k\u00f6nnen Kurzatmigkeit, Husten, Bronchitis, aber auch tr\u00e4nende Augen, M\u00fcdigkeit bis hin zu Krebserkrankungen sein.<\/p>\n<p>Der Rauchstopp darf also auch mal f\u00fcr die Katz sein, umsonst ist er nie! Machen Sie Ihre Wohnung f\u00fcr Ihre Tiere rauchfrei! Das Beste f\u00fcr Raucher\/innen ist nat\u00fcrlich immer der komplette Rauchstopp &#8211; wir unterst\u00fctzen Sie dabei gerne! Ihnen und Ihrer Katze zuliebe!<\/p>\n<p>Falls das Rauchverlangen kommt, empfehlen wir ein lustiges Video anzusehen, da verschwinden die Gedanken an die Zigarette hoffentlich wie von selbst!<\/p>\n<p>https:\/\/www.youtube.com\/watch?v=e0mVq21hyWM<\/p>\n<p>Aber Achtung: Beim Video schaun\u00a0gibt es auch ein\u00a0Suchtpotential \ud83d\ude09<\/p>\n<p>[\/et_pb_text][\/et_pb_column][et_pb_column type=&#8221;1_3&#8243; _builder_version=&#8221;3.0.47&#8243;][et_pb_sidebar area=&#8221;sidebar-1&#8243; _builder_version=&#8221;3.15&#8243;][\/et_pb_sidebar][\/et_pb_column][\/et_pb_row][\/et_pb_section]<\/p>\n","protected":false},"excerpt":{"rendered":"<p>Der 08. August 2017 steht im Zeichen des beliebtesten Haustiers in \u00d6sterreich, der Katze. Es findet der internationale Katzentag statt. Katzen genie\u00dfen eine rauchfreie Umgebung.<\/p>\n","protected":false},"author":11,"featured_media":0,"comment_status":"open","ping_status":"open","sticky":false,"template":"","format":"standard","meta":{"_et_pb_use_builder":"on","_et_pb_old_content":"<p>\u00a0<\/p><p>Am Weltkatzentag soll vor allem auf die Bed\u00fcrfnisse unserer Vierbeiner aufmerksam gemacht werden. Hier geht es besonders um das Bewusstmachen einer artgerechten Haltung der Katze.<\/p><p>\u00a0<\/p><p>Katzen begleiten den Menschen seit Jahrtausenden, was diese Beziehung auch sehr besonders macht. Tierliebhaber sind meist sehr um das Wohl ihrer Mitbewohner bem\u00fcht und m\u00f6chten f\u00fcr Ihre Wegbegleiter nur das Beste. Das Sprichwort \u201eAlles f\u00fcr die Katz\u201c wird da von Katzenbesitzerinnen und Katzenbesitzern manchmal etwas anders interpretiert als \u00fcblich.<\/p><p>\u00a0<\/p><p>Wir wollen den Tag dazu nutzen, um darauf aufmerksam zu machen, dass auch Katzen eine rauchfrei Umgebung brauchen! Tiere k\u00f6nnen durch den Passivrauch Raucherlungen bekommen. Diese Belastung wird leider h\u00e4ufig untersch\u00e4tzt. Katzen und Hunde atmen \u00f6fter wie wir Menschen, dadurch inhalieren sie leider auch mehr Rauch. Auch bei der Fellreinigung nehmen sie \u00fcber Zunge und Mund die Feinstaubpartikel vom Rauch auf.<\/p><p>\u00a0<\/p><p>Die Folgen des Passivrauchens k\u00f6nnen Kurzatmigkeit, Husten, Bronchitis, aber auch tr\u00e4nende Augen, M\u00fcdigkeit bis hin zu Krebserkrankungen sein.<\/p><p>\u00a0<\/p><p>Der Rauchstopp darf also auch mal f\u00fcr die Katz sein, umsonst ist er nie! Machen Sie Ihre Wohnung f\u00fcr Ihre Tiere rauchfrei! Das Beste f\u00fcr Raucher\/innen ist nat\u00fcrlich immer der komplette Rauchstopp - wir unterst\u00fctzen Sie dabei gerne! Ihnen und Ihrer Katze zuliebe!<\/p><p>\u00a0<\/p><p>Falls das Rauchverlangen kommt, empfehlen wir ein lustiges Video anzusehen, da verschwinden die Gedanken an die Zigarette hoffentlich wie von selbst!<\/p><p>\u00a0<\/p><p>https:\/\/www.youtube.com\/watch?v=e0mVq21hyWM<\/p><p>\u00a0<\/p><p>Aber Achtung: Beim Video schaun\u00a0gibt es auch ein\u00a0Suchtpotential ;)<\/p>","_et_gb_content_width":"","footnotes":""},"categories":[236],"tags":[],"class_list":["post-9499","post","type-post","status-publish","format-standard","hentry","category-nicht-kategorisiert"],"yoast_head":"<!-- This site is optimized with the Yoast SEO plugin v26.2 - https:\/\/yoast.com\/wordpress\/plugins\/seo\/ -->\n<title>Rauchfrei? - F\u00fcr die Katz ;) - Rauchfrei Telefon<\/title>\n<meta name=\"robots\" content=\"index, follow, max-snippet:-1, max-image-preview:large, max-video-preview:-1\" \/>\n<link rel=\"canonical\" href=\"https:\/\/rauchfrei.at\/welttag-katze\/\" \/>\n<meta property=\"og:locale\" content=\"en_US\" \/>\n<meta property=\"og:type\" content=\"article\" \/>\n<meta property=\"og:title\" content=\"Rauchfrei? - F\u00fcr die Katz ;) - Rauchfrei Telefon\" \/>\n<meta property=\"og:description\" content=\"Der 08. August 2017 steht im Zeichen des beliebtesten Haustiers in \u00d6sterreich, der Katze. Es findet der internationale Katzentag statt. Katzen genie\u00dfen eine rauchfreie Umgebung.\" \/>\n<meta property=\"og:url\" content=\"https:\/\/rauchfrei.at\/welttag-katze\/\" \/>\n<meta property=\"og:site_name\" content=\"Rauchfrei Telefon\" \/>\n<meta property=\"article:published_time\" content=\"2017-08-07T08:00:02+00:00\" \/>\n<meta property=\"article:modified_time\" content=\"2019-04-26T15:40:03+00:00\" \/>\n<meta name=\"author\" content=\"Andrea B\u00fcttner\" \/>\n<meta name=\"twitter:card\" content=\"summary_large_image\" \/>\n<meta name=\"twitter:label1\" content=\"Written by\" \/>\n\t<meta name=\"twitter:data1\" content=\"Andrea B\u00fcttner\" \/>\n\t<meta name=\"twitter:label2\" content=\"Est. reading time\" \/>\n\t<meta name=\"twitter:data2\" content=\"2 minutes\" \/>\n<script type=\"application\/ld+json\" class=\"yoast-schema-graph\">{\"@context\":\"https:\/\/schema.org\",\"@graph\":[{\"@type\":\"WebPage\",\"@id\":\"https:\/\/rauchfrei.at\/welttag-katze\/\",\"url\":\"https:\/\/rauchfrei.at\/welttag-katze\/\",\"name\":\"Rauchfrei? - F\u00fcr die Katz ;) - Rauchfrei Telefon\",\"isPartOf\":{\"@id\":\"https:\/\/rauchfrei.at\/#website\"},\"datePublished\":\"2017-08-07T08:00:02+00:00\",\"dateModified\":\"2019-04-26T15:40:03+00:00\",\"author\":{\"@id\":\"https:\/\/rauchfrei.at\/#\/schema\/person\/7993cb8bdf02ba65fd4ec8ec38b2dbbf\"},\"inLanguage\":\"en-US\",\"potentialAction\":[{\"@type\":\"ReadAction\",\"target\":[\"https:\/\/rauchfrei.at\/welttag-katze\/\"]}]},{\"@type\":\"WebSite\",\"@id\":\"https:\/\/rauchfrei.at\/#website\",\"url\":\"https:\/\/rauchfrei.at\/\",\"name\":\"Rauchfrei Telefon\",\"description\":\"Eine \u00f6sterreichweite Initiative der Sozialversicherungen.\",\"potentialAction\":[{\"@type\":\"SearchAction\",\"target\":{\"@type\":\"EntryPoint\",\"urlTemplate\":\"https:\/\/rauchfrei.at\/?s={search_term_string}\"},\"query-input\":{\"@type\":\"PropertyValueSpecification\",\"valueRequired\":true,\"valueName\":\"search_term_string\"}}],\"inLanguage\":\"en-US\"},{\"@type\":\"Person\",\"@id\":\"https:\/\/rauchfrei.at\/#\/schema\/person\/7993cb8bdf02ba65fd4ec8ec38b2dbbf\",\"name\":\"Andrea B\u00fcttner\",\"image\":{\"@type\":\"ImageObject\",\"inLanguage\":\"en-US\",\"@id\":\"https:\/\/rauchfrei.at\/#\/schema\/person\/image\/\",\"url\":\"https:\/\/secure.gravatar.com\/avatar\/0f26ab1de0c83f37b101366a1244bf5de74c6d9c0641811dc6f7fc551dad1c7f?s=96&d=mm&r=g\",\"contentUrl\":\"https:\/\/secure.gravatar.com\/avatar\/0f26ab1de0c83f37b101366a1244bf5de74c6d9c0641811dc6f7fc551dad1c7f?s=96&d=mm&r=g\",\"caption\":\"Andrea B\u00fcttner\"},\"url\":\"https:\/\/rauchfrei.at\/en\/author\/buettner\/\"}]}<\/script>\n<!-- \/ Yoast SEO plugin. -->","yoast_head_json":{"title":"Rauchfrei? - F\u00fcr die Katz ;) - Rauchfrei Telefon","robots":{"index":"index","follow":"follow","max-snippet":"max-snippet:-1","max-image-preview":"max-image-preview:large","max-video-preview":"max-video-preview:-1"},"canonical":"https:\/\/rauchfrei.at\/welttag-katze\/","og_locale":"en_US","og_type":"article","og_title":"Rauchfrei? - F\u00fcr die Katz ;) - Rauchfrei Telefon","og_description":"Der 08. August 2017 steht im Zeichen des beliebtesten Haustiers in \u00d6sterreich, der Katze. Es findet der internationale Katzentag statt. Katzen genie\u00dfen eine rauchfreie Umgebung.","og_url":"https:\/\/rauchfrei.at\/welttag-katze\/","og_site_name":"Rauchfrei Telefon","article_published_time":"2017-08-07T08:00:02+00:00","article_modified_time":"2019-04-26T15:40:03+00:00","author":"Andrea B\u00fcttner","twitter_card":"summary_large_image","twitter_misc":{"Written by":"Andrea B\u00fcttner","Est. reading time":"2 minutes"},"schema":{"@context":"https:\/\/schema.org","@graph":[{"@type":"WebPage","@id":"https:\/\/rauchfrei.at\/welttag-katze\/","url":"https:\/\/rauchfrei.at\/welttag-katze\/","name":"Rauchfrei? - F\u00fcr die Katz ;) - Rauchfrei Telefon","isPartOf":{"@id":"https:\/\/rauchfrei.at\/#website"},"datePublished":"2017-08-07T08:00:02+00:00","dateModified":"2019-04-26T15:40:03+00:00","author":{"@id":"https:\/\/rauchfrei.at\/#\/schema\/person\/7993cb8bdf02ba65fd4ec8ec38b2dbbf"},"inLanguage":"en-US","potentialAction":[{"@type":"ReadAction","target":["https:\/\/rauchfrei.at\/welttag-katze\/"]}]},{"@type":"WebSite","@id":"https:\/\/rauchfrei.at\/#website","url":"https:\/\/rauchfrei.at\/","name":"Rauchfrei Telefon","description":"Eine \u00f6sterreichweite Initiative der Sozialversicherungen.","potentialAction":[{"@type":"SearchAction","target":{"@type":"EntryPoint","urlTemplate":"https:\/\/rauchfrei.at\/?s={search_term_string}"},"query-input":{"@type":"PropertyValueSpecification","valueRequired":true,"valueName":"search_term_string"}}],"inLanguage":"en-US"},{"@type":"Person","@id":"https:\/\/rauchfrei.at\/#\/schema\/person\/7993cb8bdf02ba65fd4ec8ec38b2dbbf","name":"Andrea B\u00fcttner","image":{"@type":"ImageObject","inLanguage":"en-US","@id":"https:\/\/rauchfrei.at\/#\/schema\/person\/image\/","url":"https:\/\/secure.gravatar.com\/avatar\/0f26ab1de0c83f37b101366a1244bf5de74c6d9c0641811dc6f7fc551dad1c7f?s=96&d=mm&r=g","contentUrl":"https:\/\/secure.gravatar.com\/avatar\/0f26ab1de0c83f37b101366a1244bf5de74c6d9c0641811dc6f7fc551dad1c7f?s=96&d=mm&r=g","caption":"Andrea B\u00fcttner"},"url":"https:\/\/rauchfrei.at\/en\/author\/buettner\/"}]}},"_links":{"self":[{"href":"https:\/\/rauchfrei.at\/en\/wp-json\/wp\/v2\/posts\/9499","targetHints":{"allow":["GET"]}}],"collection":[{"href":"https:\/\/rauchfrei.at\/en\/wp-json\/wp\/v2\/posts"}],"about":[{"href":"https:\/\/rauchfrei.at\/en\/wp-json\/wp\/v2\/types\/post"}],"author":[{"embeddable":true,"href":"https:\/\/rauchfrei.at\/en\/wp-json\/wp\/v2\/users\/11"}],"replies":[{"embeddable":true,"href":"https:\/\/rauchfrei.at\/en\/wp-json\/wp\/v2\/comments?post=9499"}],"version-history":[{"count":5,"href":"https:\/\/rauchfrei.at\/en\/wp-json\/wp\/v2\/posts\/9499\/revisions"}],"predecessor-version":[{"id":16098,"href":"https:\/\/rauchfrei.at\/en\/wp-json\/wp\/v2\/posts\/9499\/revisions\/16098"}],"wp:attachment":[{"href":"https:\/\/rauchfrei.at\/en\/wp-json\/wp\/v2\/media?parent=9499"}],"wp:term":[{"taxonomy":"category","embeddable":true,"href":"https:\/\/rauchfrei.at\/en\/wp-json\/wp\/v2\/categories?post=9499"},{"taxonomy":"post_tag","embeddable":true,"href":"https:\/\/rauchfrei.at\/en\/wp-json\/wp\/v2\/tags?post=9499"}],"curies":[{"name":"wp","href":"https:\/\/api.w.org\/{rel}","templated":true}]}}