
{"id":9553,"date":"2017-09-18T10:10:43","date_gmt":"2017-09-18T08:10:43","guid":{"rendered":"http:\/\/rauchfrei.at\/?p=9553"},"modified":"2021-07-28T10:24:57","modified_gmt":"2021-07-28T08:24:57","slug":"wenn-kinder-gefragt-sind","status":"publish","type":"post","link":"https:\/\/rauchfrei.at\/en\/wenn-kinder-gefragt-sind\/","title":{"rendered":"Wenn Kinder gefragt sind"},"content":{"rendered":"<p>[et_pb_section fb_built=&#8221;1&#8243; module_class=&#8221;header&#8221; _builder_version=&#8221;3.22&#8243;][et_pb_row _builder_version=&#8221;3.25&#8243;][et_pb_column type=&#8221;4_4&#8243; _builder_version=&#8221;3.25&#8243; custom_padding=&#8221;|||&#8221; custom_padding__hover=&#8221;|||&#8221;][et_pb_dp_dmb_module_10001 _builder_version=&#8221;3.21.1&#8243; z_index_tablet=&#8221;500&#8243;][\/et_pb_dp_dmb_module_10001][\/et_pb_column][\/et_pb_row][\/et_pb_section][et_pb_section fb_built=&#8221;1&#8243; _builder_version=&#8221;3.22&#8243;][et_pb_row _builder_version=&#8221;3.25&#8243; background_size=&#8221;initial&#8221; background_position=&#8221;top_left&#8221; background_repeat=&#8221;repeat&#8221; column_structure=&#8221;2_3,1_3&#8243;][et_pb_column type=&#8221;2_3&#8243; _builder_version=&#8221;3.25&#8243; custom_padding=&#8221;|||&#8221; custom_padding__hover=&#8221;|||&#8221;][et_pb_text _builder_version=&#8221;4.9.4&#8243; background_size=&#8221;initial&#8221; background_position=&#8221;top_left&#8221; background_repeat=&#8221;repeat&#8221; hover_enabled=&#8221;0&#8243; sticky_enabled=&#8221;0&#8243;]<\/p>\n<p><span style=\"font-size: 15px;\">Im diesw\u00f6chigen Blog pr\u00e4sentieren wir Kinderzeichnungen. Eine Schulklasse der 3. Volksschulstufe hat sich mit dem Thema \u201eRauchen in der \u00d6ffentlichkeit\u201c auseinandergesetzt und dabei sind\u00a0folgende\u00a0Bilder\u00a0dabei herausgekommen:<\/span><\/p>\n<div>\n<dl id=\"attachment_9554\">\n<dt><img loading=\"lazy\" decoding=\"async\" src=\"https:\/\/rauchfrei.at\/wp-content\/uploads\/1-480x353.jpg\" alt=\"dav\" data-id=\"9554\" style=\"float: left;\" width=\"309\" height=\"227\" \/>\u00a0<img loading=\"lazy\" decoding=\"async\" src=\"https:\/\/rauchfrei.at\/wp-content\/uploads\/2-480x360.jpg\" alt=\"dav\" data-id=\"9555\" style=\"font-size: 15px; font-weight: 500;\" width=\"307\" height=\"230\" \/><\/dt>\n<\/dl>\n<\/div>\n<p>Es freut uns, dass die Sch\u00fclerinnern und Sch\u00fcler darauf aufmerksam gemacht haben, dass Zigarettenstummel nicht auf den Boden geh\u00f6ren.<\/p>\n<div>\n<dl id=\"attachment_9556\">\n<dt><img loading=\"lazy\" decoding=\"async\" src=\"https:\/\/rauchfrei.at\/wp-content\/uploads\/4-480x523.jpg\" alt=\"dav\" data-id=\"9556\" width=\"301\" height=\"328\" \/><\/dt>\n<dt><\/dt>\n<\/dl>\n<p>Zigaretten sollten allerdings \u00fcberhaupt nicht in die N\u00e4he von Kindern gelangen. Kinder werden stark durch ihr Umfeld gepr\u00e4gt und lernen nat\u00fcrlich auch Verhaltensweisen durch Beobachtung von anderen durch sogenanntes \u201eModelllernen\u201c. Rauchende Eltern sind so oft ein Grund daf\u00fcr, dass Jugendliche zu rauchen beginnen. Sind die Kinder noch klein, wird das Rauchen noch mit Stiften oder Nahrungsmitteln nachgeahmt.<\/p>\n<\/div>\n<div>\n<dl id=\"attachment_9557\">\n<dt><img loading=\"lazy\" decoding=\"async\" src=\"https:\/\/rauchfrei.at\/wp-content\/uploads\/5-480x462.jpg\" alt=\"dav\" data-id=\"9557\" width=\"300\" height=\"288\" \/><\/dt>\n<\/dl>\n<p>Bei Jugendlichen wird das Rauchen schon aus mehreren Gr\u00fcnden spannend. Manchmal durch den Einfluss von Gleichaltrigen, manchmal sind Zigaretten ein Symbol f\u00fcr Freiheit und Unabh\u00e4ngigkeit gegen\u00fcber den Eltern.<\/p>\n<p>Aufgrund des starken Suchtpotentials von Nikotin f\u00fchrt der Weg leider schnell in eine k\u00f6rperliche und psychische Abh\u00e4ngigkeit. Je fr\u00fcher der Tabakkonsum beginnt, desto schwieriger ist es, das Rauchen sp\u00e4ter wieder aufzugeben.<\/p>\n<p>&nbsp;<\/p>\n<\/div>\n<div>\n<dl id=\"attachment_9558\">\n<dt><img loading=\"lazy\" decoding=\"async\" src=\"https:\/\/rauchfrei.at\/wp-content\/uploads\/7-480x635.jpg\" alt=\"dav\" data-id=\"9558\" width=\"302\" height=\"400\" \/><\/dt>\n<\/dl>\n<p>Rauchen in der Anwesenheit von Kindern und Jugendlichen birgt aber noch ein weiteres Risiko, die Belastung durch Passivrauch. Kinder reagieren auf die Gifte die im Rauch enthalten sind empfindlicher. Mitrauchende Kinder haben oft ein schw\u00e4cheres Immunsystem und werden deshalb \u00f6fter krank.<\/p>\n<\/div>\n<div>\n<dl id=\"attachment_9559\">\n<dt><img loading=\"lazy\" decoding=\"async\" src=\"https:\/\/rauchfrei.at\/wp-content\/uploads\/8-480x623.jpg\" alt=\"dav\" data-id=\"9559\" style=\"float: left;\" width=\"306\" height=\"398\" \/>\u00a0<img loading=\"lazy\" decoding=\"async\" class=\"alignnone\" src=\"https:\/\/rauchfrei.at\/wp-content\/uploads\/9-480x812.jpg\" alt=\"dav\" data-id=\"9560\" style=\"font-size: 15px;\" width=\"302\" height=\"511\" \/><span style=\"font-size: 15px;\">\u00a0<\/span><\/dt>\n<\/dl>\n<\/div>\n<div>\n<dl id=\"attachment_9560\">\n<dt><\/dt>\n<dt><\/dt>\n<dt>Fotos: Rauchfrei Telefon<\/dt>\n<\/dl>\n<\/div>\n<p>Kinder k\u00f6nnen es sich nicht selbst aussuchen! Bitte entscheiden Sie, dass Kinder in einer rauchfreien Umgebung aufwachsen k\u00f6nnen.<\/p>\n<p><img loading=\"lazy\" decoding=\"async\" src=\"https:\/\/rauchfrei.at\/wp-content\/uploads\/shutterstock_478583482-480x320.jpg\" alt=\"shutterstock_478583482\" data-id=\"9561\" width=\"296\" height=\"197\" \/>\u00a0Shutterstock<\/p>\n<p><strong><u>Link: <\/u><\/strong><\/p>\n<p><a href=\"https:\/\/www.praevention.at\/fileadmin\/user_upload\/09_Infobox\/Infomaterialien\/Ueber_Rauchen_reden_2015.pdf\" target=\"_blank\" rel=\"noopener noreferrer\">\u00dcbers Rauchen reden<\/a><\/p>\n<p><a href=\"https:\/\/www.dkfz.de\/de\/tabakkontrolle\/download\/Publikationen\/RoteReihe\/Passivrauchen_Band2_4_Auflage.pdf\" target=\"_blank\" rel=\"noopener noreferrer\">Info<\/a><a href=\"https:\/\/www.dkfz.de\/de\/tabakkontrolle\/download\/Publikationen\/RoteReihe\/Passivrauchen_Band2_4_Auflage.pdf\" target=\"_blank\" rel=\"noopener noreferrer\"> \u00fcber Passivrauch<\/a><\/p>\n<p><a href=\"https:\/\/rauchfrei.at\/wp-content\/uploads\/darf-ich-schon-rauchen-folder1.pdf\">\u201eDarf ich schon rauchen?\u201c<\/a><\/p>\n<p><a href=\"http:\/\/derstandard.at\/2000064028552\/Rauchen-Sie-vor-Ihrem-Kind\" target=\"_blank\" rel=\"noopener noreferrer\">Artikel in &#8220;Der Standard&#8221; &#8220;Rauchen Sie vor Ihrem Kind?&#8221;<\/a><\/p>\n<p><a href=\"http:\/\/derstandard.at\/2000063942250\/Auch-wer-auf-dem-Balkon-raucht-gefaehrdet-seine-Kinder\" target=\"_blank\" rel=\"noopener noreferrer\">Artikel in &#8220;Der Standard&#8221; Auch wer am Balkon raucht, gef\u00e4hrdet seine Kinder<\/a><\/p>\n<p><em>\u00a0<\/em><\/p>\n<p>[\/et_pb_text][\/et_pb_column][et_pb_column type=&#8221;1_3&#8243; _builder_version=&#8221;3.25&#8243; custom_padding=&#8221;|||&#8221; custom_padding__hover=&#8221;|||&#8221;][et_pb_sidebar area=&#8221;sidebar-1&#8243; _builder_version=&#8221;3.15&#8243;][\/et_pb_sidebar][\/et_pb_column][\/et_pb_row][\/et_pb_section]<\/p>\n","protected":false},"excerpt":{"rendered":"<p>Der Weltkindertag der am 20.9.2017 stattfindet steht dieses Jahr unter dem Motto \u201e\u201eKindern eine Stimme geben!\u201c.\u201c In unserem Blogbeitrag haben Kinder etwas zum Ausdruck gebracht,\u2026<\/p>\n","protected":false},"author":11,"featured_media":0,"comment_status":"open","ping_status":"open","sticky":false,"template":"","format":"standard","meta":{"_et_pb_use_builder":"on","_et_pb_old_content":"<p>\u00a0<\/p><p>Im diesw\u00f6chigen Blog pr\u00e4sentieren wir Kinderzeichnungen. Eine Schulklasse der 3. Volksschulstufe hat sich mit dem Thema \u201eRauchen in der \u00d6ffentlichkeit\u201c auseinandergesetzt und dabei sind\u00a0folgende\u00a0Bilder\u00a0dabei herausgekommen:<\/p><p>\u00a0<\/p><div><dl id=\"attachment_9554\"><dt><img src=\"https:\/\/rauchfrei.at\/wp-content\/uploads\/1-480x353.jpg\" alt=\"dav\" width=\"309\" height=\"227\" data-id=\"9554\" \/><\/dt><\/dl><\/div><p><img src=\"https:\/\/rauchfrei.at\/wp-content\/uploads\/2-480x360.jpg\" alt=\"dav\" width=\"307\" height=\"230\" data-id=\"9555\" \/><\/p><p>\u00a0<\/p><p>Es freut uns, dass die Sch\u00fclerinnern und Sch\u00fcler darauf aufmerksam gemacht haben, dass Zigarettenstummel nicht auf den Boden geh\u00f6ren.<\/p><p>\u00a0<\/p><div><dl id=\"attachment_9556\"><dt><img src=\"https:\/\/rauchfrei.at\/wp-content\/uploads\/4-480x523.jpg\" alt=\"dav\" width=\"301\" height=\"328\" data-id=\"9556\" \/><\/dt><dt><\/dt><\/dl><p>Zigaretten sollten allerdings \u00fcberhaupt nicht in die N\u00e4he von Kindern gelangen. Kinder werden stark durch ihr Umfeld gepr\u00e4gt und lernen nat\u00fcrlich auch Verhaltensweisen durch Beobachtung von anderen durch sogenanntes \u201eModelllernen\u201c. Rauchende Eltern sind so oft ein Grund daf\u00fcr, dass Jugendliche zu rauchen beginnen. Sind die Kinder noch klein, wird das Rauchen noch mit Stiften oder Nahrungsmitteln nachgeahmt.<\/p><p>\u00a0<\/p><\/div><div><dl id=\"attachment_9557\"><dt><img src=\"https:\/\/rauchfrei.at\/wp-content\/uploads\/5-480x462.jpg\" alt=\"dav\" width=\"300\" height=\"288\" data-id=\"9557\" \/><\/dt><\/dl><p>Bei Jugendlichen wird das Rauchen schon aus mehreren Gr\u00fcnden spannend. Manchmal durch den Einfluss von Gleichaltrigen, manchmal sind Zigaretten ein Symbol f\u00fcr Freiheit und Unabh\u00e4ngigkeit gegen\u00fcber den Eltern.<\/p><p>Aufgrund des starken Suchtpotentials von Nikotin f\u00fchrt der Weg leider schnell in eine k\u00f6rperliche und psychische Abh\u00e4ngigkeit. Je fr\u00fcher der Tabakkonsum beginnt, desto schwieriger ist es, das Rauchen sp\u00e4ter wieder aufzugeben.<\/p><p>\u00a0<\/p><\/div><div><dl id=\"attachment_9558\"><dt><img src=\"https:\/\/rauchfrei.at\/wp-content\/uploads\/7-480x635.jpg\" alt=\"dav\" width=\"302\" height=\"400\" data-id=\"9558\" \/><\/dt><\/dl><p>Rauchen in der Anwesenheit von Kindern und Jugendlichen birgt aber noch ein weiteres Risiko, die Belastung durch Passivrauch. Kinder reagieren auf die Gifte die im Rauch enthalten sind empfindlicher. Mitrauchende Kinder haben oft ein schw\u00e4cheres Immunsystem und werden deshalb \u00f6fter krank.<\/p><p>\u00a0<\/p><\/div><div><dl id=\"attachment_9559\"><dt><img src=\"https:\/\/rauchfrei.at\/wp-content\/uploads\/8-480x623.jpg\" alt=\"dav\" width=\"306\" height=\"398\" data-id=\"9559\" \/><\/dt><\/dl><\/div><div><dl id=\"attachment_9560\"><dt><img class=\"alignnone\" src=\"https:\/\/rauchfrei.at\/wp-content\/uploads\/9-480x812.jpg\" alt=\"dav\" width=\"302\" height=\"511\" data-id=\"9560\" \/>\u00a0Fotos: Rauchfrei Telefon<\/dt><\/dl><\/div><p>Kinder k\u00f6nnen es sich nicht selbst aussuchen! Bitte entscheiden Sie, dass Kinder in einer rauchfreien Umgebung aufwachsen k\u00f6nnen.<\/p><p>\u00a0<\/p><p><img src=\"https:\/\/rauchfrei.at\/wp-content\/uploads\/shutterstock_478583482-480x320.jpg\" alt=\"shutterstock_478583482\" width=\"296\" height=\"197\" data-id=\"9561\" \/>\u00a0Shutterstock<\/p><p>\u00a0<\/p><p><strong><u>Link: <\/u><\/strong><\/p><p><a href=\"https:\/\/www.praevention.at\/fileadmin\/user_upload\/09_Infobox\/Infomaterialien\/Ueber_Rauchen_reden_2015.pdf\" target=\"_blank\" rel=\"noopener\">\u00dcbers Rauchen reden<\/a><\/p><p><a href=\"https:\/\/www.dkfz.de\/de\/tabakkontrolle\/download\/Publikationen\/RoteReihe\/Passivrauchen_Band2_4_Auflage.pdf\" target=\"_blank\" rel=\"noopener\">Info<\/a><a href=\"https:\/\/www.dkfz.de\/de\/tabakkontrolle\/download\/Publikationen\/RoteReihe\/Passivrauchen_Band2_4_Auflage.pdf\" target=\"_blank\" rel=\"noopener\"> \u00fcber Passivrauch<\/a><\/p><p><a href=\"http:\/\/www.vivid.at\/_pdf\/4c1f36d8dd51d.pdf\">\u201eDarf ich schon rauchen?\u201c<\/a><\/p><p><a href=\"http:\/\/derstandard.at\/2000064028552\/Rauchen-Sie-vor-Ihrem-Kind\" target=\"_blank\" rel=\"noopener\">Artikel in \"Der Standard\" \"Rauchen Sie vor Ihrem Kind?\"<\/a><\/p><p><a href=\"http:\/\/derstandard.at\/2000063942250\/Auch-wer-auf-dem-Balkon-raucht-gefaehrdet-seine-Kinder\" target=\"_blank\" rel=\"noopener\">Artikel in \"Der Standard\" Auch wer am Balkon raucht, gef\u00e4hrdet seine Kinder<\/a><\/p><p>\u00a0<\/p><p><em>\u00a0<\/em><\/p>","_et_gb_content_width":"","footnotes":""},"categories":[236],"tags":[],"class_list":["post-9553","post","type-post","status-publish","format-standard","hentry","category-nicht-kategorisiert"],"yoast_head":"<!-- This site is optimized with the Yoast SEO plugin v26.2 - https:\/\/yoast.com\/wordpress\/plugins\/seo\/ -->\n<title>Wenn Kinder gefragt sind - Rauchfrei Telefon<\/title>\n<meta name=\"robots\" content=\"index, follow, max-snippet:-1, max-image-preview:large, max-video-preview:-1\" \/>\n<link rel=\"canonical\" href=\"https:\/\/rauchfrei.at\/wenn-kinder-gefragt-sind\/\" \/>\n<meta property=\"og:locale\" content=\"en_US\" \/>\n<meta property=\"og:type\" content=\"article\" \/>\n<meta property=\"og:title\" content=\"Wenn Kinder gefragt sind - Rauchfrei Telefon\" \/>\n<meta property=\"og:description\" content=\"Der Weltkindertag der am 20.9.2017 stattfindet steht dieses Jahr unter dem Motto \u201e\u201eKindern eine Stimme geben!\u201c.\u201c In unserem Blogbeitrag haben Kinder etwas zum Ausdruck gebracht,\u2026\" \/>\n<meta property=\"og:url\" content=\"https:\/\/rauchfrei.at\/wenn-kinder-gefragt-sind\/\" \/>\n<meta property=\"og:site_name\" content=\"Rauchfrei Telefon\" \/>\n<meta property=\"article:published_time\" content=\"2017-09-18T08:10:43+00:00\" \/>\n<meta property=\"article:modified_time\" content=\"2021-07-28T08:24:57+00:00\" \/>\n<meta property=\"og:image\" content=\"https:\/\/rauchfrei.at\/wp-content\/uploads\/1-480x353.jpg\" \/>\n<meta name=\"author\" content=\"Andrea B\u00fcttner\" \/>\n<meta name=\"twitter:card\" content=\"summary_large_image\" \/>\n<meta name=\"twitter:label1\" content=\"Written by\" \/>\n\t<meta name=\"twitter:data1\" content=\"Andrea B\u00fcttner\" \/>\n\t<meta name=\"twitter:label2\" content=\"Est. reading time\" \/>\n\t<meta name=\"twitter:data2\" content=\"2 minutes\" \/>\n<script type=\"application\/ld+json\" class=\"yoast-schema-graph\">{\"@context\":\"https:\/\/schema.org\",\"@graph\":[{\"@type\":\"WebPage\",\"@id\":\"https:\/\/rauchfrei.at\/wenn-kinder-gefragt-sind\/\",\"url\":\"https:\/\/rauchfrei.at\/wenn-kinder-gefragt-sind\/\",\"name\":\"Wenn Kinder gefragt sind - Rauchfrei Telefon\",\"isPartOf\":{\"@id\":\"https:\/\/rauchfrei.at\/#website\"},\"primaryImageOfPage\":{\"@id\":\"https:\/\/rauchfrei.at\/wenn-kinder-gefragt-sind\/#primaryimage\"},\"image\":{\"@id\":\"https:\/\/rauchfrei.at\/wenn-kinder-gefragt-sind\/#primaryimage\"},\"thumbnailUrl\":\"https:\/\/rauchfrei.at\/wp-content\/uploads\/1-480x353.jpg\",\"datePublished\":\"2017-09-18T08:10:43+00:00\",\"dateModified\":\"2021-07-28T08:24:57+00:00\",\"author\":{\"@id\":\"https:\/\/rauchfrei.at\/#\/schema\/person\/7993cb8bdf02ba65fd4ec8ec38b2dbbf\"},\"inLanguage\":\"en-US\",\"potentialAction\":[{\"@type\":\"ReadAction\",\"target\":[\"https:\/\/rauchfrei.at\/wenn-kinder-gefragt-sind\/\"]}]},{\"@type\":\"ImageObject\",\"inLanguage\":\"en-US\",\"@id\":\"https:\/\/rauchfrei.at\/wenn-kinder-gefragt-sind\/#primaryimage\",\"url\":\"https:\/\/rauchfrei.at\/wp-content\/uploads\/1-480x353.jpg\",\"contentUrl\":\"https:\/\/rauchfrei.at\/wp-content\/uploads\/1-480x353.jpg\"},{\"@type\":\"WebSite\",\"@id\":\"https:\/\/rauchfrei.at\/#website\",\"url\":\"https:\/\/rauchfrei.at\/\",\"name\":\"Rauchfrei Telefon\",\"description\":\"Eine \u00f6sterreichweite Initiative der Sozialversicherungen.\",\"potentialAction\":[{\"@type\":\"SearchAction\",\"target\":{\"@type\":\"EntryPoint\",\"urlTemplate\":\"https:\/\/rauchfrei.at\/?s={search_term_string}\"},\"query-input\":{\"@type\":\"PropertyValueSpecification\",\"valueRequired\":true,\"valueName\":\"search_term_string\"}}],\"inLanguage\":\"en-US\"},{\"@type\":\"Person\",\"@id\":\"https:\/\/rauchfrei.at\/#\/schema\/person\/7993cb8bdf02ba65fd4ec8ec38b2dbbf\",\"name\":\"Andrea B\u00fcttner\",\"image\":{\"@type\":\"ImageObject\",\"inLanguage\":\"en-US\",\"@id\":\"https:\/\/rauchfrei.at\/#\/schema\/person\/image\/\",\"url\":\"https:\/\/secure.gravatar.com\/avatar\/0f26ab1de0c83f37b101366a1244bf5de74c6d9c0641811dc6f7fc551dad1c7f?s=96&d=mm&r=g\",\"contentUrl\":\"https:\/\/secure.gravatar.com\/avatar\/0f26ab1de0c83f37b101366a1244bf5de74c6d9c0641811dc6f7fc551dad1c7f?s=96&d=mm&r=g\",\"caption\":\"Andrea B\u00fcttner\"},\"url\":\"https:\/\/rauchfrei.at\/en\/author\/buettner\/\"}]}<\/script>\n<!-- \/ Yoast SEO plugin. -->","yoast_head_json":{"title":"Wenn Kinder gefragt sind - Rauchfrei Telefon","robots":{"index":"index","follow":"follow","max-snippet":"max-snippet:-1","max-image-preview":"max-image-preview:large","max-video-preview":"max-video-preview:-1"},"canonical":"https:\/\/rauchfrei.at\/wenn-kinder-gefragt-sind\/","og_locale":"en_US","og_type":"article","og_title":"Wenn Kinder gefragt sind - Rauchfrei Telefon","og_description":"Der Weltkindertag der am 20.9.2017 stattfindet steht dieses Jahr unter dem Motto \u201e\u201eKindern eine Stimme geben!\u201c.\u201c In unserem Blogbeitrag haben Kinder etwas zum Ausdruck gebracht,\u2026","og_url":"https:\/\/rauchfrei.at\/wenn-kinder-gefragt-sind\/","og_site_name":"Rauchfrei Telefon","article_published_time":"2017-09-18T08:10:43+00:00","article_modified_time":"2021-07-28T08:24:57+00:00","og_image":[{"url":"https:\/\/rauchfrei.at\/wp-content\/uploads\/1-480x353.jpg","type":"","width":"","height":""}],"author":"Andrea B\u00fcttner","twitter_card":"summary_large_image","twitter_misc":{"Written by":"Andrea B\u00fcttner","Est. reading time":"2 minutes"},"schema":{"@context":"https:\/\/schema.org","@graph":[{"@type":"WebPage","@id":"https:\/\/rauchfrei.at\/wenn-kinder-gefragt-sind\/","url":"https:\/\/rauchfrei.at\/wenn-kinder-gefragt-sind\/","name":"Wenn Kinder gefragt sind - Rauchfrei Telefon","isPartOf":{"@id":"https:\/\/rauchfrei.at\/#website"},"primaryImageOfPage":{"@id":"https:\/\/rauchfrei.at\/wenn-kinder-gefragt-sind\/#primaryimage"},"image":{"@id":"https:\/\/rauchfrei.at\/wenn-kinder-gefragt-sind\/#primaryimage"},"thumbnailUrl":"https:\/\/rauchfrei.at\/wp-content\/uploads\/1-480x353.jpg","datePublished":"2017-09-18T08:10:43+00:00","dateModified":"2021-07-28T08:24:57+00:00","author":{"@id":"https:\/\/rauchfrei.at\/#\/schema\/person\/7993cb8bdf02ba65fd4ec8ec38b2dbbf"},"inLanguage":"en-US","potentialAction":[{"@type":"ReadAction","target":["https:\/\/rauchfrei.at\/wenn-kinder-gefragt-sind\/"]}]},{"@type":"ImageObject","inLanguage":"en-US","@id":"https:\/\/rauchfrei.at\/wenn-kinder-gefragt-sind\/#primaryimage","url":"https:\/\/rauchfrei.at\/wp-content\/uploads\/1-480x353.jpg","contentUrl":"https:\/\/rauchfrei.at\/wp-content\/uploads\/1-480x353.jpg"},{"@type":"WebSite","@id":"https:\/\/rauchfrei.at\/#website","url":"https:\/\/rauchfrei.at\/","name":"Rauchfrei Telefon","description":"Eine \u00f6sterreichweite Initiative der Sozialversicherungen.","potentialAction":[{"@type":"SearchAction","target":{"@type":"EntryPoint","urlTemplate":"https:\/\/rauchfrei.at\/?s={search_term_string}"},"query-input":{"@type":"PropertyValueSpecification","valueRequired":true,"valueName":"search_term_string"}}],"inLanguage":"en-US"},{"@type":"Person","@id":"https:\/\/rauchfrei.at\/#\/schema\/person\/7993cb8bdf02ba65fd4ec8ec38b2dbbf","name":"Andrea B\u00fcttner","image":{"@type":"ImageObject","inLanguage":"en-US","@id":"https:\/\/rauchfrei.at\/#\/schema\/person\/image\/","url":"https:\/\/secure.gravatar.com\/avatar\/0f26ab1de0c83f37b101366a1244bf5de74c6d9c0641811dc6f7fc551dad1c7f?s=96&d=mm&r=g","contentUrl":"https:\/\/secure.gravatar.com\/avatar\/0f26ab1de0c83f37b101366a1244bf5de74c6d9c0641811dc6f7fc551dad1c7f?s=96&d=mm&r=g","caption":"Andrea B\u00fcttner"},"url":"https:\/\/rauchfrei.at\/en\/author\/buettner\/"}]}},"_links":{"self":[{"href":"https:\/\/rauchfrei.at\/en\/wp-json\/wp\/v2\/posts\/9553","targetHints":{"allow":["GET"]}}],"collection":[{"href":"https:\/\/rauchfrei.at\/en\/wp-json\/wp\/v2\/posts"}],"about":[{"href":"https:\/\/rauchfrei.at\/en\/wp-json\/wp\/v2\/types\/post"}],"author":[{"embeddable":true,"href":"https:\/\/rauchfrei.at\/en\/wp-json\/wp\/v2\/users\/11"}],"replies":[{"embeddable":true,"href":"https:\/\/rauchfrei.at\/en\/wp-json\/wp\/v2\/comments?post=9553"}],"version-history":[{"count":6,"href":"https:\/\/rauchfrei.at\/en\/wp-json\/wp\/v2\/posts\/9553\/revisions"}],"predecessor-version":[{"id":21382,"href":"https:\/\/rauchfrei.at\/en\/wp-json\/wp\/v2\/posts\/9553\/revisions\/21382"}],"wp:attachment":[{"href":"https:\/\/rauchfrei.at\/en\/wp-json\/wp\/v2\/media?parent=9553"}],"wp:term":[{"taxonomy":"category","embeddable":true,"href":"https:\/\/rauchfrei.at\/en\/wp-json\/wp\/v2\/categories?post=9553"},{"taxonomy":"post_tag","embeddable":true,"href":"https:\/\/rauchfrei.at\/en\/wp-json\/wp\/v2\/tags?post=9553"}],"curies":[{"name":"wp","href":"https:\/\/api.w.org\/{rel}","templated":true}]}}