
{"id":9577,"date":"2017-09-25T10:00:47","date_gmt":"2017-09-25T08:00:47","guid":{"rendered":"http:\/\/rauchfrei.at\/?p=9577"},"modified":"2021-02-17T13:53:21","modified_gmt":"2021-02-17T11:53:21","slug":"rauchfrei-fuer-ihr-herz","status":"publish","type":"post","link":"https:\/\/rauchfrei.at\/en\/rauchfrei-fuer-ihr-herz\/","title":{"rendered":"Rauchfrei f\u00fcr Ihr Herz"},"content":{"rendered":"<p>[et_pb_section fb_built=&#8221;1&#8243; module_class=&#8221;header&#8221; _builder_version=&#8221;3.22&#8243;][et_pb_row _builder_version=&#8221;3.25&#8243;][et_pb_column type=&#8221;4_4&#8243; _builder_version=&#8221;3.25&#8243; custom_padding=&#8221;|||&#8221; custom_padding__hover=&#8221;|||&#8221;][et_pb_dp_dmb_module_10001 _builder_version=&#8221;3.21.1&#8243;][\/et_pb_dp_dmb_module_10001][\/et_pb_column][\/et_pb_row][\/et_pb_section][et_pb_section fb_built=&#8221;1&#8243; _builder_version=&#8221;3.22&#8243;][et_pb_row _builder_version=&#8221;3.25&#8243; background_size=&#8221;initial&#8221; background_position=&#8221;top_left&#8221; background_repeat=&#8221;repeat&#8221; column_structure=&#8221;2_3,1_3&#8243;][et_pb_column type=&#8221;2_3&#8243; _builder_version=&#8221;3.25&#8243; custom_padding=&#8221;|||&#8221; custom_padding__hover=&#8221;|||&#8221;][et_pb_text _builder_version=&#8221;4.7.6&#8243; background_size=&#8221;initial&#8221; background_position=&#8221;top_left&#8221; background_repeat=&#8221;repeat&#8221; hover_enabled=&#8221;0&#8243; sticky_enabled=&#8221;0&#8243;]<\/p>\n<p><span style=\"font-size: 15px;\">Nur wenige wissen, dass Herz-Kreislauf-Erkrankungen die h\u00e4ufigste Folgeerkrankung des Rauchens sind. 80% aller Herzinfarkte vor dem 50. Lebensjahr sind durch das Rauchen mitbedingt. Dazu kommt, dass aufgrund untypischer Symptome Infarkte vor allem bei Frauen leicht \u00fcbersehen oder zu sp\u00e4t entdeckt werden k\u00f6nnen.<\/span><\/p>\n<p>Auch reduziertes Rauchen sch\u00fctzt nicht, denn: Schon das Rauchen von 1-4 Zigaretten t\u00e4glich erh\u00f6ht das Risiko, an einer koronaren Herzkrankheit zu erkranken. Durch den Rauchstopp senken Sie ihr Infarkt- und Schlaganfall-Risiko in k\u00fcrzester Zeit erheblich! Versuchen Sie also, mit dem Rauchen aufzuh\u00f6ren, denn Ihre Gesundheit sollte Ihnen am Herzen liegen!<\/p>\n<p><img loading=\"lazy\" decoding=\"async\" class=\"size-medium wp-image-9579 aligncenter\" src=\"https:\/\/rauchfrei.at\/wp-content\/uploads\/shutterstock_298731920-225x149.jpg\" alt=\"shutterstock_298731920\" width=\"225\" height=\"149\" data-id=\"9579\" srcset=\"https:\/\/rauchfrei.at\/wp-content\/uploads\/shutterstock_298731920-225x149.jpg 225w, https:\/\/rauchfrei.at\/wp-content\/uploads\/shutterstock_298731920-480x319.jpg 480w, https:\/\/rauchfrei.at\/wp-content\/uploads\/shutterstock_298731920.jpg 500w\" sizes=\"(max-width: 225px) 100vw, 225px\" \/><\/p>\n<p>H\u00f6ren Sie auf Ihr Herz: Schon 24 Stunden nach dem Rauchstopp verringert sich bereits das Risiko von Herzanf\u00e4llen. Nach 2 Wochen bis 3 Monaten verbessern sich Herz-Kreislauf und Lungenfunktion. Nach 1 Jahr sinkt das erh\u00f6hte Risiko einer koronaren Herzkrankheit auf die H\u00e4lfte des Risikos eines Rauchers. 15 Jahre nach dem Rauchstopp ist das Risiko einer koronaren Herzkrankheit das eines lebenslangen Nichtrauchers.<\/p>\n<blockquote>\n<p>Tun Sie Ihrem Herz etwas Gutes und werden Sie rauchfrei!<\/p>\n<\/blockquote>\n<p>N\u00fctzen Sie die Gelegenheit und besuchen Sie das Rauchfrei Telefon am Infostand im Wiener Rathaus oder melden Sie sich telefonisch bei uns unter 0800 810 013.<\/p>\n<p><strong><u>Link:<\/u><\/strong> Herztag im Wien Rathaus<\/p>\n<p>[\/et_pb_text][\/et_pb_column][et_pb_column type=&#8221;1_3&#8243; _builder_version=&#8221;3.25&#8243; custom_padding=&#8221;|||&#8221; custom_padding__hover=&#8221;|||&#8221;][et_pb_sidebar area=&#8221;sidebar-1&#8243; _builder_version=&#8221;3.0.99&#8243;][\/et_pb_sidebar][\/et_pb_column][\/et_pb_row][\/et_pb_section]<\/p>\n","protected":false},"excerpt":{"rendered":"<p>Anl\u00e4sslich des Weltherztages, wird am 28.9.2017 im Wiener Rathaus ein informativer Publikumstag stattfinden. Auch ein Infostand des Rauchfrei Telefons ist vor Ort.<\/p>\n","protected":false},"author":11,"featured_media":0,"comment_status":"open","ping_status":"open","sticky":false,"template":"","format":"standard","meta":{"_et_pb_use_builder":"on","_et_pb_old_content":"<p>\u00a0<\/p><p>Nur wenige wissen, dass Herz-Kreislauf-Erkrankungen die h\u00e4ufigste Folgeerkrankung des Rauchens sind. 80% aller Herzinfarkte vor dem 50. Lebensjahr sind durch das Rauchen mitbedingt. Dazu kommt, dass aufgrund untypischer Symptome Infarkte vor allem bei Frauen leicht \u00fcbersehen oder zu sp\u00e4t entdeckt werden k\u00f6nnen.<\/p><p>\u00a0<\/p><p>Auch reduziertes Rauchen sch\u00fctzt nicht, denn: Schon das Rauchen von 1-4 Zigaretten t\u00e4glich erh\u00f6ht das Risiko, an einer koronaren Herzkrankheit zu erkranken. Durch den Rauchstopp senken Sie ihr Infarkt- und Schlaganfall-Risiko in k\u00fcrzester Zeit erheblich! Versuchen Sie also, mit dem Rauchen aufzuh\u00f6ren, denn Ihre Gesundheit sollte Ihnen am Herzen liegen!<\/p><p>\u00a0<\/p><p><img class=\"size-medium wp-image-9579 aligncenter\" src=\"https:\/\/rauchfrei.at\/wp-content\/uploads\/shutterstock_298731920-225x149.jpg\" alt=\"shutterstock_298731920\" width=\"225\" height=\"149\" data-id=\"9579\" \/><\/p><p>\u00a0<\/p><p>H\u00f6ren Sie auf Ihr Herz: Schon 24 Stunden nach dem Rauchstopp verringert sich bereits das Risiko von Herzanf\u00e4llen. Nach 2 Wochen bis 3 Monaten verbessern sich Herz-Kreislauf und Lungenfunktion. Nach 1 Jahr sinkt das erh\u00f6hte Risiko einer koronaren Herzkrankheit auf die H\u00e4lfte des Risikos eines Rauchers. 15 Jahre nach dem Rauchstopp ist das Risiko einer koronaren Herzkrankheit das eines lebenslangen Nichtrauchers.<\/p><p>\u00a0<\/p><p>Tun Sie Ihrem Herz etwas Gutes und werden Sie rauchfrei!<\/p><p>\u00a0<\/p><p>N\u00fctzen Sie die Gelegenheit und besuchen Sie das Rauchfrei Telefon am <a href=\"https:\/\/www.herztag.at\/\" target=\"_blank\" rel=\"noopener\">Infostand im Wiener Rathaus <\/a>oder melden Sie sich telefonisch bei uns unter 0800 810 013.<\/p><p>\u00a0<\/p><p><strong><u>Link:<\/u><\/strong> <a href=\"https:\/\/www.herztag.at\/\" target=\"_blank\" rel=\"noopener\">Herztag im Wien Rathaus<\/a><\/p>","_et_gb_content_width":"","footnotes":""},"categories":[235],"tags":[],"class_list":["post-9577","post","type-post","status-publish","format-standard","hentry","category-gesundheit-und-rauchstopp"],"yoast_head":"<!-- This site is optimized with the Yoast SEO plugin v26.2 - https:\/\/yoast.com\/wordpress\/plugins\/seo\/ -->\n<title>Rauchfrei f\u00fcr Ihr Herz - Rauchfrei Telefon<\/title>\n<meta name=\"robots\" content=\"index, follow, max-snippet:-1, max-image-preview:large, max-video-preview:-1\" \/>\n<link rel=\"canonical\" href=\"https:\/\/rauchfrei.at\/rauchfrei-fuer-ihr-herz\/\" \/>\n<meta property=\"og:locale\" content=\"en_US\" \/>\n<meta property=\"og:type\" content=\"article\" \/>\n<meta property=\"og:title\" content=\"Rauchfrei f\u00fcr Ihr Herz - Rauchfrei Telefon\" \/>\n<meta property=\"og:description\" content=\"Anl\u00e4sslich des Weltherztages, wird am 28.9.2017 im Wiener Rathaus ein informativer Publikumstag stattfinden. Auch ein Infostand des Rauchfrei Telefons ist vor Ort.\" \/>\n<meta property=\"og:url\" content=\"https:\/\/rauchfrei.at\/rauchfrei-fuer-ihr-herz\/\" \/>\n<meta property=\"og:site_name\" content=\"Rauchfrei Telefon\" \/>\n<meta property=\"article:published_time\" content=\"2017-09-25T08:00:47+00:00\" \/>\n<meta property=\"article:modified_time\" content=\"2021-02-17T11:53:21+00:00\" \/>\n<meta property=\"og:image\" content=\"https:\/\/rauchfrei.at\/wp-content\/uploads\/shutterstock_298731920-225x149.jpg\" \/>\n<meta name=\"author\" content=\"Andrea B\u00fcttner\" \/>\n<meta name=\"twitter:card\" content=\"summary_large_image\" \/>\n<meta name=\"twitter:label1\" content=\"Written by\" \/>\n\t<meta name=\"twitter:data1\" content=\"Andrea B\u00fcttner\" \/>\n\t<meta name=\"twitter:label2\" content=\"Est. reading time\" \/>\n\t<meta name=\"twitter:data2\" content=\"2 minutes\" \/>\n<script type=\"application\/ld+json\" class=\"yoast-schema-graph\">{\"@context\":\"https:\/\/schema.org\",\"@graph\":[{\"@type\":\"WebPage\",\"@id\":\"https:\/\/rauchfrei.at\/rauchfrei-fuer-ihr-herz\/\",\"url\":\"https:\/\/rauchfrei.at\/rauchfrei-fuer-ihr-herz\/\",\"name\":\"Rauchfrei f\u00fcr Ihr Herz - Rauchfrei Telefon\",\"isPartOf\":{\"@id\":\"https:\/\/rauchfrei.at\/#website\"},\"primaryImageOfPage\":{\"@id\":\"https:\/\/rauchfrei.at\/rauchfrei-fuer-ihr-herz\/#primaryimage\"},\"image\":{\"@id\":\"https:\/\/rauchfrei.at\/rauchfrei-fuer-ihr-herz\/#primaryimage\"},\"thumbnailUrl\":\"https:\/\/rauchfrei.at\/wp-content\/uploads\/shutterstock_298731920-225x149.jpg\",\"datePublished\":\"2017-09-25T08:00:47+00:00\",\"dateModified\":\"2021-02-17T11:53:21+00:00\",\"author\":{\"@id\":\"https:\/\/rauchfrei.at\/#\/schema\/person\/7993cb8bdf02ba65fd4ec8ec38b2dbbf\"},\"inLanguage\":\"en-US\",\"potentialAction\":[{\"@type\":\"ReadAction\",\"target\":[\"https:\/\/rauchfrei.at\/rauchfrei-fuer-ihr-herz\/\"]}]},{\"@type\":\"ImageObject\",\"inLanguage\":\"en-US\",\"@id\":\"https:\/\/rauchfrei.at\/rauchfrei-fuer-ihr-herz\/#primaryimage\",\"url\":\"https:\/\/rauchfrei.at\/wp-content\/uploads\/shutterstock_298731920-225x149.jpg\",\"contentUrl\":\"https:\/\/rauchfrei.at\/wp-content\/uploads\/shutterstock_298731920-225x149.jpg\"},{\"@type\":\"WebSite\",\"@id\":\"https:\/\/rauchfrei.at\/#website\",\"url\":\"https:\/\/rauchfrei.at\/\",\"name\":\"Rauchfrei Telefon\",\"description\":\"Eine \u00f6sterreichweite Initiative der Sozialversicherungen.\",\"potentialAction\":[{\"@type\":\"SearchAction\",\"target\":{\"@type\":\"EntryPoint\",\"urlTemplate\":\"https:\/\/rauchfrei.at\/?s={search_term_string}\"},\"query-input\":{\"@type\":\"PropertyValueSpecification\",\"valueRequired\":true,\"valueName\":\"search_term_string\"}}],\"inLanguage\":\"en-US\"},{\"@type\":\"Person\",\"@id\":\"https:\/\/rauchfrei.at\/#\/schema\/person\/7993cb8bdf02ba65fd4ec8ec38b2dbbf\",\"name\":\"Andrea B\u00fcttner\",\"image\":{\"@type\":\"ImageObject\",\"inLanguage\":\"en-US\",\"@id\":\"https:\/\/rauchfrei.at\/#\/schema\/person\/image\/\",\"url\":\"https:\/\/secure.gravatar.com\/avatar\/0f26ab1de0c83f37b101366a1244bf5de74c6d9c0641811dc6f7fc551dad1c7f?s=96&d=mm&r=g\",\"contentUrl\":\"https:\/\/secure.gravatar.com\/avatar\/0f26ab1de0c83f37b101366a1244bf5de74c6d9c0641811dc6f7fc551dad1c7f?s=96&d=mm&r=g\",\"caption\":\"Andrea B\u00fcttner\"},\"url\":\"https:\/\/rauchfrei.at\/en\/author\/buettner\/\"}]}<\/script>\n<!-- \/ Yoast SEO plugin. -->","yoast_head_json":{"title":"Rauchfrei f\u00fcr Ihr Herz - Rauchfrei Telefon","robots":{"index":"index","follow":"follow","max-snippet":"max-snippet:-1","max-image-preview":"max-image-preview:large","max-video-preview":"max-video-preview:-1"},"canonical":"https:\/\/rauchfrei.at\/rauchfrei-fuer-ihr-herz\/","og_locale":"en_US","og_type":"article","og_title":"Rauchfrei f\u00fcr Ihr Herz - Rauchfrei Telefon","og_description":"Anl\u00e4sslich des Weltherztages, wird am 28.9.2017 im Wiener Rathaus ein informativer Publikumstag stattfinden. Auch ein Infostand des Rauchfrei Telefons ist vor Ort.","og_url":"https:\/\/rauchfrei.at\/rauchfrei-fuer-ihr-herz\/","og_site_name":"Rauchfrei Telefon","article_published_time":"2017-09-25T08:00:47+00:00","article_modified_time":"2021-02-17T11:53:21+00:00","og_image":[{"url":"https:\/\/rauchfrei.at\/wp-content\/uploads\/shutterstock_298731920-225x149.jpg","type":"","width":"","height":""}],"author":"Andrea B\u00fcttner","twitter_card":"summary_large_image","twitter_misc":{"Written by":"Andrea B\u00fcttner","Est. reading time":"2 minutes"},"schema":{"@context":"https:\/\/schema.org","@graph":[{"@type":"WebPage","@id":"https:\/\/rauchfrei.at\/rauchfrei-fuer-ihr-herz\/","url":"https:\/\/rauchfrei.at\/rauchfrei-fuer-ihr-herz\/","name":"Rauchfrei f\u00fcr Ihr Herz - Rauchfrei Telefon","isPartOf":{"@id":"https:\/\/rauchfrei.at\/#website"},"primaryImageOfPage":{"@id":"https:\/\/rauchfrei.at\/rauchfrei-fuer-ihr-herz\/#primaryimage"},"image":{"@id":"https:\/\/rauchfrei.at\/rauchfrei-fuer-ihr-herz\/#primaryimage"},"thumbnailUrl":"https:\/\/rauchfrei.at\/wp-content\/uploads\/shutterstock_298731920-225x149.jpg","datePublished":"2017-09-25T08:00:47+00:00","dateModified":"2021-02-17T11:53:21+00:00","author":{"@id":"https:\/\/rauchfrei.at\/#\/schema\/person\/7993cb8bdf02ba65fd4ec8ec38b2dbbf"},"inLanguage":"en-US","potentialAction":[{"@type":"ReadAction","target":["https:\/\/rauchfrei.at\/rauchfrei-fuer-ihr-herz\/"]}]},{"@type":"ImageObject","inLanguage":"en-US","@id":"https:\/\/rauchfrei.at\/rauchfrei-fuer-ihr-herz\/#primaryimage","url":"https:\/\/rauchfrei.at\/wp-content\/uploads\/shutterstock_298731920-225x149.jpg","contentUrl":"https:\/\/rauchfrei.at\/wp-content\/uploads\/shutterstock_298731920-225x149.jpg"},{"@type":"WebSite","@id":"https:\/\/rauchfrei.at\/#website","url":"https:\/\/rauchfrei.at\/","name":"Rauchfrei Telefon","description":"Eine \u00f6sterreichweite Initiative der Sozialversicherungen.","potentialAction":[{"@type":"SearchAction","target":{"@type":"EntryPoint","urlTemplate":"https:\/\/rauchfrei.at\/?s={search_term_string}"},"query-input":{"@type":"PropertyValueSpecification","valueRequired":true,"valueName":"search_term_string"}}],"inLanguage":"en-US"},{"@type":"Person","@id":"https:\/\/rauchfrei.at\/#\/schema\/person\/7993cb8bdf02ba65fd4ec8ec38b2dbbf","name":"Andrea B\u00fcttner","image":{"@type":"ImageObject","inLanguage":"en-US","@id":"https:\/\/rauchfrei.at\/#\/schema\/person\/image\/","url":"https:\/\/secure.gravatar.com\/avatar\/0f26ab1de0c83f37b101366a1244bf5de74c6d9c0641811dc6f7fc551dad1c7f?s=96&d=mm&r=g","contentUrl":"https:\/\/secure.gravatar.com\/avatar\/0f26ab1de0c83f37b101366a1244bf5de74c6d9c0641811dc6f7fc551dad1c7f?s=96&d=mm&r=g","caption":"Andrea B\u00fcttner"},"url":"https:\/\/rauchfrei.at\/en\/author\/buettner\/"}]}},"_links":{"self":[{"href":"https:\/\/rauchfrei.at\/en\/wp-json\/wp\/v2\/posts\/9577","targetHints":{"allow":["GET"]}}],"collection":[{"href":"https:\/\/rauchfrei.at\/en\/wp-json\/wp\/v2\/posts"}],"about":[{"href":"https:\/\/rauchfrei.at\/en\/wp-json\/wp\/v2\/types\/post"}],"author":[{"embeddable":true,"href":"https:\/\/rauchfrei.at\/en\/wp-json\/wp\/v2\/users\/11"}],"replies":[{"embeddable":true,"href":"https:\/\/rauchfrei.at\/en\/wp-json\/wp\/v2\/comments?post=9577"}],"version-history":[{"count":5,"href":"https:\/\/rauchfrei.at\/en\/wp-json\/wp\/v2\/posts\/9577\/revisions"}],"predecessor-version":[{"id":20187,"href":"https:\/\/rauchfrei.at\/en\/wp-json\/wp\/v2\/posts\/9577\/revisions\/20187"}],"wp:attachment":[{"href":"https:\/\/rauchfrei.at\/en\/wp-json\/wp\/v2\/media?parent=9577"}],"wp:term":[{"taxonomy":"category","embeddable":true,"href":"https:\/\/rauchfrei.at\/en\/wp-json\/wp\/v2\/categories?post=9577"},{"taxonomy":"post_tag","embeddable":true,"href":"https:\/\/rauchfrei.at\/en\/wp-json\/wp\/v2\/tags?post=9577"}],"curies":[{"name":"wp","href":"https:\/\/api.w.org\/{rel}","templated":true}]}}