
{"id":9589,"date":"2017-10-02T10:00:57","date_gmt":"2017-10-02T08:00:57","guid":{"rendered":"http:\/\/rauchfrei.at\/?p=9589"},"modified":"2019-04-26T17:22:18","modified_gmt":"2019-04-26T15:22:18","slug":"wieder-mehr-vom-leben-haben","status":"publish","type":"post","link":"https:\/\/rauchfrei.at\/en\/wieder-mehr-vom-leben-haben\/","title":{"rendered":"Rauchfrei mehr vom Leben haben"},"content":{"rendered":"<p>[et_pb_section fb_built=&#8221;1&#8243; module_class=&#8221;header&#8221; _builder_version=&#8221;3.0.99&#8243;][et_pb_row _builder_version=&#8221;3.0.99&#8243;][et_pb_column type=&#8221;4_4&#8243; _builder_version=&#8221;3.0.47&#8243;][et_pb_dp_dmb_module_10001 _builder_version=&#8221;3.21.1&#8243;][\/et_pb_dp_dmb_module_10001][\/et_pb_column][\/et_pb_row][\/et_pb_section][et_pb_section fb_built=&#8221;1&#8243; _builder_version=&#8221;3.0.47&#8243;][et_pb_row _builder_version=&#8221;3.0.48&#8243; background_size=&#8221;initial&#8221; background_position=&#8221;top_left&#8221; background_repeat=&#8221;repeat&#8221;][et_pb_column type=&#8221;2_3&#8243; _builder_version=&#8221;3.0.47&#8243;][et_pb_text _builder_version=&#8221;3.0.74&#8243; background_size=&#8221;initial&#8221; background_position=&#8221;top_left&#8221; background_repeat=&#8221;repeat&#8221;]<\/p>\n<p><span style=\"font-size: 15px;\">Unter dem Motto \u201eDie einen leben ihr Leben &#8211; die anderen gehen eine rauchen\u201c setzt sich die Frauenzeitschrift \u201eMISS\u201c mit dem Thema Rauchstopp auseinander. Wir begr\u00fc\u00dfen die Kampagne und w\u00fcnschen allen Teilnehmerinnen viel Erfolg. Gerne stehen wir zur Beratung zur Verf\u00fcgung.<\/span><\/p>\n<p>Im Jahr 2013 haben wir gemeinsam mit dem Hauptverband der Sozialversicherungstr\u00e4ger die Kampagne \u201eJulia rauchfrei\u201c ins Leben gerufen.<\/p>\n<p>Anlass daf\u00fcr war damals, dass viele junge Frauen rauchen und dass bei ihnen der Wunsch nach dem Rauchstopp gering ausgepr\u00e4gt ist.<\/p>\n<p>Laut Statistik hat sich seither der Trend zum Gl\u00fcck etwas in die andere Richtung bewegt. Dennoch werden laut Sch\u00e4tzung der WHO, sollen im Jahr 2020 eine Million Frauen an raucherspezifischen Erkrankungen sterben.<\/p>\n<p>Gemeinsam aufzuh\u00f6ren ist einfacher. Deshalb will Miss motivieren gemeinsam rauchfrei durchzustarten.<\/p>\n<p>Unterst\u00fctzt auch Julia beim Aufh\u00f6ren:<\/p>\n<p><iframe loading=\"lazy\" width=\"1080\" height=\"810\" src=\"https:\/\/www.youtube.com\/embed\/K8UMgPrciKE?feature=oembed\" frameborder=\"0\" allow=\"accelerometer; autoplay; encrypted-media; gyroscope; picture-in-picture\" allowfullscreen><\/iframe><\/p>\n<p>&nbsp;<\/p>\n<p><strong><u>Link:<\/u><\/strong><\/p>\n<p><strong><u><a href=\"http:\/\/www.juliarauchfrei.at\/\">http:\/\/www.juliarauchfrei.at\/<\/a><\/u><\/strong><\/p>\n<p><strong><a href=\"http:\/\/www.miss.at\/home\/lifestyle\/gesundheit\/5280636\/wtfLISA_Hoere-jetzt-mit-dem-Rauchen-auf\" target=\"_blank\" rel=\"noopener noreferrer\">MISS.at &#8220;H\u00f6r jetzt mit dem Rauchen auf&#8221;<\/a><\/strong><\/p>\n<p>[\/et_pb_text][et_pb_video db_limit_youtube_related_videos_to_same_channel=&#8221;on&#8221; src=&#8221;https:\/\/www.youtube.com\/watch?v=K8UMgPrciKE&#8221; _builder_version=&#8221;3.21.1&#8243;][\/et_pb_video][\/et_pb_column][et_pb_column type=&#8221;1_3&#8243; _builder_version=&#8221;3.0.47&#8243;][et_pb_sidebar area=&#8221;sidebar-1&#8243; _builder_version=&#8221;3.15&#8243;][\/et_pb_sidebar][\/et_pb_column][\/et_pb_row][\/et_pb_section]<\/p>\n","protected":false},"excerpt":{"rendered":"<p>Durch den Rauchstopp gewinnt man nicht nur f\u00fcr seine Gesundheit langfristig an Lebenszeit, sondern auch viel Zeit, die im Alltag sinnvoll genutzt werden kann. <\/p>\n","protected":false},"author":11,"featured_media":0,"comment_status":"open","ping_status":"open","sticky":false,"template":"","format":"standard","meta":{"_et_pb_use_builder":"on","_et_pb_old_content":"<p>\u00a0<\/p><p>Unter dem Motto \u201eDie einen leben ihr Leben - die anderen gehen eine rauchen\u201c setzt sich die Frauenzeitschrift \u201eMISS\u201c mit dem Thema Rauchstopp auseinander. Wir begr\u00fc\u00dfen die Kampagne und w\u00fcnschen allen Teilnehmerinnen viel Erfolg. Gerne stehen wir zur Beratung zur Verf\u00fcgung.<\/p><p>\u00a0<\/p><p>Im Jahr 2013 haben wir gemeinsam mit dem Hauptverband der Sozialversicherungstr\u00e4ger die Kampagne \u201eJulia rauchfrei\u201c ins Leben gerufen.<\/p><p>\u00a0<\/p><p>Anlass daf\u00fcr war damals, dass viele junge Frauen rauchen und dass bei ihnen der Wunsch nach dem Rauchstopp gering ausgepr\u00e4gt ist.<\/p><p>\u00a0<\/p><p>Laut Statistik hat sich seither der Trend zum Gl\u00fcck etwas in die andere Richtung bewegt. Dennoch werden laut Sch\u00e4tzung der WHO, sollen im Jahr 2020 eine Million Frauen an raucherspezifischen Erkrankungen sterben.<\/p><p>\u00a0<\/p><p>Gemeinsam aufzuh\u00f6ren ist einfacher. Deshalb will Miss motivieren gemeinsam rauchfrei durchzustarten.<\/p><p>\u00a0<\/p><p>Unterst\u00fctzt auch Julia beim Aufh\u00f6ren:<\/p><p>\u00a0<\/p><p>https:\/\/www.youtube.com\/watch?v=K8UMgPrciKE<\/p><p>\u00a0<\/p><p><strong><u>Link:<\/u><\/strong><\/p><p><strong><u><a href=\"http:\/\/www.juliarauchfrei.at\/\"><strong>http:\/\/www.juliarauchfrei.at\/<\/strong><\/a><\/u><\/strong><\/p><p><a href=\"http:\/\/www.miss.at\/home\/lifestyle\/gesundheit\/5280636\/wtfLISA_Hoere-jetzt-mit-dem-Rauchen-auf\" target=\"_blank\" rel=\"noopener\">MISS.at \"H\u00f6r jetzt mit dem Rauchen auf\"<\/a><\/p>","_et_gb_content_width":"","footnotes":""},"categories":[232],"tags":[],"class_list":["post-9589","post","type-post","status-publish","format-standard","hentry","category-nachrichten-vom-rauchfrei-telefon"],"yoast_head":"<!-- This site is optimized with the Yoast SEO plugin v26.2 - https:\/\/yoast.com\/wordpress\/plugins\/seo\/ -->\n<title>Rauchfrei mehr vom Leben haben - Rauchfrei Telefon<\/title>\n<meta name=\"robots\" content=\"index, follow, max-snippet:-1, max-image-preview:large, max-video-preview:-1\" \/>\n<link rel=\"canonical\" href=\"https:\/\/rauchfrei.at\/wieder-mehr-vom-leben-haben\/\" \/>\n<meta property=\"og:locale\" content=\"en_US\" \/>\n<meta property=\"og:type\" content=\"article\" \/>\n<meta property=\"og:title\" content=\"Rauchfrei mehr vom Leben haben - Rauchfrei Telefon\" \/>\n<meta property=\"og:description\" content=\"Durch den Rauchstopp gewinnt man nicht nur f\u00fcr seine Gesundheit langfristig an Lebenszeit, sondern auch viel Zeit, die im Alltag sinnvoll genutzt werden kann.\" \/>\n<meta property=\"og:url\" content=\"https:\/\/rauchfrei.at\/wieder-mehr-vom-leben-haben\/\" \/>\n<meta property=\"og:site_name\" content=\"Rauchfrei Telefon\" \/>\n<meta property=\"article:published_time\" content=\"2017-10-02T08:00:57+00:00\" \/>\n<meta property=\"article:modified_time\" content=\"2019-04-26T15:22:18+00:00\" \/>\n<meta name=\"author\" content=\"Andrea B\u00fcttner\" \/>\n<meta name=\"twitter:card\" content=\"summary_large_image\" \/>\n<meta name=\"twitter:label1\" content=\"Written by\" \/>\n\t<meta name=\"twitter:data1\" content=\"Andrea B\u00fcttner\" \/>\n\t<meta name=\"twitter:label2\" content=\"Est. reading time\" \/>\n\t<meta name=\"twitter:data2\" content=\"2 minutes\" \/>\n<script type=\"application\/ld+json\" class=\"yoast-schema-graph\">{\"@context\":\"https:\/\/schema.org\",\"@graph\":[{\"@type\":\"WebPage\",\"@id\":\"https:\/\/rauchfrei.at\/wieder-mehr-vom-leben-haben\/\",\"url\":\"https:\/\/rauchfrei.at\/wieder-mehr-vom-leben-haben\/\",\"name\":\"Rauchfrei mehr vom Leben haben - Rauchfrei Telefon\",\"isPartOf\":{\"@id\":\"https:\/\/rauchfrei.at\/#website\"},\"datePublished\":\"2017-10-02T08:00:57+00:00\",\"dateModified\":\"2019-04-26T15:22:18+00:00\",\"author\":{\"@id\":\"https:\/\/rauchfrei.at\/#\/schema\/person\/7993cb8bdf02ba65fd4ec8ec38b2dbbf\"},\"inLanguage\":\"en-US\",\"potentialAction\":[{\"@type\":\"ReadAction\",\"target\":[\"https:\/\/rauchfrei.at\/wieder-mehr-vom-leben-haben\/\"]}]},{\"@type\":\"WebSite\",\"@id\":\"https:\/\/rauchfrei.at\/#website\",\"url\":\"https:\/\/rauchfrei.at\/\",\"name\":\"Rauchfrei Telefon\",\"description\":\"Eine \u00f6sterreichweite Initiative der Sozialversicherungen.\",\"potentialAction\":[{\"@type\":\"SearchAction\",\"target\":{\"@type\":\"EntryPoint\",\"urlTemplate\":\"https:\/\/rauchfrei.at\/?s={search_term_string}\"},\"query-input\":{\"@type\":\"PropertyValueSpecification\",\"valueRequired\":true,\"valueName\":\"search_term_string\"}}],\"inLanguage\":\"en-US\"},{\"@type\":\"Person\",\"@id\":\"https:\/\/rauchfrei.at\/#\/schema\/person\/7993cb8bdf02ba65fd4ec8ec38b2dbbf\",\"name\":\"Andrea B\u00fcttner\",\"image\":{\"@type\":\"ImageObject\",\"inLanguage\":\"en-US\",\"@id\":\"https:\/\/rauchfrei.at\/#\/schema\/person\/image\/\",\"url\":\"https:\/\/secure.gravatar.com\/avatar\/0f26ab1de0c83f37b101366a1244bf5de74c6d9c0641811dc6f7fc551dad1c7f?s=96&d=mm&r=g\",\"contentUrl\":\"https:\/\/secure.gravatar.com\/avatar\/0f26ab1de0c83f37b101366a1244bf5de74c6d9c0641811dc6f7fc551dad1c7f?s=96&d=mm&r=g\",\"caption\":\"Andrea B\u00fcttner\"},\"url\":\"https:\/\/rauchfrei.at\/en\/author\/buettner\/\"}]}<\/script>\n<!-- \/ Yoast SEO plugin. -->","yoast_head_json":{"title":"Rauchfrei mehr vom Leben haben - Rauchfrei Telefon","robots":{"index":"index","follow":"follow","max-snippet":"max-snippet:-1","max-image-preview":"max-image-preview:large","max-video-preview":"max-video-preview:-1"},"canonical":"https:\/\/rauchfrei.at\/wieder-mehr-vom-leben-haben\/","og_locale":"en_US","og_type":"article","og_title":"Rauchfrei mehr vom Leben haben - Rauchfrei Telefon","og_description":"Durch den Rauchstopp gewinnt man nicht nur f\u00fcr seine Gesundheit langfristig an Lebenszeit, sondern auch viel Zeit, die im Alltag sinnvoll genutzt werden kann.","og_url":"https:\/\/rauchfrei.at\/wieder-mehr-vom-leben-haben\/","og_site_name":"Rauchfrei Telefon","article_published_time":"2017-10-02T08:00:57+00:00","article_modified_time":"2019-04-26T15:22:18+00:00","author":"Andrea B\u00fcttner","twitter_card":"summary_large_image","twitter_misc":{"Written by":"Andrea B\u00fcttner","Est. reading time":"2 minutes"},"schema":{"@context":"https:\/\/schema.org","@graph":[{"@type":"WebPage","@id":"https:\/\/rauchfrei.at\/wieder-mehr-vom-leben-haben\/","url":"https:\/\/rauchfrei.at\/wieder-mehr-vom-leben-haben\/","name":"Rauchfrei mehr vom Leben haben - Rauchfrei Telefon","isPartOf":{"@id":"https:\/\/rauchfrei.at\/#website"},"datePublished":"2017-10-02T08:00:57+00:00","dateModified":"2019-04-26T15:22:18+00:00","author":{"@id":"https:\/\/rauchfrei.at\/#\/schema\/person\/7993cb8bdf02ba65fd4ec8ec38b2dbbf"},"inLanguage":"en-US","potentialAction":[{"@type":"ReadAction","target":["https:\/\/rauchfrei.at\/wieder-mehr-vom-leben-haben\/"]}]},{"@type":"WebSite","@id":"https:\/\/rauchfrei.at\/#website","url":"https:\/\/rauchfrei.at\/","name":"Rauchfrei Telefon","description":"Eine \u00f6sterreichweite Initiative der Sozialversicherungen.","potentialAction":[{"@type":"SearchAction","target":{"@type":"EntryPoint","urlTemplate":"https:\/\/rauchfrei.at\/?s={search_term_string}"},"query-input":{"@type":"PropertyValueSpecification","valueRequired":true,"valueName":"search_term_string"}}],"inLanguage":"en-US"},{"@type":"Person","@id":"https:\/\/rauchfrei.at\/#\/schema\/person\/7993cb8bdf02ba65fd4ec8ec38b2dbbf","name":"Andrea B\u00fcttner","image":{"@type":"ImageObject","inLanguage":"en-US","@id":"https:\/\/rauchfrei.at\/#\/schema\/person\/image\/","url":"https:\/\/secure.gravatar.com\/avatar\/0f26ab1de0c83f37b101366a1244bf5de74c6d9c0641811dc6f7fc551dad1c7f?s=96&d=mm&r=g","contentUrl":"https:\/\/secure.gravatar.com\/avatar\/0f26ab1de0c83f37b101366a1244bf5de74c6d9c0641811dc6f7fc551dad1c7f?s=96&d=mm&r=g","caption":"Andrea B\u00fcttner"},"url":"https:\/\/rauchfrei.at\/en\/author\/buettner\/"}]}},"_links":{"self":[{"href":"https:\/\/rauchfrei.at\/en\/wp-json\/wp\/v2\/posts\/9589","targetHints":{"allow":["GET"]}}],"collection":[{"href":"https:\/\/rauchfrei.at\/en\/wp-json\/wp\/v2\/posts"}],"about":[{"href":"https:\/\/rauchfrei.at\/en\/wp-json\/wp\/v2\/types\/post"}],"author":[{"embeddable":true,"href":"https:\/\/rauchfrei.at\/en\/wp-json\/wp\/v2\/users\/11"}],"replies":[{"embeddable":true,"href":"https:\/\/rauchfrei.at\/en\/wp-json\/wp\/v2\/comments?post=9589"}],"version-history":[{"count":5,"href":"https:\/\/rauchfrei.at\/en\/wp-json\/wp\/v2\/posts\/9589\/revisions"}],"predecessor-version":[{"id":16078,"href":"https:\/\/rauchfrei.at\/en\/wp-json\/wp\/v2\/posts\/9589\/revisions\/16078"}],"wp:attachment":[{"href":"https:\/\/rauchfrei.at\/en\/wp-json\/wp\/v2\/media?parent=9589"}],"wp:term":[{"taxonomy":"category","embeddable":true,"href":"https:\/\/rauchfrei.at\/en\/wp-json\/wp\/v2\/categories?post=9589"},{"taxonomy":"post_tag","embeddable":true,"href":"https:\/\/rauchfrei.at\/en\/wp-json\/wp\/v2\/tags?post=9589"}],"curies":[{"name":"wp","href":"https:\/\/api.w.org\/{rel}","templated":true}]}}