
{"id":9663,"date":"2017-10-30T10:00:42","date_gmt":"2017-10-30T08:00:42","guid":{"rendered":"http:\/\/rauchfrei.at\/?p=9663"},"modified":"2019-04-26T17:12:21","modified_gmt":"2019-04-26T15:12:21","slug":"auszeit-fuer-ihr-baby","status":"publish","type":"post","link":"https:\/\/rauchfrei.at\/en\/auszeit-fuer-ihr-baby\/","title":{"rendered":"Eine Auszeit f\u00fcr Ihr Baby"},"content":{"rendered":"<p>[et_pb_section fb_built=&#8221;1&#8243; module_class=&#8221;header&#8221; _builder_version=&#8221;3.0.99&#8243;][et_pb_row _builder_version=&#8221;3.0.99&#8243;][et_pb_column type=&#8221;4_4&#8243; _builder_version=&#8221;3.0.47&#8243;][et_pb_dp_dmb_module_10001 _builder_version=&#8221;3.21.1&#8243;][\/et_pb_dp_dmb_module_10001][\/et_pb_column][\/et_pb_row][\/et_pb_section][et_pb_section fb_built=&#8221;1&#8243; _builder_version=&#8221;3.0.47&#8243;][et_pb_row _builder_version=&#8221;3.0.48&#8243; background_size=&#8221;initial&#8221; background_position=&#8221;top_left&#8221; background_repeat=&#8221;repeat&#8221;][et_pb_column type=&#8221;2_3&#8243; _builder_version=&#8221;3.0.47&#8243;][et_pb_text _builder_version=&#8221;3.0.74&#8243; background_size=&#8221;initial&#8221; background_position=&#8221;top_left&#8221; background_repeat=&#8221;repeat&#8221;]<\/p>\n<p><span style=\"font-size: 15px;\">Das Wiener Programm f\u00fcr Frauengesundheit hat die Brosch\u00fcre mit dem Titel &#8220;Eine Auszeit f\u00fcr Ihr Baby &#8211; Informationen zu Rauchen und Alkohol in der Schwangerschaft&#8221; herausgegeben und die Nutzung auch anderen Bundesl\u00e4ndern erm\u00f6glicht.<\/span><\/p>\n<p>Schwangerschaft und Geburt bedeuten f\u00fcr viele Frauen eine gro\u00dfe Umstellung. Insbesondere der Verzicht auf Alkohol und Zigaretten stellt f\u00fcr einen Teil eine gro\u00dfe Herausforderung dar. Sch\u00e4tzungen gehen davon aus, dass jede f\u00fcnfte Schwangere raucht und\/oder gelegentlich Alkohol trinkt. Beides kann f\u00fcr die Entwicklung des heranwachsenden Kindes schwerwiegende Folgen haben. Auch bestehen seitens der Gesundheitsberufe Hemmnisse, diese\u00a0 Risikoverhalten klar anzusprechen. Das kann unter anderem auf mangelndes Informationsmaterial und fehlende Handlungsempfehlungen zum Umgang mit dem Thema zur\u00fcckgef\u00fchrt werden.<\/p>\n<p>Die N\u00d6GKK, der Gesundheitslandesrat von N\u00d6 und das Rauchfrei Telefon informieren mit der vorliegenden Brosch\u00fcre \u00fcber Fakten und Risiken zum Thema Alkohol und Rauchen in der Schwangerschaft. Diese enthalten neben wichtiger Informationen auch Beratungsstellen, die bei Fragen, Sorgen und \u00c4ngsten Hilfe bieten.<\/p>\n<blockquote>\n<p>Schwangeren Frauen und ihren Partnern soll damit Unterst\u00fctzung angeboten werden.<span style=\"font-size: 15px; font-family: 'Fedra Sans Alt Book';\">\u00a0<\/span><\/p>\n<\/blockquote>\n<p>Die Brosch\u00fcre als Download finden Sie hier:<\/p>\n<p><a href=\"https:\/\/rauchfrei.at\/wp-content\/uploads\/N\u00d6GKK-Auszeit-Brosch\u00fcre-fWeb4.pdf\" target=\"_blank\" rel=\"noopener noreferrer\">Auszeit f\u00fcr Ihr Baby <\/a>(Infobrosch\u00fcre)<br \/> <a href=\"https:\/\/rauchfrei.at\/wp-content\/uploads\/N\u00d6GKK-Auszeit-Plakat-fWeb.pdf\" target=\"_blank\" rel=\"noopener noreferrer\">Auszeit f\u00fcr Ihr Baby<\/a> (Poster)<\/p>\n<p>Bestellung von Postern und Brosch\u00fcren beim Amt der N\u00d6 Landesregierung, Abteilung Gesundheitswesen unter 02742 9005-129 06 bzw. unter der E-Mail-Adresse <a href=\"mailto:post.gs1@noel.gv.at\">post.gs1@noel.gv.at<\/a>.<\/p>\n<p>[\/et_pb_text][\/et_pb_column][et_pb_column type=&#8221;1_3&#8243; _builder_version=&#8221;3.0.47&#8243;][et_pb_sidebar area=&#8221;sidebar-1&#8243; _builder_version=&#8221;3.15&#8243;][\/et_pb_sidebar][\/et_pb_column][\/et_pb_row][\/et_pb_section]<\/p>\n","protected":false},"excerpt":{"rendered":"<p>&#8220;Kann bereits ein Glas Wein der Entwicklung meines Babys schaden?&#8221;, \u201eSchadet ein pl\u00f6tzlicher Rauchstopp?\u201c  oder &#8220;Wie sch\u00e4dlich ist Passivrauchen wirklich?&#8221; sind Fragen, die gerade in der Schwangerschaft und Stillzeit f\u00fcr Unsicherheit sorgen. Eine neue Brosch\u00fcre, die dem Mutter-Kind Pass beigelegt wird, gibt Antworten und kl\u00e4rt \u00fcber Mythen auf.<\/p>\n","protected":false},"author":11,"featured_media":0,"comment_status":"open","ping_status":"open","sticky":false,"template":"","format":"standard","meta":{"_et_pb_use_builder":"on","_et_pb_old_content":"<p>\u00a0<\/p><p>Das Wiener Programm f\u00fcr Frauengesundheit hat die Brosch\u00fcre mit dem Titel \"Eine Auszeit f\u00fcr Ihr Baby - Informationen zu Rauchen und Alkohol in der Schwangerschaft\" herausgegeben und die Nutzung auch anderen Bundesl\u00e4ndern erm\u00f6glicht.<\/p><p>\u00a0<\/p><p>Schwangerschaft und Geburt bedeuten f\u00fcr viele Frauen eine gro\u00dfe Umstellung. Insbesondere der Verzicht auf Alkohol und Zigaretten stellt f\u00fcr einen Teil eine gro\u00dfe Herausforderung dar. Sch\u00e4tzungen gehen davon aus, dass jede f\u00fcnfte Schwangere raucht und\/oder gelegentlich Alkohol trinkt. Beides kann f\u00fcr die Entwicklung des heranwachsenden Kindes schwerwiegende Folgen haben. Auch bestehen seitens der Gesundheitsberufe Hemmnisse, diese\u00a0 Risikoverhalten klar anzusprechen. Das kann unter anderem auf mangelndes Informationsmaterial und fehlende Handlungsempfehlungen zum Umgang mit dem Thema zur\u00fcckgef\u00fchrt werden.<\/p><p>\u00a0<\/p><p>Die N\u00d6GKK, der Gesundheitslandesrat von N\u00d6 und das Rauchfrei Telefon informieren mit der vorliegenden Brosch\u00fcre \u00fcber Fakten und Risiken zum Thema Alkohol und Rauchen in der Schwangerschaft. Diese enthalten neben wichtiger Informationen auch Beratungsstellen, die bei Fragen, Sorgen und \u00c4ngsten Hilfe bieten.<\/p><p>\u00a0<\/p><p>Schwangeren Frauen und ihren Partnern soll damit Unterst\u00fctzung angeboten werden.<\/p><p>\u00a0<\/p><p>Die Brosch\u00fcre als Download finden Sie hier:<\/p><p><a href=\"https:\/\/rauchfrei.at\/wp-content\/uploads\/N\u00d6GKK-Auszeit-Brosch\u00fcre-fWeb4.pdf\" target=\"_blank\" rel=\"noopener\">Auszeit f\u00fcr Ihr Baby <\/a>(Infobrosch\u00fcre)<br \/><a href=\"https:\/\/rauchfrei.at\/wp-content\/uploads\/N\u00d6GKK-Auszeit-Plakat-fWeb.pdf\" target=\"_blank\" rel=\"noopener\">Auszeit f\u00fcr Ihr Baby<\/a> (Poster)<\/p><p>\u00a0<\/p><p>Bestellung von Postern und Brosch\u00fcren beim Amt der N\u00d6 Landesregierung, Abteilung Gesundheitswesen unter 02742 9005-129 06 bzw. unter der E-Mail-Adresse <a href=\"mailto:post.gs1@noel.gv.at\">post.gs1@noel.gv.at<\/a>.<\/p><p>\u00a0<\/p>","_et_gb_content_width":"","footnotes":""},"categories":[235,232],"tags":[],"class_list":["post-9663","post","type-post","status-publish","format-standard","hentry","category-gesundheit-und-rauchstopp","category-nachrichten-vom-rauchfrei-telefon"],"yoast_head":"<!-- This site is optimized with the Yoast SEO plugin v26.2 - https:\/\/yoast.com\/wordpress\/plugins\/seo\/ -->\n<title>Eine Auszeit f\u00fcr Ihr Baby - Rauchfrei Telefon<\/title>\n<meta name=\"robots\" content=\"index, follow, max-snippet:-1, max-image-preview:large, max-video-preview:-1\" \/>\n<link rel=\"canonical\" href=\"https:\/\/rauchfrei.at\/auszeit-fuer-ihr-baby\/\" \/>\n<meta property=\"og:locale\" content=\"en_US\" \/>\n<meta property=\"og:type\" content=\"article\" \/>\n<meta property=\"og:title\" content=\"Eine Auszeit f\u00fcr Ihr Baby - Rauchfrei Telefon\" \/>\n<meta property=\"og:description\" content=\"&quot;Kann bereits ein Glas Wein der Entwicklung meines Babys schaden?&quot;, \u201eSchadet ein pl\u00f6tzlicher Rauchstopp?\u201c oder &quot;Wie sch\u00e4dlich ist Passivrauchen wirklich?&quot; sind Fragen, die gerade in der Schwangerschaft und Stillzeit f\u00fcr Unsicherheit sorgen. Eine neue Brosch\u00fcre, die dem Mutter-Kind Pass beigelegt wird, gibt Antworten und kl\u00e4rt \u00fcber Mythen auf.\" \/>\n<meta property=\"og:url\" content=\"https:\/\/rauchfrei.at\/auszeit-fuer-ihr-baby\/\" \/>\n<meta property=\"og:site_name\" content=\"Rauchfrei Telefon\" \/>\n<meta property=\"article:published_time\" content=\"2017-10-30T08:00:42+00:00\" \/>\n<meta property=\"article:modified_time\" content=\"2019-04-26T15:12:21+00:00\" \/>\n<meta name=\"author\" content=\"Andrea B\u00fcttner\" \/>\n<meta name=\"twitter:card\" content=\"summary_large_image\" \/>\n<meta name=\"twitter:label1\" content=\"Written by\" \/>\n\t<meta name=\"twitter:data1\" content=\"Andrea B\u00fcttner\" \/>\n\t<meta name=\"twitter:label2\" content=\"Est. reading time\" \/>\n\t<meta name=\"twitter:data2\" content=\"2 minutes\" \/>\n<script type=\"application\/ld+json\" class=\"yoast-schema-graph\">{\"@context\":\"https:\/\/schema.org\",\"@graph\":[{\"@type\":\"WebPage\",\"@id\":\"https:\/\/rauchfrei.at\/auszeit-fuer-ihr-baby\/\",\"url\":\"https:\/\/rauchfrei.at\/auszeit-fuer-ihr-baby\/\",\"name\":\"Eine Auszeit f\u00fcr Ihr Baby - Rauchfrei Telefon\",\"isPartOf\":{\"@id\":\"https:\/\/rauchfrei.at\/#website\"},\"datePublished\":\"2017-10-30T08:00:42+00:00\",\"dateModified\":\"2019-04-26T15:12:21+00:00\",\"author\":{\"@id\":\"https:\/\/rauchfrei.at\/#\/schema\/person\/7993cb8bdf02ba65fd4ec8ec38b2dbbf\"},\"inLanguage\":\"en-US\",\"potentialAction\":[{\"@type\":\"ReadAction\",\"target\":[\"https:\/\/rauchfrei.at\/auszeit-fuer-ihr-baby\/\"]}]},{\"@type\":\"WebSite\",\"@id\":\"https:\/\/rauchfrei.at\/#website\",\"url\":\"https:\/\/rauchfrei.at\/\",\"name\":\"Rauchfrei Telefon\",\"description\":\"Eine \u00f6sterreichweite Initiative der Sozialversicherungen.\",\"potentialAction\":[{\"@type\":\"SearchAction\",\"target\":{\"@type\":\"EntryPoint\",\"urlTemplate\":\"https:\/\/rauchfrei.at\/?s={search_term_string}\"},\"query-input\":{\"@type\":\"PropertyValueSpecification\",\"valueRequired\":true,\"valueName\":\"search_term_string\"}}],\"inLanguage\":\"en-US\"},{\"@type\":\"Person\",\"@id\":\"https:\/\/rauchfrei.at\/#\/schema\/person\/7993cb8bdf02ba65fd4ec8ec38b2dbbf\",\"name\":\"Andrea B\u00fcttner\",\"image\":{\"@type\":\"ImageObject\",\"inLanguage\":\"en-US\",\"@id\":\"https:\/\/rauchfrei.at\/#\/schema\/person\/image\/\",\"url\":\"https:\/\/secure.gravatar.com\/avatar\/0f26ab1de0c83f37b101366a1244bf5de74c6d9c0641811dc6f7fc551dad1c7f?s=96&d=mm&r=g\",\"contentUrl\":\"https:\/\/secure.gravatar.com\/avatar\/0f26ab1de0c83f37b101366a1244bf5de74c6d9c0641811dc6f7fc551dad1c7f?s=96&d=mm&r=g\",\"caption\":\"Andrea B\u00fcttner\"},\"url\":\"https:\/\/rauchfrei.at\/en\/author\/buettner\/\"}]}<\/script>\n<!-- \/ Yoast SEO plugin. -->","yoast_head_json":{"title":"Eine Auszeit f\u00fcr Ihr Baby - Rauchfrei Telefon","robots":{"index":"index","follow":"follow","max-snippet":"max-snippet:-1","max-image-preview":"max-image-preview:large","max-video-preview":"max-video-preview:-1"},"canonical":"https:\/\/rauchfrei.at\/auszeit-fuer-ihr-baby\/","og_locale":"en_US","og_type":"article","og_title":"Eine Auszeit f\u00fcr Ihr Baby - Rauchfrei Telefon","og_description":"\"Kann bereits ein Glas Wein der Entwicklung meines Babys schaden?\", \u201eSchadet ein pl\u00f6tzlicher Rauchstopp?\u201c oder \"Wie sch\u00e4dlich ist Passivrauchen wirklich?\" sind Fragen, die gerade in der Schwangerschaft und Stillzeit f\u00fcr Unsicherheit sorgen. Eine neue Brosch\u00fcre, die dem Mutter-Kind Pass beigelegt wird, gibt Antworten und kl\u00e4rt \u00fcber Mythen auf.","og_url":"https:\/\/rauchfrei.at\/auszeit-fuer-ihr-baby\/","og_site_name":"Rauchfrei Telefon","article_published_time":"2017-10-30T08:00:42+00:00","article_modified_time":"2019-04-26T15:12:21+00:00","author":"Andrea B\u00fcttner","twitter_card":"summary_large_image","twitter_misc":{"Written by":"Andrea B\u00fcttner","Est. reading time":"2 minutes"},"schema":{"@context":"https:\/\/schema.org","@graph":[{"@type":"WebPage","@id":"https:\/\/rauchfrei.at\/auszeit-fuer-ihr-baby\/","url":"https:\/\/rauchfrei.at\/auszeit-fuer-ihr-baby\/","name":"Eine Auszeit f\u00fcr Ihr Baby - Rauchfrei Telefon","isPartOf":{"@id":"https:\/\/rauchfrei.at\/#website"},"datePublished":"2017-10-30T08:00:42+00:00","dateModified":"2019-04-26T15:12:21+00:00","author":{"@id":"https:\/\/rauchfrei.at\/#\/schema\/person\/7993cb8bdf02ba65fd4ec8ec38b2dbbf"},"inLanguage":"en-US","potentialAction":[{"@type":"ReadAction","target":["https:\/\/rauchfrei.at\/auszeit-fuer-ihr-baby\/"]}]},{"@type":"WebSite","@id":"https:\/\/rauchfrei.at\/#website","url":"https:\/\/rauchfrei.at\/","name":"Rauchfrei Telefon","description":"Eine \u00f6sterreichweite Initiative der Sozialversicherungen.","potentialAction":[{"@type":"SearchAction","target":{"@type":"EntryPoint","urlTemplate":"https:\/\/rauchfrei.at\/?s={search_term_string}"},"query-input":{"@type":"PropertyValueSpecification","valueRequired":true,"valueName":"search_term_string"}}],"inLanguage":"en-US"},{"@type":"Person","@id":"https:\/\/rauchfrei.at\/#\/schema\/person\/7993cb8bdf02ba65fd4ec8ec38b2dbbf","name":"Andrea B\u00fcttner","image":{"@type":"ImageObject","inLanguage":"en-US","@id":"https:\/\/rauchfrei.at\/#\/schema\/person\/image\/","url":"https:\/\/secure.gravatar.com\/avatar\/0f26ab1de0c83f37b101366a1244bf5de74c6d9c0641811dc6f7fc551dad1c7f?s=96&d=mm&r=g","contentUrl":"https:\/\/secure.gravatar.com\/avatar\/0f26ab1de0c83f37b101366a1244bf5de74c6d9c0641811dc6f7fc551dad1c7f?s=96&d=mm&r=g","caption":"Andrea B\u00fcttner"},"url":"https:\/\/rauchfrei.at\/en\/author\/buettner\/"}]}},"_links":{"self":[{"href":"https:\/\/rauchfrei.at\/en\/wp-json\/wp\/v2\/posts\/9663","targetHints":{"allow":["GET"]}}],"collection":[{"href":"https:\/\/rauchfrei.at\/en\/wp-json\/wp\/v2\/posts"}],"about":[{"href":"https:\/\/rauchfrei.at\/en\/wp-json\/wp\/v2\/types\/post"}],"author":[{"embeddable":true,"href":"https:\/\/rauchfrei.at\/en\/wp-json\/wp\/v2\/users\/11"}],"replies":[{"embeddable":true,"href":"https:\/\/rauchfrei.at\/en\/wp-json\/wp\/v2\/comments?post=9663"}],"version-history":[{"count":5,"href":"https:\/\/rauchfrei.at\/en\/wp-json\/wp\/v2\/posts\/9663\/revisions"}],"predecessor-version":[{"id":16066,"href":"https:\/\/rauchfrei.at\/en\/wp-json\/wp\/v2\/posts\/9663\/revisions\/16066"}],"wp:attachment":[{"href":"https:\/\/rauchfrei.at\/en\/wp-json\/wp\/v2\/media?parent=9663"}],"wp:term":[{"taxonomy":"category","embeddable":true,"href":"https:\/\/rauchfrei.at\/en\/wp-json\/wp\/v2\/categories?post=9663"},{"taxonomy":"post_tag","embeddable":true,"href":"https:\/\/rauchfrei.at\/en\/wp-json\/wp\/v2\/tags?post=9663"}],"curies":[{"name":"wp","href":"https:\/\/api.w.org\/{rel}","templated":true}]}}