
{"id":9693,"date":"2017-11-20T10:10:10","date_gmt":"2017-11-20T08:10:10","guid":{"rendered":"http:\/\/rauchfrei.at\/?p=9693"},"modified":"2021-11-17T16:19:05","modified_gmt":"2021-11-17T14:19:05","slug":"ist-raucherhusten-copd","status":"publish","type":"post","link":"https:\/\/rauchfrei.at\/en\/ist-raucherhusten-copd\/","title":{"rendered":"Ist Raucherhusten COPD?"},"content":{"rendered":"<p>[et_pb_section fb_built=&#8221;1&#8243; module_class=&#8221;header&#8221; _builder_version=&#8221;3.22&#8243; global_colors_info=&#8221;{}&#8221;][et_pb_row _builder_version=&#8221;3.25&#8243; global_colors_info=&#8221;{}&#8221;][et_pb_column type=&#8221;4_4&#8243; _builder_version=&#8221;3.25&#8243; custom_padding=&#8221;|||&#8221; global_colors_info=&#8221;{}&#8221; custom_padding__hover=&#8221;|||&#8221;][et_pb_dp_dmb_module_10001 _builder_version=&#8221;4.1&#8243; z_index_tablet=&#8221;500&#8243; global_colors_info=&#8221;{}&#8221;][\/et_pb_dp_dmb_module_10001][\/et_pb_column][\/et_pb_row][\/et_pb_section][et_pb_section fb_built=&#8221;1&#8243; _builder_version=&#8221;3.22&#8243; global_colors_info=&#8221;{}&#8221;][et_pb_row column_structure=&#8221;2_3,1_3&#8243; _builder_version=&#8221;3.25&#8243; background_size=&#8221;initial&#8221; background_position=&#8221;top_left&#8221; background_repeat=&#8221;repeat&#8221; global_colors_info=&#8221;{}&#8221;][et_pb_column type=&#8221;2_3&#8243; _builder_version=&#8221;3.25&#8243; custom_padding=&#8221;|||&#8221; global_colors_info=&#8221;{}&#8221; custom_padding__hover=&#8221;|||&#8221;][et_pb_text _builder_version=&#8221;4.13.1&#8243; background_size=&#8221;initial&#8221; background_position=&#8221;top_left&#8221; background_repeat=&#8221;repeat&#8221; hover_enabled=&#8221;0&#8243; global_colors_info=&#8221;{}&#8221; sticky_enabled=&#8221;0&#8243;]<\/p>\n<p><span style=\"font-size: 15px;\">Husten ist nie normal. Dennoch werden leichter Husten und selten auftretende Atemnot \u00a0oft nicht beachtet. Vor allem Raucher\/innen glauben, dass Husten und Husten mit Auswurf \u201enormal\u201c ist und tun es als \u201eRaucherhusten\u201c ab.<\/span><\/p>\n<blockquote>\n<p>Sie stellen allerdings ernst zu nehmende Signale einer m\u00f6glichen Erkrankung dar.<\/p>\n<\/blockquote>\n<p>COPD ist eine Lungenerkrankung, die enorme gesundheitliche Auswirkungen mit sich bringt: sie gilt weltweit als vierth\u00e4ufigste Todesursache. In \u00d6sterreich sind rund 25\u00a0% aller \u00fcber 40ig-j\u00e4hrigen von COPD betroffen. Davon haben ca. 85\u00a0% geraucht oder rauchen nach wie vor.<\/p>\n<p>COPD ist nicht heilbar, die Sch\u00e4den an der Lunge und den Atemwegen sind nicht r\u00fcckg\u00e4ngig zu machen. COPD ist h\u00e4ufig eine Folge von Zigarettenkonsum. Der Rauchstopp ist daher die wichtigste Ma\u00dfnahme dagegen!<\/p>\n<h2>Sie k\u00f6nnten von COPD betroffen sein?<\/h2>\n<p>Machen Sie einen Termin bei der lungenfach\u00e4rztlichen Praxis Ihres Vertrauens und lassen Sie sich untersuchen. Je fr\u00fcher diese Lungenerkrankung erkannt wird, desto besser f\u00fcr die Lebensqualit\u00e4t!<\/p>\n<h2>COPD \u2013 Was ist das?<\/h2>\n<p>Bestellen Sie kostenlos <a href=\"https:\/\/rauchfrei.at\/broschueren-downloads\/bestellung\/\" target=\"_blank\" rel=\"noopener noreferrer\">hier<\/a>\u00a0unseren<a href=\"https:\/\/rauchfrei.at\/rf2105_copd_folder_web_v2\/\"> Folder<\/a> mit Informationen zu Entstehung, Ursachen und Verlauf von COPD.<\/p>\n<p>Noch mehr Informationen finden Sie online im Buch \u201e<a href=\"https:\/\/www.sozialversicherung.at\/cdscontent\/?contentid=10007.844506&amp;viewmode=content\" target=\"_blank\" rel=\"noopener noreferrer\">Husten \u2013<\/a><a href=\"https:\/\/www.sozialversicherung.at\/cdscontent\/?contentid=10007.844506&amp;portal=svportal\" target=\"_blank\" rel=\"noopener noreferrer\"> Atemnot<\/a><strong> \u2013<\/strong><a href=\"https:\/\/www.sozialversicherung.at\/cdscontent\/?contentid=10007.844506&amp;portal=svportal\" target=\"_blank\" rel=\"noopener noreferrer\"> COPD<\/a>\u201c herausgegeben vom Hauptverband der \u00f6sterreichischen Sozialversicherungstr\u00e4ger.<\/p>\n<p>Wenn Sie Fragen zu COPD haben oder \u00fcber eine Ver\u00e4nderung Ihres Rauchverhaltens nachdenken, freuen wir uns auf Ihren Anruf!<\/p>\n<p><strong>Folder<\/strong> <a href=\"https:\/\/rauchfrei.at\/rf2105_copd_folder_web_v2\/\"><strong>&#8220;Rauchen Sie? Husten Sie? COPD?\u201c\u00a0<\/strong><\/a><\/p>\n<p><strong>Buch:<a href=\"https:\/\/www.sozialversicherung.at\/cdscontent\/?contentid=10007.844506&amp;viewmode=content\" target=\"_blank\" rel=\"noopener noreferrer\"> \u201eHusten \u2013 Atemnot \u2013<\/a><\/strong><a href=\"https:\/\/www.sozialversicherung.at\/cdscontent\/?contentid=10007.844506&amp;portal=svportal\" target=\"_blank\" rel=\"noopener noreferrer\"> <strong>COPD\u201c<\/strong><\/a><\/p>\n<p>Mehr zum Thema:\u00a0<a href=\"http:\/\/mehr-luft.at\/\" target=\"_blank\" rel=\"noopener noreferrer\">Homepage zu COPD\u00a0<\/a><\/p>\n<p>[\/et_pb_text][\/et_pb_column][et_pb_column type=&#8221;1_3&#8243; _builder_version=&#8221;3.25&#8243; custom_padding=&#8221;|||&#8221; global_colors_info=&#8221;{}&#8221; custom_padding__hover=&#8221;|||&#8221;][et_pb_sidebar area=&#8221;sidebar-1&#8243; _builder_version=&#8221;3.15&#8243; global_colors_info=&#8221;{}&#8221;][\/et_pb_sidebar][\/et_pb_column][\/et_pb_row][\/et_pb_section]<\/p>\n","protected":false},"excerpt":{"rendered":"<p>Zum Welt-COPD-Tag m\u00f6chten wir helfen \u00fcber diese Lungenerkrankung aufzukl\u00e4ren. Viele wissen nicht, dass Sie diese chronisch fortschreitende Erkrankung haben. Nur eine von zehn Betroffenen war zur Abkl\u00e4rung in der Arztpraxis und bekommt eine entsprechende Therapie. Was ist COPD?<\/p>\n","protected":false},"author":11,"featured_media":0,"comment_status":"open","ping_status":"open","sticky":false,"template":"","format":"standard","meta":{"_et_pb_use_builder":"on","_et_pb_old_content":"<p>\u00a0<\/p><p>Husten ist nie normal. Dennoch werden leichter Husten und selten auftretende Atemnot \u00a0oft nicht beachtet. Vor allem Raucher\/innen glauben, dass Husten und Husten mit Auswurf \u201enormal\u201c ist und tun es als \u201eRaucherhusten\u201c ab.<\/p><p>\u00a0<\/p><p>Sie stellen allerdings ernst zu nehmende Signale einer m\u00f6glichen Erkrankung dar.<\/p><p>\u00a0<\/p><p>COPD ist eine Lungenerkrankung, die enorme gesundheitliche Auswirkungen mit sich bringt: sie gilt weltweit als vierth\u00e4ufigste Todesursache. In \u00d6sterreich sind rund 25\u00a0% aller \u00fcber 40ig-j\u00e4hrigen von COPD betroffen. Davon haben ca. 85\u00a0% geraucht oder rauchen nach wie vor.<\/p><p>\u00a0<\/p><p>COPD ist nicht heilbar, die Sch\u00e4den an der Lunge und den Atemwegen sind nicht r\u00fcckg\u00e4ngig zu machen. COPD ist h\u00e4ufig eine Folge von Zigarettenkonsum. Der Rauchstopp ist daher die wichtigste Ma\u00dfnahme dagegen!<\/p><p>\u00a0<\/p><p>Sie k\u00f6nnten von COPD betroffen sein?<\/p><p>Machen Sie einen Termin bei der lungenfach\u00e4rztlichen Praxis Ihres Vertrauens und lassen Sie sich untersuchen. Je fr\u00fcher diese Lungenerkrankung erkannt wird, desto besser f\u00fcr die Lebensqualit\u00e4t!<\/p><p>\u00a0<\/p><p>\u00a0<\/p><p>COPD \u2013 Was ist das?<\/p><p>\u00a0<\/p><p>Bestellen Sie kostenlos <a href=\"https:\/\/rauchfrei.at\/broschueren-downloads\/bestellung\/\" target=\"_blank\" rel=\"noopener\">hier<\/a>\u00a0unseren <a href=\"https:\/\/rauchfrei.at\/wp-content\/uploads\/2016_COPD_Folder.pdf\" target=\"_blank\" rel=\"noopener\">Folder <\/a>mit Informationen zu Entstehung, Ursachen und Verlauf von COPD.<\/p><p>\u00a0<\/p><p>Noch mehr Informationen finden Sie online im Buch \u201e<a href=\"http:\/\/www.hauptverband.at\/cdscontent\/load?contentid=10008.630661&version=1462877536\" target=\"_blank\" rel=\"noopener\">Husten \u2013<\/a><a href=\"http:\/\/www.hauptverband.at\/cdscontent\/load?contentid=10008.630661&version=1462877536\" target=\"_blank\" rel=\"noopener\"> Atemnot<\/a><strong><a href=\"http:\/\/www.hauptverband.at\/cdscontent\/load?contentid=10008.630661&version=1462877536\" target=\"_blank\" rel=\"noopener\"> \u2013<\/a><\/strong><a href=\"http:\/\/www.hauptverband.at\/cdscontent\/load?contentid=10008.630661&version=1462877536\" target=\"_blank\" rel=\"noopener\"> COPD<\/a>\u201c herausgegeben vom Hauptverband der \u00f6sterreichischen Sozialversicherungstr\u00e4ger.<\/p><p>\u00a0<\/p><p>Wenn Sie Fragen zu COPD haben oder \u00fcber eine Ver\u00e4nderung Ihres Rauchverhaltens nachdenken, freuen wir uns auf Ihren Anruf!<\/p><p>\u00a0<\/p><p><strong>Folder<\/strong> <strong><a href=\"https:\/\/rauchfrei.at\/wp-content\/uploads\/2016_COPD_Folder.pdf\" target=\"_blank\" rel=\"noopener\">\"Rauchen Sie? Husten Sie? COPD?\u201c<\/a>\u00a0<\/strong><\/p><p><strong>Buch:<a href=\"http:\/\/www.hauptverband.at\/cdscontent\/load?contentid=10008.630661&version=1462877536\" target=\"_blank\" rel=\"noopener\"> \u201eHusten \u2013 Atemnot \u2013<\/a><\/strong><a href=\"http:\/\/www.hauptverband.at\/cdscontent\/load?contentid=10008.630661&version=1462877536\" target=\"_blank\" rel=\"noopener\"> <strong>COPD\u201c<\/strong><\/a><\/p><p>Mehr zum Thema:\u00a0<a href=\"http:\/\/mehr-luft.at\/\" target=\"_blank\" rel=\"noopener\">Homepage zu COPD\u00a0<\/a><\/p>","_et_gb_content_width":"","footnotes":""},"categories":[235],"tags":[],"class_list":["post-9693","post","type-post","status-publish","format-standard","hentry","category-gesundheit-und-rauchstopp"],"yoast_head":"<!-- This site is optimized with the Yoast SEO plugin v26.2 - https:\/\/yoast.com\/wordpress\/plugins\/seo\/ -->\n<title>Ist Raucherhusten COPD? - Rauchfrei Telefon<\/title>\n<meta name=\"robots\" content=\"index, follow, max-snippet:-1, max-image-preview:large, max-video-preview:-1\" \/>\n<link rel=\"canonical\" href=\"https:\/\/rauchfrei.at\/ist-raucherhusten-copd\/\" \/>\n<meta property=\"og:locale\" content=\"en_US\" \/>\n<meta property=\"og:type\" content=\"article\" \/>\n<meta property=\"og:title\" content=\"Ist Raucherhusten COPD? - Rauchfrei Telefon\" \/>\n<meta property=\"og:description\" content=\"Zum Welt-COPD-Tag m\u00f6chten wir helfen \u00fcber diese Lungenerkrankung aufzukl\u00e4ren. Viele wissen nicht, dass Sie diese chronisch fortschreitende Erkrankung haben. Nur eine von zehn Betroffenen war zur Abkl\u00e4rung in der Arztpraxis und bekommt eine entsprechende Therapie. Was ist COPD?\" \/>\n<meta property=\"og:url\" content=\"https:\/\/rauchfrei.at\/ist-raucherhusten-copd\/\" \/>\n<meta property=\"og:site_name\" content=\"Rauchfrei Telefon\" \/>\n<meta property=\"article:published_time\" content=\"2017-11-20T08:10:10+00:00\" \/>\n<meta property=\"article:modified_time\" content=\"2021-11-17T14:19:05+00:00\" \/>\n<meta name=\"author\" content=\"Andrea B\u00fcttner\" \/>\n<meta name=\"twitter:card\" content=\"summary_large_image\" \/>\n<meta name=\"twitter:label1\" content=\"Written by\" \/>\n\t<meta name=\"twitter:data1\" content=\"Andrea B\u00fcttner\" \/>\n\t<meta name=\"twitter:label2\" content=\"Est. reading time\" \/>\n\t<meta name=\"twitter:data2\" content=\"2 minutes\" \/>\n<script type=\"application\/ld+json\" class=\"yoast-schema-graph\">{\"@context\":\"https:\/\/schema.org\",\"@graph\":[{\"@type\":\"WebPage\",\"@id\":\"https:\/\/rauchfrei.at\/ist-raucherhusten-copd\/\",\"url\":\"https:\/\/rauchfrei.at\/ist-raucherhusten-copd\/\",\"name\":\"Ist Raucherhusten COPD? - Rauchfrei Telefon\",\"isPartOf\":{\"@id\":\"https:\/\/rauchfrei.at\/#website\"},\"datePublished\":\"2017-11-20T08:10:10+00:00\",\"dateModified\":\"2021-11-17T14:19:05+00:00\",\"author\":{\"@id\":\"https:\/\/rauchfrei.at\/#\/schema\/person\/7993cb8bdf02ba65fd4ec8ec38b2dbbf\"},\"inLanguage\":\"en-US\",\"potentialAction\":[{\"@type\":\"ReadAction\",\"target\":[\"https:\/\/rauchfrei.at\/ist-raucherhusten-copd\/\"]}]},{\"@type\":\"WebSite\",\"@id\":\"https:\/\/rauchfrei.at\/#website\",\"url\":\"https:\/\/rauchfrei.at\/\",\"name\":\"Rauchfrei Telefon\",\"description\":\"Eine \u00f6sterreichweite Initiative der Sozialversicherungen.\",\"potentialAction\":[{\"@type\":\"SearchAction\",\"target\":{\"@type\":\"EntryPoint\",\"urlTemplate\":\"https:\/\/rauchfrei.at\/?s={search_term_string}\"},\"query-input\":{\"@type\":\"PropertyValueSpecification\",\"valueRequired\":true,\"valueName\":\"search_term_string\"}}],\"inLanguage\":\"en-US\"},{\"@type\":\"Person\",\"@id\":\"https:\/\/rauchfrei.at\/#\/schema\/person\/7993cb8bdf02ba65fd4ec8ec38b2dbbf\",\"name\":\"Andrea B\u00fcttner\",\"image\":{\"@type\":\"ImageObject\",\"inLanguage\":\"en-US\",\"@id\":\"https:\/\/rauchfrei.at\/#\/schema\/person\/image\/\",\"url\":\"https:\/\/secure.gravatar.com\/avatar\/0f26ab1de0c83f37b101366a1244bf5de74c6d9c0641811dc6f7fc551dad1c7f?s=96&d=mm&r=g\",\"contentUrl\":\"https:\/\/secure.gravatar.com\/avatar\/0f26ab1de0c83f37b101366a1244bf5de74c6d9c0641811dc6f7fc551dad1c7f?s=96&d=mm&r=g\",\"caption\":\"Andrea B\u00fcttner\"},\"url\":\"https:\/\/rauchfrei.at\/en\/author\/buettner\/\"}]}<\/script>\n<!-- \/ Yoast SEO plugin. -->","yoast_head_json":{"title":"Ist Raucherhusten COPD? - Rauchfrei Telefon","robots":{"index":"index","follow":"follow","max-snippet":"max-snippet:-1","max-image-preview":"max-image-preview:large","max-video-preview":"max-video-preview:-1"},"canonical":"https:\/\/rauchfrei.at\/ist-raucherhusten-copd\/","og_locale":"en_US","og_type":"article","og_title":"Ist Raucherhusten COPD? - Rauchfrei Telefon","og_description":"Zum Welt-COPD-Tag m\u00f6chten wir helfen \u00fcber diese Lungenerkrankung aufzukl\u00e4ren. Viele wissen nicht, dass Sie diese chronisch fortschreitende Erkrankung haben. Nur eine von zehn Betroffenen war zur Abkl\u00e4rung in der Arztpraxis und bekommt eine entsprechende Therapie. Was ist COPD?","og_url":"https:\/\/rauchfrei.at\/ist-raucherhusten-copd\/","og_site_name":"Rauchfrei Telefon","article_published_time":"2017-11-20T08:10:10+00:00","article_modified_time":"2021-11-17T14:19:05+00:00","author":"Andrea B\u00fcttner","twitter_card":"summary_large_image","twitter_misc":{"Written by":"Andrea B\u00fcttner","Est. reading time":"2 minutes"},"schema":{"@context":"https:\/\/schema.org","@graph":[{"@type":"WebPage","@id":"https:\/\/rauchfrei.at\/ist-raucherhusten-copd\/","url":"https:\/\/rauchfrei.at\/ist-raucherhusten-copd\/","name":"Ist Raucherhusten COPD? - Rauchfrei Telefon","isPartOf":{"@id":"https:\/\/rauchfrei.at\/#website"},"datePublished":"2017-11-20T08:10:10+00:00","dateModified":"2021-11-17T14:19:05+00:00","author":{"@id":"https:\/\/rauchfrei.at\/#\/schema\/person\/7993cb8bdf02ba65fd4ec8ec38b2dbbf"},"inLanguage":"en-US","potentialAction":[{"@type":"ReadAction","target":["https:\/\/rauchfrei.at\/ist-raucherhusten-copd\/"]}]},{"@type":"WebSite","@id":"https:\/\/rauchfrei.at\/#website","url":"https:\/\/rauchfrei.at\/","name":"Rauchfrei Telefon","description":"Eine \u00f6sterreichweite Initiative der Sozialversicherungen.","potentialAction":[{"@type":"SearchAction","target":{"@type":"EntryPoint","urlTemplate":"https:\/\/rauchfrei.at\/?s={search_term_string}"},"query-input":{"@type":"PropertyValueSpecification","valueRequired":true,"valueName":"search_term_string"}}],"inLanguage":"en-US"},{"@type":"Person","@id":"https:\/\/rauchfrei.at\/#\/schema\/person\/7993cb8bdf02ba65fd4ec8ec38b2dbbf","name":"Andrea B\u00fcttner","image":{"@type":"ImageObject","inLanguage":"en-US","@id":"https:\/\/rauchfrei.at\/#\/schema\/person\/image\/","url":"https:\/\/secure.gravatar.com\/avatar\/0f26ab1de0c83f37b101366a1244bf5de74c6d9c0641811dc6f7fc551dad1c7f?s=96&d=mm&r=g","contentUrl":"https:\/\/secure.gravatar.com\/avatar\/0f26ab1de0c83f37b101366a1244bf5de74c6d9c0641811dc6f7fc551dad1c7f?s=96&d=mm&r=g","caption":"Andrea B\u00fcttner"},"url":"https:\/\/rauchfrei.at\/en\/author\/buettner\/"}]}},"_links":{"self":[{"href":"https:\/\/rauchfrei.at\/en\/wp-json\/wp\/v2\/posts\/9693","targetHints":{"allow":["GET"]}}],"collection":[{"href":"https:\/\/rauchfrei.at\/en\/wp-json\/wp\/v2\/posts"}],"about":[{"href":"https:\/\/rauchfrei.at\/en\/wp-json\/wp\/v2\/types\/post"}],"author":[{"embeddable":true,"href":"https:\/\/rauchfrei.at\/en\/wp-json\/wp\/v2\/users\/11"}],"replies":[{"embeddable":true,"href":"https:\/\/rauchfrei.at\/en\/wp-json\/wp\/v2\/comments?post=9693"}],"version-history":[{"count":7,"href":"https:\/\/rauchfrei.at\/en\/wp-json\/wp\/v2\/posts\/9693\/revisions"}],"predecessor-version":[{"id":22284,"href":"https:\/\/rauchfrei.at\/en\/wp-json\/wp\/v2\/posts\/9693\/revisions\/22284"}],"wp:attachment":[{"href":"https:\/\/rauchfrei.at\/en\/wp-json\/wp\/v2\/media?parent=9693"}],"wp:term":[{"taxonomy":"category","embeddable":true,"href":"https:\/\/rauchfrei.at\/en\/wp-json\/wp\/v2\/categories?post=9693"},{"taxonomy":"post_tag","embeddable":true,"href":"https:\/\/rauchfrei.at\/en\/wp-json\/wp\/v2\/tags?post=9693"}],"curies":[{"name":"wp","href":"https:\/\/api.w.org\/{rel}","templated":true}]}}