
{"id":9717,"date":"2017-11-13T10:00:39","date_gmt":"2017-11-13T08:00:39","guid":{"rendered":"http:\/\/rauchfrei.at\/?p=9717"},"modified":"2020-01-15T14:09:44","modified_gmt":"2020-01-15T12:09:44","slug":"zucker-und-rauch","status":"publish","type":"post","link":"https:\/\/rauchfrei.at\/en\/zucker-und-rauch\/","title":{"rendered":"Zucker und Rauch"},"content":{"rendered":"<p>[et_pb_section fb_built=&#8221;1&#8243; module_class=&#8221;header&#8221; _builder_version=&#8221;3.22&#8243;][et_pb_row _builder_version=&#8221;3.25&#8243;][et_pb_column type=&#8221;4_4&#8243; _builder_version=&#8221;3.25&#8243; custom_padding=&#8221;|||&#8221; custom_padding__hover=&#8221;|||&#8221;][et_pb_dp_dmb_module_10001 _builder_version=&#8221;3.21.1&#8243;][\/et_pb_dp_dmb_module_10001][\/et_pb_column][\/et_pb_row][\/et_pb_section][et_pb_section fb_built=&#8221;1&#8243; _builder_version=&#8221;3.22&#8243;][et_pb_row _builder_version=&#8221;3.25&#8243; background_size=&#8221;initial&#8221; background_position=&#8221;top_left&#8221; background_repeat=&#8221;repeat&#8221; column_structure=&#8221;2_3,1_3&#8243;][et_pb_column type=&#8221;2_3&#8243; _builder_version=&#8221;3.25&#8243; custom_padding=&#8221;|||&#8221; custom_padding__hover=&#8221;|||&#8221;][et_pb_text _builder_version=&#8221;4.1&#8243; background_size=&#8221;initial&#8221; background_position=&#8221;top_left&#8221; background_repeat=&#8221;repeat&#8221; hover_enabled=&#8221;0&#8243;]<\/p>\n<p>Die wichtigste Vorbeugung gegen die Zuckerkrankheit sind richtige Ern\u00e4hrung, ad\u00e4quate Bewegung und der Rauchstopp. Die h\u00e4ufigste Form der Zuckerkrankheit ist die sogenannte Typ-2 -Diabetes. Diese kommt h\u00e4ufig leider unbemerkt, ein Drittel der Betroffenen wissen gar nichts von Ihrer Erkrankung.<\/p>\n<p>Rauchen ist ein gro\u00dfer Risikofaktor f\u00fcr die Entwicklung dieser Typ-2-Diabetes. F\u00fcr Diabetiker\/innen stellt sowohl aktiv als auch passiv inhalierter Rauch ein gro\u00dfes Risiko dar, da auch die Folgesch\u00e4den durch das Rauchen steigen. Rauchen verschlimmert ebenso den Verlauf der Erkrankung.<\/p>\n<p>Die Gefahr von Passivrauch wird in diesem Zusammenhang nach wie vor untersch\u00e4tzt. Sogar Jugendliche, die Passivrauch ausgesetzt sind, entwickeln viermal so oft ein metabolisches Syndrom, welches wiederum als Vorstufe des Diabetes zu sehen ist.<\/p>\n<p>Diabetes f\u00fchrt zu einem erh\u00f6hten Risiko f\u00fcr Gef\u00e4\u00dferkrankungen, dieses wird durch Rauchen weiter verst\u00e4rkt. So haben rauchende Diabetiker\/innen h\u00e4ufiger gesch\u00e4digte Blutgef\u00e4\u00dfe als Nichtrauchende. Neben Herz-Kreislauf-Erkrankungen k\u00f6nnen auch Augensch\u00e4den und Nierenerkrankungen geh\u00e4uft auftreten.<\/p>\n<h2>Sie sind Diabetiker\/in und rauchen?<\/h2>\n<p>Der Rauchstopp ist die kosteng\u00fcnstigste und effektivste Behandlung f\u00fcr Sie! Gerne unterst\u00fctzen wir Sie auf Ihrem Weg in ein rauchfreies Leben!<\/p>\n<blockquote>\n<p>Rufen Sie uns heute noch an und vereinbaren Sie einen Termin f\u00fcr ein Beratungsgespr\u00e4ch.<\/p>\n<\/blockquote>\n<p>Der Hauptverband der \u00f6sterreichischen Sozialversicherungstr\u00e4ger stellt online das Buch \u201e<a href=\"https:\/\/www.sozialversicherung.at\/cdscontent\/?contentid=10007.844508&amp;viewmode=content\" target=\"_blank\" rel=\"noopener noreferrer\">Zeitbombe Zuckerkrankheit<\/a>\u201c zur Verf\u00fcgung, dieses bietet viele Informationen zur Vorbeugung und Behandlung sowie zum Leben mit Diabetes im Alltag.<\/p>\n<p><strong><u>Link:<\/u><\/strong><\/p>\n<p>Buch: <a href=\"https:\/\/www.sozialversicherung.at\/cdscontent\/?contentid=10007.844508&amp;viewmode=content\" target=\"_blank\" rel=\"noopener noreferrer\">&#8220;Zeitbombe Zuckerkrankheit&#8221;<\/a><\/p>\n<p>[\/et_pb_text][\/et_pb_column][et_pb_column type=&#8221;1_3&#8243; _builder_version=&#8221;3.25&#8243; custom_padding=&#8221;|||&#8221; custom_padding__hover=&#8221;|||&#8221;][et_pb_sidebar area=&#8221;sidebar-1&#8243; _builder_version=&#8221;3.15&#8243;][\/et_pb_sidebar][\/et_pb_column][\/et_pb_row][\/et_pb_section]<\/p>\n","protected":false},"excerpt":{"rendered":"<p>Am 14.11. ist Weltdiabetestag. Raucherinnen und Raucher haben ein st\u00e4rkeres Risiko an Diabetes zu erkranken. Auch Passivrauch hat einen negativen Einfluss auf den Verlauf der Erkrankung. <\/p>\n","protected":false},"author":11,"featured_media":0,"comment_status":"open","ping_status":"open","sticky":false,"template":"","format":"standard","meta":{"_et_pb_use_builder":"on","_et_pb_old_content":"<p>Die wichtigste Vorbeugung gegen die Zuckerkrankheit sind richtige Ern\u00e4hrung, ad\u00e4quate Bewegung und der Rauchstopp. Die h\u00e4ufigste Form der Zuckerkrankheit ist die sogenannte Typ-2 -Diabetes. Diese kommt h\u00e4ufig leider unbemerkt, ein Drittel der Betroffenen wissen gar nichts von Ihrer Erkrankung.<\/p><p>\u00a0<\/p><p>Rauchen ist ein gro\u00dfer Risikofaktor f\u00fcr die Entwicklung dieser Typ-2-Diabetes. F\u00fcr Diabetiker\/innen stellt sowohl aktiv als auch passiv inhalierter Rauch ein gro\u00dfes Risiko dar, da auch die Folgesch\u00e4den durch das Rauchen steigen. Rauchen verschlimmert ebenso den Verlauf der Erkrankung.<\/p><p>\u00a0<\/p><p>Die Gefahr von Passivrauch wird in diesem Zusammenhang nach wie vor untersch\u00e4tzt. Sogar Jugendliche, die Passivrauch ausgesetzt sind, entwickeln viermal so oft ein metabolisches Syndrom, welches wiederum als Vorstufe des Diabetes zu sehen ist.<\/p><p>\u00a0<\/p><p>Diabetes f\u00fchrt zu einem erh\u00f6hten Risiko f\u00fcr Gef\u00e4\u00dferkrankungen, dieses wird durch Rauchen weiter verst\u00e4rkt. So haben rauchende Diabetiker\/innen h\u00e4ufiger gesch\u00e4digte Blutgef\u00e4\u00dfe als Nichtrauchende. Neben Herz-Kreislauf-Erkrankungen k\u00f6nnen auch Augensch\u00e4den und Nierenerkrankungen geh\u00e4uft auftreten.<\/p><p>\u00a0<\/p><p>Sie sind Diabetiker\/in und rauchen?<\/p><p>\u00a0<\/p><p>Der Rauchstopp ist die kosteng\u00fcnstigste und effektivste Behandlung f\u00fcr Sie! Gerne unterst\u00fctzen wir Sie auf Ihrem Weg in ein rauchfreies Leben!<\/p><p>\u00a0<\/p><p>Rufen Sie uns heute noch an und vereinbaren Sie einen Termin f\u00fcr ein Beratungsgespr\u00e4ch.<\/p><p>\u00a0<\/p><p>Der Hauptverband der \u00f6sterreichischen Sozialversicherungstr\u00e4ger stellt online das Buch \u201e<a href=\"http:\/\/www.hauptverband.at\/cdscontent\/load?contentid=10008.630660&version=1462877496\" target=\"_blank\" rel=\"noopener\">Zeitbombe Zuckerkrankheit<\/a>\u201c zur Verf\u00fcgung, dieses bietet viele Informationen zur Vorbeugung und Behandlung sowie zum Leben mit Diabetes im Alltag.<\/p><p>\u00a0<\/p><p><strong><u>Link:<\/u><\/strong><\/p><p>Buch: <a href=\"http:\/\/www.hauptverband.at\/cdscontent\/load?contentid=10008.630660&version=1462877496\" target=\"_blank\" rel=\"noopener\">\"Zeitbombe Zuckerkrankheit\"<\/a><\/p>","_et_gb_content_width":"","footnotes":""},"categories":[235],"tags":[],"class_list":["post-9717","post","type-post","status-publish","format-standard","hentry","category-gesundheit-und-rauchstopp"],"yoast_head":"<!-- This site is optimized with the Yoast SEO plugin v26.2 - https:\/\/yoast.com\/wordpress\/plugins\/seo\/ -->\n<title>Zucker und Rauch - Rauchfrei Telefon<\/title>\n<meta name=\"robots\" content=\"index, follow, max-snippet:-1, max-image-preview:large, max-video-preview:-1\" \/>\n<link rel=\"canonical\" href=\"https:\/\/rauchfrei.at\/zucker-und-rauch\/\" \/>\n<meta property=\"og:locale\" content=\"en_US\" \/>\n<meta property=\"og:type\" content=\"article\" \/>\n<meta property=\"og:title\" content=\"Zucker und Rauch - Rauchfrei Telefon\" \/>\n<meta property=\"og:description\" content=\"Am 14.11. ist Weltdiabetestag. Raucherinnen und Raucher haben ein st\u00e4rkeres Risiko an Diabetes zu erkranken. Auch Passivrauch hat einen negativen Einfluss auf den Verlauf der Erkrankung.\" \/>\n<meta property=\"og:url\" content=\"https:\/\/rauchfrei.at\/zucker-und-rauch\/\" \/>\n<meta property=\"og:site_name\" content=\"Rauchfrei Telefon\" \/>\n<meta property=\"article:published_time\" content=\"2017-11-13T08:00:39+00:00\" \/>\n<meta property=\"article:modified_time\" content=\"2020-01-15T12:09:44+00:00\" \/>\n<meta name=\"author\" content=\"Andrea B\u00fcttner\" \/>\n<meta name=\"twitter:card\" content=\"summary_large_image\" \/>\n<meta name=\"twitter:label1\" content=\"Written by\" \/>\n\t<meta name=\"twitter:data1\" content=\"Andrea B\u00fcttner\" \/>\n\t<meta name=\"twitter:label2\" content=\"Est. reading time\" \/>\n\t<meta name=\"twitter:data2\" content=\"2 minutes\" \/>\n<script type=\"application\/ld+json\" class=\"yoast-schema-graph\">{\"@context\":\"https:\/\/schema.org\",\"@graph\":[{\"@type\":\"WebPage\",\"@id\":\"https:\/\/rauchfrei.at\/zucker-und-rauch\/\",\"url\":\"https:\/\/rauchfrei.at\/zucker-und-rauch\/\",\"name\":\"Zucker und Rauch - Rauchfrei Telefon\",\"isPartOf\":{\"@id\":\"https:\/\/rauchfrei.at\/#website\"},\"datePublished\":\"2017-11-13T08:00:39+00:00\",\"dateModified\":\"2020-01-15T12:09:44+00:00\",\"author\":{\"@id\":\"https:\/\/rauchfrei.at\/#\/schema\/person\/7993cb8bdf02ba65fd4ec8ec38b2dbbf\"},\"inLanguage\":\"en-US\",\"potentialAction\":[{\"@type\":\"ReadAction\",\"target\":[\"https:\/\/rauchfrei.at\/zucker-und-rauch\/\"]}]},{\"@type\":\"WebSite\",\"@id\":\"https:\/\/rauchfrei.at\/#website\",\"url\":\"https:\/\/rauchfrei.at\/\",\"name\":\"Rauchfrei Telefon\",\"description\":\"Eine \u00f6sterreichweite Initiative der Sozialversicherungen.\",\"potentialAction\":[{\"@type\":\"SearchAction\",\"target\":{\"@type\":\"EntryPoint\",\"urlTemplate\":\"https:\/\/rauchfrei.at\/?s={search_term_string}\"},\"query-input\":{\"@type\":\"PropertyValueSpecification\",\"valueRequired\":true,\"valueName\":\"search_term_string\"}}],\"inLanguage\":\"en-US\"},{\"@type\":\"Person\",\"@id\":\"https:\/\/rauchfrei.at\/#\/schema\/person\/7993cb8bdf02ba65fd4ec8ec38b2dbbf\",\"name\":\"Andrea B\u00fcttner\",\"image\":{\"@type\":\"ImageObject\",\"inLanguage\":\"en-US\",\"@id\":\"https:\/\/rauchfrei.at\/#\/schema\/person\/image\/\",\"url\":\"https:\/\/secure.gravatar.com\/avatar\/0f26ab1de0c83f37b101366a1244bf5de74c6d9c0641811dc6f7fc551dad1c7f?s=96&d=mm&r=g\",\"contentUrl\":\"https:\/\/secure.gravatar.com\/avatar\/0f26ab1de0c83f37b101366a1244bf5de74c6d9c0641811dc6f7fc551dad1c7f?s=96&d=mm&r=g\",\"caption\":\"Andrea B\u00fcttner\"},\"url\":\"https:\/\/rauchfrei.at\/en\/author\/buettner\/\"}]}<\/script>\n<!-- \/ Yoast SEO plugin. -->","yoast_head_json":{"title":"Zucker und Rauch - Rauchfrei Telefon","robots":{"index":"index","follow":"follow","max-snippet":"max-snippet:-1","max-image-preview":"max-image-preview:large","max-video-preview":"max-video-preview:-1"},"canonical":"https:\/\/rauchfrei.at\/zucker-und-rauch\/","og_locale":"en_US","og_type":"article","og_title":"Zucker und Rauch - Rauchfrei Telefon","og_description":"Am 14.11. ist Weltdiabetestag. Raucherinnen und Raucher haben ein st\u00e4rkeres Risiko an Diabetes zu erkranken. Auch Passivrauch hat einen negativen Einfluss auf den Verlauf der Erkrankung.","og_url":"https:\/\/rauchfrei.at\/zucker-und-rauch\/","og_site_name":"Rauchfrei Telefon","article_published_time":"2017-11-13T08:00:39+00:00","article_modified_time":"2020-01-15T12:09:44+00:00","author":"Andrea B\u00fcttner","twitter_card":"summary_large_image","twitter_misc":{"Written by":"Andrea B\u00fcttner","Est. reading time":"2 minutes"},"schema":{"@context":"https:\/\/schema.org","@graph":[{"@type":"WebPage","@id":"https:\/\/rauchfrei.at\/zucker-und-rauch\/","url":"https:\/\/rauchfrei.at\/zucker-und-rauch\/","name":"Zucker und Rauch - Rauchfrei Telefon","isPartOf":{"@id":"https:\/\/rauchfrei.at\/#website"},"datePublished":"2017-11-13T08:00:39+00:00","dateModified":"2020-01-15T12:09:44+00:00","author":{"@id":"https:\/\/rauchfrei.at\/#\/schema\/person\/7993cb8bdf02ba65fd4ec8ec38b2dbbf"},"inLanguage":"en-US","potentialAction":[{"@type":"ReadAction","target":["https:\/\/rauchfrei.at\/zucker-und-rauch\/"]}]},{"@type":"WebSite","@id":"https:\/\/rauchfrei.at\/#website","url":"https:\/\/rauchfrei.at\/","name":"Rauchfrei Telefon","description":"Eine \u00f6sterreichweite Initiative der Sozialversicherungen.","potentialAction":[{"@type":"SearchAction","target":{"@type":"EntryPoint","urlTemplate":"https:\/\/rauchfrei.at\/?s={search_term_string}"},"query-input":{"@type":"PropertyValueSpecification","valueRequired":true,"valueName":"search_term_string"}}],"inLanguage":"en-US"},{"@type":"Person","@id":"https:\/\/rauchfrei.at\/#\/schema\/person\/7993cb8bdf02ba65fd4ec8ec38b2dbbf","name":"Andrea B\u00fcttner","image":{"@type":"ImageObject","inLanguage":"en-US","@id":"https:\/\/rauchfrei.at\/#\/schema\/person\/image\/","url":"https:\/\/secure.gravatar.com\/avatar\/0f26ab1de0c83f37b101366a1244bf5de74c6d9c0641811dc6f7fc551dad1c7f?s=96&d=mm&r=g","contentUrl":"https:\/\/secure.gravatar.com\/avatar\/0f26ab1de0c83f37b101366a1244bf5de74c6d9c0641811dc6f7fc551dad1c7f?s=96&d=mm&r=g","caption":"Andrea B\u00fcttner"},"url":"https:\/\/rauchfrei.at\/en\/author\/buettner\/"}]}},"_links":{"self":[{"href":"https:\/\/rauchfrei.at\/en\/wp-json\/wp\/v2\/posts\/9717","targetHints":{"allow":["GET"]}}],"collection":[{"href":"https:\/\/rauchfrei.at\/en\/wp-json\/wp\/v2\/posts"}],"about":[{"href":"https:\/\/rauchfrei.at\/en\/wp-json\/wp\/v2\/types\/post"}],"author":[{"embeddable":true,"href":"https:\/\/rauchfrei.at\/en\/wp-json\/wp\/v2\/users\/11"}],"replies":[{"embeddable":true,"href":"https:\/\/rauchfrei.at\/en\/wp-json\/wp\/v2\/comments?post=9717"}],"version-history":[{"count":5,"href":"https:\/\/rauchfrei.at\/en\/wp-json\/wp\/v2\/posts\/9717\/revisions"}],"predecessor-version":[{"id":17903,"href":"https:\/\/rauchfrei.at\/en\/wp-json\/wp\/v2\/posts\/9717\/revisions\/17903"}],"wp:attachment":[{"href":"https:\/\/rauchfrei.at\/en\/wp-json\/wp\/v2\/media?parent=9717"}],"wp:term":[{"taxonomy":"category","embeddable":true,"href":"https:\/\/rauchfrei.at\/en\/wp-json\/wp\/v2\/categories?post=9717"},{"taxonomy":"post_tag","embeddable":true,"href":"https:\/\/rauchfrei.at\/en\/wp-json\/wp\/v2\/tags?post=9717"}],"curies":[{"name":"wp","href":"https:\/\/api.w.org\/{rel}","templated":true}]}}