
{"id":9744,"date":"2017-12-04T10:00:18","date_gmt":"2017-12-04T08:00:18","guid":{"rendered":"http:\/\/rauchfrei.at\/?p=9744"},"modified":"2019-04-26T17:01:46","modified_gmt":"2019-04-26T15:01:46","slug":"die-deutsche-konferenz-fuer-tabakkontrolle-in-heidelberg","status":"publish","type":"post","link":"https:\/\/rauchfrei.at\/en\/die-deutsche-konferenz-fuer-tabakkontrolle-in-heidelberg\/","title":{"rendered":"Die Deutsche Konferenz f\u00fcr Tabakkontrolle in Heidelberg"},"content":{"rendered":"<p>[et_pb_section bb_built=&#8221;1&#8243; fullwidth=&#8221;off&#8221; specialty=&#8221;off&#8221; _builder_version=&#8221;3.0.99&#8243; module_class=&#8221;header&#8221; next_background_color=&#8221;#000000&#8243;][et_pb_row _builder_version=&#8221;3.0.99&#8243;][et_pb_column type=&#8221;4_4&#8243;][et_pb_dp_dmb_module_10001 _builder_version=&#8221;3.21.1&#8243; z_index_tablet=&#8221;500&#8243; \/][\/et_pb_column][\/et_pb_row][\/et_pb_section][et_pb_section bb_built=&#8221;1&#8243; prev_background_color=&#8221;#000000&#8243;][et_pb_row][et_pb_column type=&#8221;2_3&#8243;][et_pb_text]<\/p>\n<p>\n&nbsp;<\/p>\n<p>Die Deutschen Konferenzen f\u00fcr Tabakkontrolle werden j\u00e4hrlich vom WHO-Kollaborationszentrum f\u00fcr Tabakkontrolle in Zusammenarbeit mit dem\u00a0<a href=\"http:\/\/www.aktionsbuendnis-nichtrauchen.de\/\" target=\"_blank\" rel=\"noopener noreferrer\">Aktionsb\u00fcndnis Nichtrauchen\u00a0<\/a>im Deutschen Krebsforschungszentrum in Heidelberg veranstaltet.<\/p>\n<p>&nbsp;<\/p>\n<p>Sie dient dem Erfahrungsaustausch \u00fcber erfolgreiche Ma\u00dfnahmen zur Verminderung des Tabakkonsums, der F\u00f6rderung und Entwicklung zuk\u00fcnftiger Projekte und Konzepte und der Pr\u00e4sentation von Netzwerken und Koalitionen f\u00fcr rauchfreie Betriebe, Einrichtungen und Aktionskreise.\u00a0 Nationale und internationale Erfahrungen aus der Umsetzung der rauchfreien Gesetzgebung werden dargestellt und die Marketingstrategien der Tabakindustrie beleuchtet.<\/p>\n<p>&nbsp;<\/p>\n<p><img loading=\"lazy\" decoding=\"async\" class=\"alignnone size-medium wp-image-9750\" src=\"https:\/\/rauchfrei.at\/wp-content\/uploads\/Heidelberg-225x131.png\" alt=\"\" width=\"225\" height=\"131\" data-id=\"9750\" srcset=\"https:\/\/rauchfrei.at\/wp-content\/uploads\/Heidelberg-225x131.png 225w, https:\/\/rauchfrei.at\/wp-content\/uploads\/Heidelberg-480x278.png 480w, https:\/\/rauchfrei.at\/wp-content\/uploads\/Heidelberg.png 500w\" sizes=\"(max-width: 225px) 100vw, 225px\" \/><br \/>\nFoto: dkfz<\/p>\n<p>&nbsp;<\/p>\n<p>Link:<\/p>\n<p><a href=\"http:\/\/www.dkfz.de\/de\/tabakkontrolle\/Deutsche_Konferenzen_fuer_Tabakkontrolle.html\" target=\"_blank\" rel=\"noopener noreferrer\"> Deutschen Konferenzen f\u00fcr Tabakkontrolle<\/a><\/p>\n<p><a href=\"http:\/\/www.dkfz.de\/de\/a_krebspraevention-neu\/Downloads\/pdf\/Deutsche_Konferenz_fuer_Tabakkontrolle\/15_Deutsche_Konferenz_fuer_Tabakkontrolle\/Programm_15te-Konferenz-fuer-Tabakkontrolle_2017_Einzelseiten.pdf?m=1508760755\" target=\"_blank\" rel=\"noopener noreferrer\">Programmfolder 2017<\/a><\/p>\n<p>[\/et_pb_text][\/et_pb_column][et_pb_column type=&#8221;1_3&#8243;][et_pb_sidebar _builder_version=&#8221;3.15&#8243; area=&#8221;sidebar-1&#8243; \/][\/et_pb_column][\/et_pb_row][\/et_pb_section]<\/p>\n","protected":false},"excerpt":{"rendered":"<p>Zum 15. Mal findet heuer in Heidelberg die Deutsche Konferenz f\u00fcr Tabakkontrolle statt. Das Rauchfrei Telefon ist heuer zum 10. Mal dabei. Wir berichten dort \u00fcber den Einfluss der Europ\u00e4ischen Tabakprodukte Direktive (u.a. die Neugestaltung der Packungen) auf unsere Anruferzahlen.<\/p>\n","protected":false},"author":11,"featured_media":0,"comment_status":"open","ping_status":"open","sticky":false,"template":"","format":"standard","meta":{"_et_pb_use_builder":"on","_et_pb_old_content":"<p>\u00a0<\/p><p>Die Deutschen Konferenzen f\u00fcr Tabakkontrolle werden j\u00e4hrlich vom WHO-Kollaborationszentrum f\u00fcr Tabakkontrolle in Zusammenarbeit mit dem\u00a0<a href=\"http:\/\/www.aktionsbuendnis-nichtrauchen.de\/\" target=\"_blank\" rel=\"noopener\">Aktionsb\u00fcndnis Nichtrauchen\u00a0<\/a>im Deutschen Krebsforschungszentrum in Heidelberg veranstaltet.<\/p><p>\u00a0<\/p><p>Sie dient dem Erfahrungsaustausch \u00fcber erfolgreiche Ma\u00dfnahmen zur Verminderung des Tabakkonsums, der F\u00f6rderung und Entwicklung zuk\u00fcnftiger Projekte und Konzepte und der Pr\u00e4sentation von Netzwerken und Koalitionen f\u00fcr rauchfreie Betriebe, Einrichtungen und Aktionskreise.\u00a0 Nationale und internationale Erfahrungen aus der Umsetzung der rauchfreien Gesetzgebung werden dargestellt und die Marketingstrategien der Tabakindustrie beleuchtet.<\/p><p>\u00a0<\/p><p><img class=\"alignnone size-medium wp-image-9750\" src=\"https:\/\/rauchfrei.at\/wp-content\/uploads\/Heidelberg-225x131.png\" alt=\"\" width=\"225\" height=\"131\" data-id=\"9750\" \/><br \/>Foto: dkfz<\/p><p>\u00a0<\/p><p>Link:<\/p><p><a href=\"http:\/\/www.dkfz.de\/de\/tabakkontrolle\/Deutsche_Konferenzen_fuer_Tabakkontrolle.html\" target=\"_blank\" rel=\"noopener\"> Deutschen Konferenzen f\u00fcr Tabakkontrolle<\/a><\/p><p><a href=\"http:\/\/www.dkfz.de\/de\/a_krebspraevention-neu\/Downloads\/pdf\/Deutsche_Konferenz_fuer_Tabakkontrolle\/15_Deutsche_Konferenz_fuer_Tabakkontrolle\/Programm_15te-Konferenz-fuer-Tabakkontrolle_2017_Einzelseiten.pdf?m=1508760755\" target=\"_blank\" rel=\"noopener\">Programmfolder 2017<\/a><\/p>","_et_gb_content_width":"","footnotes":""},"categories":[236],"tags":[],"class_list":["post-9744","post","type-post","status-publish","format-standard","hentry","category-nicht-kategorisiert"],"yoast_head":"<!-- This site is optimized with the Yoast SEO plugin v26.2 - https:\/\/yoast.com\/wordpress\/plugins\/seo\/ -->\n<title>Die Deutsche Konferenz f\u00fcr Tabakkontrolle in Heidelberg - Rauchfrei Telefon<\/title>\n<meta name=\"robots\" content=\"index, follow, max-snippet:-1, max-image-preview:large, max-video-preview:-1\" \/>\n<link rel=\"canonical\" href=\"https:\/\/rauchfrei.at\/die-deutsche-konferenz-fuer-tabakkontrolle-in-heidelberg\/\" \/>\n<meta property=\"og:locale\" content=\"en_US\" \/>\n<meta property=\"og:type\" content=\"article\" \/>\n<meta property=\"og:title\" content=\"Die Deutsche Konferenz f\u00fcr Tabakkontrolle in Heidelberg - Rauchfrei Telefon\" \/>\n<meta property=\"og:description\" content=\"Zum 15. Mal findet heuer in Heidelberg die Deutsche Konferenz f\u00fcr Tabakkontrolle statt. Das Rauchfrei Telefon ist heuer zum 10. Mal dabei. Wir berichten dort \u00fcber den Einfluss der Europ\u00e4ischen Tabakprodukte Direktive (u.a. die Neugestaltung der Packungen) auf unsere Anruferzahlen.\" \/>\n<meta property=\"og:url\" content=\"https:\/\/rauchfrei.at\/die-deutsche-konferenz-fuer-tabakkontrolle-in-heidelberg\/\" \/>\n<meta property=\"og:site_name\" content=\"Rauchfrei Telefon\" \/>\n<meta property=\"article:published_time\" content=\"2017-12-04T08:00:18+00:00\" \/>\n<meta property=\"article:modified_time\" content=\"2019-04-26T15:01:46+00:00\" \/>\n<meta property=\"og:image\" content=\"https:\/\/rauchfrei.at\/wp-content\/uploads\/Heidelberg-225x131.png\" \/>\n<meta name=\"author\" content=\"Andrea B\u00fcttner\" \/>\n<meta name=\"twitter:card\" content=\"summary_large_image\" \/>\n<meta name=\"twitter:label1\" content=\"Written by\" \/>\n\t<meta name=\"twitter:data1\" content=\"Andrea B\u00fcttner\" \/>\n\t<meta name=\"twitter:label2\" content=\"Est. reading time\" \/>\n\t<meta name=\"twitter:data2\" content=\"1 minute\" \/>\n<script type=\"application\/ld+json\" class=\"yoast-schema-graph\">{\"@context\":\"https:\/\/schema.org\",\"@graph\":[{\"@type\":\"WebPage\",\"@id\":\"https:\/\/rauchfrei.at\/die-deutsche-konferenz-fuer-tabakkontrolle-in-heidelberg\/\",\"url\":\"https:\/\/rauchfrei.at\/die-deutsche-konferenz-fuer-tabakkontrolle-in-heidelberg\/\",\"name\":\"Die Deutsche Konferenz f\u00fcr Tabakkontrolle in Heidelberg - Rauchfrei Telefon\",\"isPartOf\":{\"@id\":\"https:\/\/rauchfrei.at\/#website\"},\"primaryImageOfPage\":{\"@id\":\"https:\/\/rauchfrei.at\/die-deutsche-konferenz-fuer-tabakkontrolle-in-heidelberg\/#primaryimage\"},\"image\":{\"@id\":\"https:\/\/rauchfrei.at\/die-deutsche-konferenz-fuer-tabakkontrolle-in-heidelberg\/#primaryimage\"},\"thumbnailUrl\":\"https:\/\/rauchfrei.at\/wp-content\/uploads\/Heidelberg-225x131.png\",\"datePublished\":\"2017-12-04T08:00:18+00:00\",\"dateModified\":\"2019-04-26T15:01:46+00:00\",\"author\":{\"@id\":\"https:\/\/rauchfrei.at\/#\/schema\/person\/7993cb8bdf02ba65fd4ec8ec38b2dbbf\"},\"inLanguage\":\"en-US\",\"potentialAction\":[{\"@type\":\"ReadAction\",\"target\":[\"https:\/\/rauchfrei.at\/die-deutsche-konferenz-fuer-tabakkontrolle-in-heidelberg\/\"]}]},{\"@type\":\"ImageObject\",\"inLanguage\":\"en-US\",\"@id\":\"https:\/\/rauchfrei.at\/die-deutsche-konferenz-fuer-tabakkontrolle-in-heidelberg\/#primaryimage\",\"url\":\"https:\/\/rauchfrei.at\/wp-content\/uploads\/Heidelberg-225x131.png\",\"contentUrl\":\"https:\/\/rauchfrei.at\/wp-content\/uploads\/Heidelberg-225x131.png\"},{\"@type\":\"WebSite\",\"@id\":\"https:\/\/rauchfrei.at\/#website\",\"url\":\"https:\/\/rauchfrei.at\/\",\"name\":\"Rauchfrei Telefon\",\"description\":\"Eine \u00f6sterreichweite Initiative der Sozialversicherungen.\",\"potentialAction\":[{\"@type\":\"SearchAction\",\"target\":{\"@type\":\"EntryPoint\",\"urlTemplate\":\"https:\/\/rauchfrei.at\/?s={search_term_string}\"},\"query-input\":{\"@type\":\"PropertyValueSpecification\",\"valueRequired\":true,\"valueName\":\"search_term_string\"}}],\"inLanguage\":\"en-US\"},{\"@type\":\"Person\",\"@id\":\"https:\/\/rauchfrei.at\/#\/schema\/person\/7993cb8bdf02ba65fd4ec8ec38b2dbbf\",\"name\":\"Andrea B\u00fcttner\",\"image\":{\"@type\":\"ImageObject\",\"inLanguage\":\"en-US\",\"@id\":\"https:\/\/rauchfrei.at\/#\/schema\/person\/image\/\",\"url\":\"https:\/\/secure.gravatar.com\/avatar\/0f26ab1de0c83f37b101366a1244bf5de74c6d9c0641811dc6f7fc551dad1c7f?s=96&d=mm&r=g\",\"contentUrl\":\"https:\/\/secure.gravatar.com\/avatar\/0f26ab1de0c83f37b101366a1244bf5de74c6d9c0641811dc6f7fc551dad1c7f?s=96&d=mm&r=g\",\"caption\":\"Andrea B\u00fcttner\"},\"url\":\"https:\/\/rauchfrei.at\/en\/author\/buettner\/\"}]}<\/script>\n<!-- \/ Yoast SEO plugin. -->","yoast_head_json":{"title":"Die Deutsche Konferenz f\u00fcr Tabakkontrolle in Heidelberg - Rauchfrei Telefon","robots":{"index":"index","follow":"follow","max-snippet":"max-snippet:-1","max-image-preview":"max-image-preview:large","max-video-preview":"max-video-preview:-1"},"canonical":"https:\/\/rauchfrei.at\/die-deutsche-konferenz-fuer-tabakkontrolle-in-heidelberg\/","og_locale":"en_US","og_type":"article","og_title":"Die Deutsche Konferenz f\u00fcr Tabakkontrolle in Heidelberg - Rauchfrei Telefon","og_description":"Zum 15. Mal findet heuer in Heidelberg die Deutsche Konferenz f\u00fcr Tabakkontrolle statt. Das Rauchfrei Telefon ist heuer zum 10. Mal dabei. Wir berichten dort \u00fcber den Einfluss der Europ\u00e4ischen Tabakprodukte Direktive (u.a. die Neugestaltung der Packungen) auf unsere Anruferzahlen.","og_url":"https:\/\/rauchfrei.at\/die-deutsche-konferenz-fuer-tabakkontrolle-in-heidelberg\/","og_site_name":"Rauchfrei Telefon","article_published_time":"2017-12-04T08:00:18+00:00","article_modified_time":"2019-04-26T15:01:46+00:00","og_image":[{"url":"https:\/\/rauchfrei.at\/wp-content\/uploads\/Heidelberg-225x131.png","type":"","width":"","height":""}],"author":"Andrea B\u00fcttner","twitter_card":"summary_large_image","twitter_misc":{"Written by":"Andrea B\u00fcttner","Est. reading time":"1 minute"},"schema":{"@context":"https:\/\/schema.org","@graph":[{"@type":"WebPage","@id":"https:\/\/rauchfrei.at\/die-deutsche-konferenz-fuer-tabakkontrolle-in-heidelberg\/","url":"https:\/\/rauchfrei.at\/die-deutsche-konferenz-fuer-tabakkontrolle-in-heidelberg\/","name":"Die Deutsche Konferenz f\u00fcr Tabakkontrolle in Heidelberg - Rauchfrei Telefon","isPartOf":{"@id":"https:\/\/rauchfrei.at\/#website"},"primaryImageOfPage":{"@id":"https:\/\/rauchfrei.at\/die-deutsche-konferenz-fuer-tabakkontrolle-in-heidelberg\/#primaryimage"},"image":{"@id":"https:\/\/rauchfrei.at\/die-deutsche-konferenz-fuer-tabakkontrolle-in-heidelberg\/#primaryimage"},"thumbnailUrl":"https:\/\/rauchfrei.at\/wp-content\/uploads\/Heidelberg-225x131.png","datePublished":"2017-12-04T08:00:18+00:00","dateModified":"2019-04-26T15:01:46+00:00","author":{"@id":"https:\/\/rauchfrei.at\/#\/schema\/person\/7993cb8bdf02ba65fd4ec8ec38b2dbbf"},"inLanguage":"en-US","potentialAction":[{"@type":"ReadAction","target":["https:\/\/rauchfrei.at\/die-deutsche-konferenz-fuer-tabakkontrolle-in-heidelberg\/"]}]},{"@type":"ImageObject","inLanguage":"en-US","@id":"https:\/\/rauchfrei.at\/die-deutsche-konferenz-fuer-tabakkontrolle-in-heidelberg\/#primaryimage","url":"https:\/\/rauchfrei.at\/wp-content\/uploads\/Heidelberg-225x131.png","contentUrl":"https:\/\/rauchfrei.at\/wp-content\/uploads\/Heidelberg-225x131.png"},{"@type":"WebSite","@id":"https:\/\/rauchfrei.at\/#website","url":"https:\/\/rauchfrei.at\/","name":"Rauchfrei Telefon","description":"Eine \u00f6sterreichweite Initiative der Sozialversicherungen.","potentialAction":[{"@type":"SearchAction","target":{"@type":"EntryPoint","urlTemplate":"https:\/\/rauchfrei.at\/?s={search_term_string}"},"query-input":{"@type":"PropertyValueSpecification","valueRequired":true,"valueName":"search_term_string"}}],"inLanguage":"en-US"},{"@type":"Person","@id":"https:\/\/rauchfrei.at\/#\/schema\/person\/7993cb8bdf02ba65fd4ec8ec38b2dbbf","name":"Andrea B\u00fcttner","image":{"@type":"ImageObject","inLanguage":"en-US","@id":"https:\/\/rauchfrei.at\/#\/schema\/person\/image\/","url":"https:\/\/secure.gravatar.com\/avatar\/0f26ab1de0c83f37b101366a1244bf5de74c6d9c0641811dc6f7fc551dad1c7f?s=96&d=mm&r=g","contentUrl":"https:\/\/secure.gravatar.com\/avatar\/0f26ab1de0c83f37b101366a1244bf5de74c6d9c0641811dc6f7fc551dad1c7f?s=96&d=mm&r=g","caption":"Andrea B\u00fcttner"},"url":"https:\/\/rauchfrei.at\/en\/author\/buettner\/"}]}},"_links":{"self":[{"href":"https:\/\/rauchfrei.at\/en\/wp-json\/wp\/v2\/posts\/9744","targetHints":{"allow":["GET"]}}],"collection":[{"href":"https:\/\/rauchfrei.at\/en\/wp-json\/wp\/v2\/posts"}],"about":[{"href":"https:\/\/rauchfrei.at\/en\/wp-json\/wp\/v2\/types\/post"}],"author":[{"embeddable":true,"href":"https:\/\/rauchfrei.at\/en\/wp-json\/wp\/v2\/users\/11"}],"replies":[{"embeddable":true,"href":"https:\/\/rauchfrei.at\/en\/wp-json\/wp\/v2\/comments?post=9744"}],"version-history":[{"count":5,"href":"https:\/\/rauchfrei.at\/en\/wp-json\/wp\/v2\/posts\/9744\/revisions"}],"predecessor-version":[{"id":16051,"href":"https:\/\/rauchfrei.at\/en\/wp-json\/wp\/v2\/posts\/9744\/revisions\/16051"}],"wp:attachment":[{"href":"https:\/\/rauchfrei.at\/en\/wp-json\/wp\/v2\/media?parent=9744"}],"wp:term":[{"taxonomy":"category","embeddable":true,"href":"https:\/\/rauchfrei.at\/en\/wp-json\/wp\/v2\/categories?post=9744"},{"taxonomy":"post_tag","embeddable":true,"href":"https:\/\/rauchfrei.at\/en\/wp-json\/wp\/v2\/tags?post=9744"}],"curies":[{"name":"wp","href":"https:\/\/api.w.org\/{rel}","templated":true}]}}