
{"id":9754,"date":"2017-12-12T14:02:47","date_gmt":"2017-12-12T12:02:47","guid":{"rendered":"http:\/\/rauchfrei.at\/?p=9754"},"modified":"2022-01-13T17:23:47","modified_gmt":"2022-01-13T15:23:47","slug":"oesterreich-bleibt-aschenbecher-europas","status":"publish","type":"post","link":"https:\/\/rauchfrei.at\/en\/oesterreich-bleibt-aschenbecher-europas\/","title":{"rendered":"\u00d6sterreich bleibt Aschenbecher Europas"},"content":{"rendered":"<p>[et_pb_section fb_built=&#8221;1&#8243; module_class=&#8221;header&#8221; _builder_version=&#8221;3.22&#8243; global_colors_info=&#8221;{}&#8221;][et_pb_row _builder_version=&#8221;3.25&#8243; global_colors_info=&#8221;{}&#8221;][et_pb_column type=&#8221;4_4&#8243; _builder_version=&#8221;3.25&#8243; custom_padding=&#8221;|||&#8221; global_colors_info=&#8221;{}&#8221; custom_padding__hover=&#8221;|||&#8221;][et_pb_dp_dmb_module_10001 _builder_version=&#8221;3.21.1&#8243; z_index_tablet=&#8221;500&#8243; global_colors_info=&#8221;{}&#8221;][\/et_pb_dp_dmb_module_10001][\/et_pb_column][\/et_pb_row][\/et_pb_section][et_pb_section fb_built=&#8221;1&#8243; _builder_version=&#8221;3.22&#8243; global_colors_info=&#8221;{}&#8221;][et_pb_row _builder_version=&#8221;3.25&#8243; background_size=&#8221;initial&#8221; background_position=&#8221;top_left&#8221; background_repeat=&#8221;repeat&#8221; global_colors_info=&#8221;{}&#8221; column_structure=&#8221;2_3,1_3&#8243;][et_pb_column type=&#8221;2_3&#8243; _builder_version=&#8221;3.25&#8243; custom_padding=&#8221;|||&#8221; global_colors_info=&#8221;{}&#8221; custom_padding__hover=&#8221;|||&#8221;][et_pb_text _builder_version=&#8221;4.13.1&#8243; background_size=&#8221;initial&#8221; background_position=&#8221;top_left&#8221; background_repeat=&#8221;repeat&#8221; hover_enabled=&#8221;0&#8243; global_colors_info=&#8221;{}&#8221; sticky_enabled=&#8221;0&#8243;]<\/p>\n<p>&nbsp;<\/p>\n<p>\u00d6sterreich braucht ein absolutes Rauchverbot in der Gastronomie. Die zuk\u00fcnftige Regierung sollte von der R\u00fccknahme der bereits beschlossenen Regelung unbedingt Abstand nehmen. Die Gr\u00fcnde sind vielf\u00e4ltig &#8230;<\/p>\n<p>&nbsp;<\/p>\n<ul>\n<li><strong>Passivrauch sch\u00e4digt<\/strong><\/li>\n<li><strong>Das derzeitige Gesetz funktioniert nicht<\/strong><\/li>\n<li><strong>Nur ein absolutes Rauchverbot in der Gastronomie sch\u00fctzt vor Passivrauch<\/strong><\/li>\n<li><strong>Rauchen in Lokalen ist nicht mehr \u201estate of the art\u201c<\/strong><\/li>\n<li><strong>Rauchen im Lokal ist out<\/strong><\/li>\n<li><strong>Absolutes Rauchverbot bringt Klarheit <\/strong><\/li>\n<li><strong>Ein absolutes Rauchverbot hilft denen, die aufh\u00f6ren wollen<\/strong><\/li>\n<li><strong>Ein absolutes Rauchverbot hilft Ex-Rauchenden<\/strong><\/li>\n<li><strong>Rauchverbot ver\u00e4ndert die Norm<\/strong><\/li>\n<li><strong>Bitte keine neuen Ausnahmen<\/strong><\/li>\n<li><strong>Die Wirtschaft leidet nicht<\/strong><\/li>\n<li><strong>Die Bev\u00f6lkerung will nach Rauchverbot nicht zu Raucherlokalen zur\u00fcck<\/strong><\/li>\n<li><\/li>\n<\/ul>\n<p>Den vollst\u00e4ndigen Text der heutigen Presseaussendung\u00a0des Rauchfrei Telefons finden Sie hier: <a href=\"https:\/\/www.ots.at\/presseaussendung\/OTS_20171212_OTS0092\/oesterreich-bleibt-aschenbecher-europas\" target=\"_blank\" rel=\"noopener noreferrer\">\u00d6sterreich bleibt Aschenbecher Europas<\/a><\/p>\n<p>[\/et_pb_text][\/et_pb_column][et_pb_column type=&#8221;1_3&#8243; _builder_version=&#8221;3.25&#8243; custom_padding=&#8221;|||&#8221; global_colors_info=&#8221;{}&#8221; custom_padding__hover=&#8221;|||&#8221;][et_pb_sidebar area=&#8221;sidebar-1&#8243; _builder_version=&#8221;3.21.1&#8243; z_index_tablet=&#8221;500&#8243; global_colors_info=&#8221;{}&#8221;][\/et_pb_sidebar][\/et_pb_column][\/et_pb_row][\/et_pb_section]<\/p>\n","protected":false},"excerpt":{"rendered":"<p>Wir arbeiten am Telefon  t\u00e4glich mit Raucher\/innen und beraten und unterst\u00fctzen jedes Jahr tausende Personen, die wieder von der Zigarette loskommen wollen. Wir wissen genau, wie schwierig es ist, einen Weg aus der Tabakabh\u00e4ngigkeit zu finden. Gesetzliche Rahmenbedingungen helfen beim Rauchstopp.<\/p>\n","protected":false},"author":11,"featured_media":0,"comment_status":"open","ping_status":"open","sticky":false,"template":"","format":"standard","meta":{"_et_pb_use_builder":"on","_et_pb_old_content":"<p>\u00a0<\/p><p>\u00d6sterreich braucht ein absolutes Rauchverbot in der Gastronomie. Die zuk\u00fcnftige Regierung sollte von der R\u00fccknahme der bereits beschlossenen Regelung unbedingt Abstand nehmen. Die Gr\u00fcnde sind vielf\u00e4ltig ...<\/p><p>\u00a0<\/p><ul><li><strong>Passivrauch sch\u00e4digt<\/strong><\/li><li><strong>Das derzeitige Gesetz funktioniert nicht<\/strong><\/li><li><strong>Nur ein absolutes Rauchverbot in der Gastronomie sch\u00fctzt vor Passivrauch<\/strong><\/li><li><strong>Rauchen in Lokalen ist nicht mehr \u201estate of the art\u201c<\/strong><\/li><li><strong>Rauchen im Lokal ist out<\/strong><\/li><li><strong>Absolutes Rauchverbot bringt Klarheit <\/strong><\/li><li><strong>Ein absolutes Rauchverbot hilft denen, die aufh\u00f6ren wollen<\/strong><\/li><li><strong>Ein absolutes Rauchverbot hilft Ex-Rauchenden<\/strong><\/li><li><strong>Rauchverbot ver\u00e4ndert die Norm<\/strong><\/li><li><strong>Bitte keine neuen Ausnahmen<\/strong><\/li><li><strong>Die Wirtschaft leidet nicht<\/strong><\/li><li><strong>Die Bev\u00f6lkerung will nach Rauchverbot nicht zu Raucherlokalen zur\u00fcck<\/strong><\/li><li>\u00a0<\/li><\/ul><p>Den vollst\u00e4ndigen Text der heutigen Presseaussendung\u00a0des Rauchfrei Telefons finden Sie hier: <a href=\"https:\/\/www.noegkk.at\/portal27\/noegkkportal\/content?contentid=10007.788374&viewmode=content\" target=\"_blank\" rel=\"noopener\">\u00d6sterreich bleibt Aschenbecher Europas<\/a><\/p>","_et_gb_content_width":"","footnotes":""},"categories":[236],"tags":[],"class_list":["post-9754","post","type-post","status-publish","format-standard","hentry","category-nicht-kategorisiert"],"yoast_head":"<!-- This site is optimized with the Yoast SEO plugin v26.2 - https:\/\/yoast.com\/wordpress\/plugins\/seo\/ -->\n<title>\u00d6sterreich bleibt Aschenbecher Europas - Rauchfrei Telefon<\/title>\n<meta name=\"robots\" content=\"index, follow, max-snippet:-1, max-image-preview:large, max-video-preview:-1\" \/>\n<link rel=\"canonical\" href=\"https:\/\/rauchfrei.at\/oesterreich-bleibt-aschenbecher-europas\/\" \/>\n<meta property=\"og:locale\" content=\"en_US\" \/>\n<meta property=\"og:type\" content=\"article\" \/>\n<meta property=\"og:title\" content=\"\u00d6sterreich bleibt Aschenbecher Europas - Rauchfrei Telefon\" \/>\n<meta property=\"og:description\" content=\"Wir arbeiten am Telefon t\u00e4glich mit Raucher\/innen und beraten und unterst\u00fctzen jedes Jahr tausende Personen, die wieder von der Zigarette loskommen wollen. Wir wissen genau, wie schwierig es ist, einen Weg aus der Tabakabh\u00e4ngigkeit zu finden. Gesetzliche Rahmenbedingungen helfen beim Rauchstopp.\" \/>\n<meta property=\"og:url\" content=\"https:\/\/rauchfrei.at\/oesterreich-bleibt-aschenbecher-europas\/\" \/>\n<meta property=\"og:site_name\" content=\"Rauchfrei Telefon\" \/>\n<meta property=\"article:published_time\" content=\"2017-12-12T12:02:47+00:00\" \/>\n<meta property=\"article:modified_time\" content=\"2022-01-13T15:23:47+00:00\" \/>\n<meta name=\"author\" content=\"Andrea B\u00fcttner\" \/>\n<meta name=\"twitter:card\" content=\"summary_large_image\" \/>\n<meta name=\"twitter:label1\" content=\"Written by\" \/>\n\t<meta name=\"twitter:data1\" content=\"Andrea B\u00fcttner\" \/>\n\t<meta name=\"twitter:label2\" content=\"Est. reading time\" \/>\n\t<meta name=\"twitter:data2\" content=\"1 minute\" \/>\n<script type=\"application\/ld+json\" class=\"yoast-schema-graph\">{\"@context\":\"https:\/\/schema.org\",\"@graph\":[{\"@type\":\"WebPage\",\"@id\":\"https:\/\/rauchfrei.at\/oesterreich-bleibt-aschenbecher-europas\/\",\"url\":\"https:\/\/rauchfrei.at\/oesterreich-bleibt-aschenbecher-europas\/\",\"name\":\"\u00d6sterreich bleibt Aschenbecher Europas - Rauchfrei Telefon\",\"isPartOf\":{\"@id\":\"https:\/\/rauchfrei.at\/#website\"},\"datePublished\":\"2017-12-12T12:02:47+00:00\",\"dateModified\":\"2022-01-13T15:23:47+00:00\",\"author\":{\"@id\":\"https:\/\/rauchfrei.at\/#\/schema\/person\/7993cb8bdf02ba65fd4ec8ec38b2dbbf\"},\"inLanguage\":\"en-US\",\"potentialAction\":[{\"@type\":\"ReadAction\",\"target\":[\"https:\/\/rauchfrei.at\/oesterreich-bleibt-aschenbecher-europas\/\"]}]},{\"@type\":\"WebSite\",\"@id\":\"https:\/\/rauchfrei.at\/#website\",\"url\":\"https:\/\/rauchfrei.at\/\",\"name\":\"Rauchfrei Telefon\",\"description\":\"Eine \u00f6sterreichweite Initiative der Sozialversicherungen.\",\"potentialAction\":[{\"@type\":\"SearchAction\",\"target\":{\"@type\":\"EntryPoint\",\"urlTemplate\":\"https:\/\/rauchfrei.at\/?s={search_term_string}\"},\"query-input\":{\"@type\":\"PropertyValueSpecification\",\"valueRequired\":true,\"valueName\":\"search_term_string\"}}],\"inLanguage\":\"en-US\"},{\"@type\":\"Person\",\"@id\":\"https:\/\/rauchfrei.at\/#\/schema\/person\/7993cb8bdf02ba65fd4ec8ec38b2dbbf\",\"name\":\"Andrea B\u00fcttner\",\"image\":{\"@type\":\"ImageObject\",\"inLanguage\":\"en-US\",\"@id\":\"https:\/\/rauchfrei.at\/#\/schema\/person\/image\/\",\"url\":\"https:\/\/secure.gravatar.com\/avatar\/0f26ab1de0c83f37b101366a1244bf5de74c6d9c0641811dc6f7fc551dad1c7f?s=96&d=mm&r=g\",\"contentUrl\":\"https:\/\/secure.gravatar.com\/avatar\/0f26ab1de0c83f37b101366a1244bf5de74c6d9c0641811dc6f7fc551dad1c7f?s=96&d=mm&r=g\",\"caption\":\"Andrea B\u00fcttner\"},\"url\":\"https:\/\/rauchfrei.at\/en\/author\/buettner\/\"}]}<\/script>\n<!-- \/ Yoast SEO plugin. -->","yoast_head_json":{"title":"\u00d6sterreich bleibt Aschenbecher Europas - Rauchfrei Telefon","robots":{"index":"index","follow":"follow","max-snippet":"max-snippet:-1","max-image-preview":"max-image-preview:large","max-video-preview":"max-video-preview:-1"},"canonical":"https:\/\/rauchfrei.at\/oesterreich-bleibt-aschenbecher-europas\/","og_locale":"en_US","og_type":"article","og_title":"\u00d6sterreich bleibt Aschenbecher Europas - Rauchfrei Telefon","og_description":"Wir arbeiten am Telefon t\u00e4glich mit Raucher\/innen und beraten und unterst\u00fctzen jedes Jahr tausende Personen, die wieder von der Zigarette loskommen wollen. Wir wissen genau, wie schwierig es ist, einen Weg aus der Tabakabh\u00e4ngigkeit zu finden. Gesetzliche Rahmenbedingungen helfen beim Rauchstopp.","og_url":"https:\/\/rauchfrei.at\/oesterreich-bleibt-aschenbecher-europas\/","og_site_name":"Rauchfrei Telefon","article_published_time":"2017-12-12T12:02:47+00:00","article_modified_time":"2022-01-13T15:23:47+00:00","author":"Andrea B\u00fcttner","twitter_card":"summary_large_image","twitter_misc":{"Written by":"Andrea B\u00fcttner","Est. reading time":"1 minute"},"schema":{"@context":"https:\/\/schema.org","@graph":[{"@type":"WebPage","@id":"https:\/\/rauchfrei.at\/oesterreich-bleibt-aschenbecher-europas\/","url":"https:\/\/rauchfrei.at\/oesterreich-bleibt-aschenbecher-europas\/","name":"\u00d6sterreich bleibt Aschenbecher Europas - Rauchfrei Telefon","isPartOf":{"@id":"https:\/\/rauchfrei.at\/#website"},"datePublished":"2017-12-12T12:02:47+00:00","dateModified":"2022-01-13T15:23:47+00:00","author":{"@id":"https:\/\/rauchfrei.at\/#\/schema\/person\/7993cb8bdf02ba65fd4ec8ec38b2dbbf"},"inLanguage":"en-US","potentialAction":[{"@type":"ReadAction","target":["https:\/\/rauchfrei.at\/oesterreich-bleibt-aschenbecher-europas\/"]}]},{"@type":"WebSite","@id":"https:\/\/rauchfrei.at\/#website","url":"https:\/\/rauchfrei.at\/","name":"Rauchfrei Telefon","description":"Eine \u00f6sterreichweite Initiative der Sozialversicherungen.","potentialAction":[{"@type":"SearchAction","target":{"@type":"EntryPoint","urlTemplate":"https:\/\/rauchfrei.at\/?s={search_term_string}"},"query-input":{"@type":"PropertyValueSpecification","valueRequired":true,"valueName":"search_term_string"}}],"inLanguage":"en-US"},{"@type":"Person","@id":"https:\/\/rauchfrei.at\/#\/schema\/person\/7993cb8bdf02ba65fd4ec8ec38b2dbbf","name":"Andrea B\u00fcttner","image":{"@type":"ImageObject","inLanguage":"en-US","@id":"https:\/\/rauchfrei.at\/#\/schema\/person\/image\/","url":"https:\/\/secure.gravatar.com\/avatar\/0f26ab1de0c83f37b101366a1244bf5de74c6d9c0641811dc6f7fc551dad1c7f?s=96&d=mm&r=g","contentUrl":"https:\/\/secure.gravatar.com\/avatar\/0f26ab1de0c83f37b101366a1244bf5de74c6d9c0641811dc6f7fc551dad1c7f?s=96&d=mm&r=g","caption":"Andrea B\u00fcttner"},"url":"https:\/\/rauchfrei.at\/en\/author\/buettner\/"}]}},"_links":{"self":[{"href":"https:\/\/rauchfrei.at\/en\/wp-json\/wp\/v2\/posts\/9754","targetHints":{"allow":["GET"]}}],"collection":[{"href":"https:\/\/rauchfrei.at\/en\/wp-json\/wp\/v2\/posts"}],"about":[{"href":"https:\/\/rauchfrei.at\/en\/wp-json\/wp\/v2\/types\/post"}],"author":[{"embeddable":true,"href":"https:\/\/rauchfrei.at\/en\/wp-json\/wp\/v2\/users\/11"}],"replies":[{"embeddable":true,"href":"https:\/\/rauchfrei.at\/en\/wp-json\/wp\/v2\/comments?post=9754"}],"version-history":[{"count":7,"href":"https:\/\/rauchfrei.at\/en\/wp-json\/wp\/v2\/posts\/9754\/revisions"}],"predecessor-version":[{"id":22746,"href":"https:\/\/rauchfrei.at\/en\/wp-json\/wp\/v2\/posts\/9754\/revisions\/22746"}],"wp:attachment":[{"href":"https:\/\/rauchfrei.at\/en\/wp-json\/wp\/v2\/media?parent=9754"}],"wp:term":[{"taxonomy":"category","embeddable":true,"href":"https:\/\/rauchfrei.at\/en\/wp-json\/wp\/v2\/categories?post=9754"},{"taxonomy":"post_tag","embeddable":true,"href":"https:\/\/rauchfrei.at\/en\/wp-json\/wp\/v2\/tags?post=9754"}],"curies":[{"name":"wp","href":"https:\/\/api.w.org\/{rel}","templated":true}]}}