
{"id":9769,"date":"2017-12-22T18:00:45","date_gmt":"2017-12-22T16:00:45","guid":{"rendered":"http:\/\/rauchfrei.at\/?p=9769"},"modified":"2019-04-24T11:48:40","modified_gmt":"2019-04-24T09:48:40","slug":"9769-2","status":"publish","type":"post","link":"https:\/\/rauchfrei.at\/en\/9769-2\/","title":{"rendered":"Wir w\u00fcnschen sch\u00f6ne Weihnachten!"},"content":{"rendered":"<p>[et_pb_section bb_built=&#8221;1&#8243; fullwidth=&#8221;off&#8221; specialty=&#8221;off&#8221; _builder_version=&#8221;3.0.99&#8243; module_class=&#8221;header&#8221; next_background_color=&#8221;#000000&#8243;][et_pb_row _builder_version=&#8221;3.0.99&#8243;][et_pb_column type=&#8221;4_4&#8243;][et_pb_dp_dmb_module_10001 _builder_version=&#8221;3.21.1&#8243; z_index_tablet=&#8221;500&#8243; \/][\/et_pb_column][\/et_pb_row][\/et_pb_section][et_pb_section bb_built=&#8221;1&#8243; prev_background_color=&#8221;#000000&#8243;][et_pb_row][et_pb_column type=&#8221;2_3&#8243;][et_pb_text _builder_version=&#8221;3.21.1&#8243; z_index_tablet=&#8221;500&#8243;]<\/p>\n<p>***<\/p>\n<p>Wir vom<\/p>\n<p>Rauchfrei Telefon<\/p>\n<p>w\u00fcnschen sehr fr\u00f6hliche<\/p>\n<p>und sch\u00f6ne Weihnachtsfeiertag<\/p>\n<p>und einen guten Rutsch ins Jahr 2018!<\/p>\n<p>\u2014\u2014<\/p>\n<p>\u2014\u2014<\/p>\n<p>(C) shutterstock<\/p>\n<p>[\/et_pb_text][et_pb_image _builder_version=&#8221;3.21.1&#8243; src=&#8221;https:\/\/rauchfrei.at\/wp-content\/uploads\/shutterstock_312463934_2000px.jpg&#8221; show_in_lightbox=&#8221;off&#8221; url_new_window=&#8221;off&#8221; use_overlay=&#8221;off&#8221; always_center_on_mobile=&#8221;on&#8221; force_fullwidth=&#8221;off&#8221; show_bottom_space=&#8221;on&#8221; \/][\/et_pb_column][et_pb_column type=&#8221;1_3&#8243;][et_pb_sidebar _builder_version=&#8221;3.0.99&#8243; area=&#8221;sidebar-1&#8243; orientation=&#8221;left&#8221; show_border=&#8221;on&#8221; background_layout=&#8221;light&#8221; \/][\/et_pb_column][\/et_pb_row][\/et_pb_section]<\/p>\n","protected":false},"excerpt":{"rendered":"<p><div class=\"et_pb_row et_pb_row_0 et_pb_row_empty\">\n\t\t\t\t\n\t\t\t\t\n\t\t\t\t\n\t\t\t\t\n\t\t\t\t\n\t\t\t<\/div> ***Wir vomRauchfrei Telefonw\u00fcnschen sehr fr\u00f6hlicheund sch\u00f6ne Weihnachtsfeiertagund einen guten Rutsch ins Jahr 2018!\u2014\u2014\u2014\u2014(C) shutterstock<\/p>\n","protected":false},"author":11,"featured_media":9785,"comment_status":"open","ping_status":"open","sticky":false,"template":"","format":"standard","meta":{"_et_pb_use_builder":"on","_et_pb_old_content":"<p>\u00a0<\/p><p>\u00a0<\/p><p>***<\/p><p>Wir vom<\/p><p>Rauchfrei Telefon<\/p><p>w\u00fcnschen sehr fr\u00f6hliche<\/p><p>und sch\u00f6ne Weihnachtsfeiertag<\/p><p>und einen guten Rutsch ins Jahr 2018!<\/p><p>\u2014\u2014<\/p><p>\u2014\u2014<\/p><p>\u00a0<\/p><p><img class=\"alignnone size-medium wp-image-9785\" src=\"https:\/\/rauchfrei.at\/wp-content\/uploads\/shutterstock_312463934_2000px-225x150.jpg\" alt=\"\" width=\"225\" height=\"150\" data-id=\"9785\" \/><\/p><p>(C) shutterstock<\/p>","_et_gb_content_width":"","footnotes":""},"categories":[232],"tags":[],"class_list":["post-9769","post","type-post","status-publish","format-standard","has-post-thumbnail","hentry","category-nachrichten-vom-rauchfrei-telefon"],"yoast_head":"<!-- This site is optimized with the Yoast SEO plugin v26.2 - https:\/\/yoast.com\/wordpress\/plugins\/seo\/ -->\n<title>Wir w\u00fcnschen sch\u00f6ne Weihnachten! - Rauchfrei Telefon<\/title>\n<meta name=\"robots\" content=\"index, follow, max-snippet:-1, max-image-preview:large, max-video-preview:-1\" \/>\n<link rel=\"canonical\" href=\"https:\/\/rauchfrei.at\/9769-2\/\" \/>\n<meta property=\"og:locale\" content=\"en_US\" \/>\n<meta property=\"og:type\" content=\"article\" \/>\n<meta property=\"og:title\" content=\"Wir w\u00fcnschen sch\u00f6ne Weihnachten! - Rauchfrei Telefon\" \/>\n<meta property=\"og:description\" content=\"***Wir vomRauchfrei Telefonw\u00fcnschen sehr fr\u00f6hlicheund sch\u00f6ne Weihnachtsfeiertagund einen guten Rutsch ins Jahr 2018!\u2014\u2014\u2014\u2014(C) shutterstock\" \/>\n<meta property=\"og:url\" content=\"https:\/\/rauchfrei.at\/9769-2\/\" \/>\n<meta property=\"og:site_name\" content=\"Rauchfrei Telefon\" \/>\n<meta property=\"article:published_time\" content=\"2017-12-22T16:00:45+00:00\" \/>\n<meta property=\"article:modified_time\" content=\"2019-04-24T09:48:40+00:00\" \/>\n<meta property=\"og:image\" content=\"https:\/\/rauchfrei.at\/wp-content\/uploads\/shutterstock_312463934_2000px.jpg\" \/>\n\t<meta property=\"og:image:width\" content=\"2000\" \/>\n\t<meta property=\"og:image:height\" content=\"1334\" \/>\n\t<meta property=\"og:image:type\" content=\"image\/jpeg\" \/>\n<meta name=\"author\" content=\"Andrea B\u00fcttner\" \/>\n<meta name=\"twitter:card\" content=\"summary_large_image\" \/>\n<meta name=\"twitter:label1\" content=\"Written by\" \/>\n\t<meta name=\"twitter:data1\" content=\"Andrea B\u00fcttner\" \/>\n\t<meta name=\"twitter:label2\" content=\"Est. reading time\" \/>\n\t<meta name=\"twitter:data2\" content=\"1 minute\" \/>\n<script type=\"application\/ld+json\" class=\"yoast-schema-graph\">{\"@context\":\"https:\/\/schema.org\",\"@graph\":[{\"@type\":\"WebPage\",\"@id\":\"https:\/\/rauchfrei.at\/9769-2\/\",\"url\":\"https:\/\/rauchfrei.at\/9769-2\/\",\"name\":\"Wir w\u00fcnschen sch\u00f6ne Weihnachten! - Rauchfrei Telefon\",\"isPartOf\":{\"@id\":\"https:\/\/rauchfrei.at\/#website\"},\"primaryImageOfPage\":{\"@id\":\"https:\/\/rauchfrei.at\/9769-2\/#primaryimage\"},\"image\":{\"@id\":\"https:\/\/rauchfrei.at\/9769-2\/#primaryimage\"},\"thumbnailUrl\":\"https:\/\/rauchfrei.at\/wp-content\/uploads\/shutterstock_312463934_2000px.jpg\",\"datePublished\":\"2017-12-22T16:00:45+00:00\",\"dateModified\":\"2019-04-24T09:48:40+00:00\",\"author\":{\"@id\":\"https:\/\/rauchfrei.at\/#\/schema\/person\/7993cb8bdf02ba65fd4ec8ec38b2dbbf\"},\"inLanguage\":\"en-US\",\"potentialAction\":[{\"@type\":\"ReadAction\",\"target\":[\"https:\/\/rauchfrei.at\/9769-2\/\"]}]},{\"@type\":\"ImageObject\",\"inLanguage\":\"en-US\",\"@id\":\"https:\/\/rauchfrei.at\/9769-2\/#primaryimage\",\"url\":\"https:\/\/rauchfrei.at\/wp-content\/uploads\/shutterstock_312463934_2000px.jpg\",\"contentUrl\":\"https:\/\/rauchfrei.at\/wp-content\/uploads\/shutterstock_312463934_2000px.jpg\",\"width\":2000,\"height\":1334,\"caption\":\"(C) Shutterstock\"},{\"@type\":\"WebSite\",\"@id\":\"https:\/\/rauchfrei.at\/#website\",\"url\":\"https:\/\/rauchfrei.at\/\",\"name\":\"Rauchfrei Telefon\",\"description\":\"Eine \u00f6sterreichweite Initiative der Sozialversicherungen.\",\"potentialAction\":[{\"@type\":\"SearchAction\",\"target\":{\"@type\":\"EntryPoint\",\"urlTemplate\":\"https:\/\/rauchfrei.at\/?s={search_term_string}\"},\"query-input\":{\"@type\":\"PropertyValueSpecification\",\"valueRequired\":true,\"valueName\":\"search_term_string\"}}],\"inLanguage\":\"en-US\"},{\"@type\":\"Person\",\"@id\":\"https:\/\/rauchfrei.at\/#\/schema\/person\/7993cb8bdf02ba65fd4ec8ec38b2dbbf\",\"name\":\"Andrea B\u00fcttner\",\"image\":{\"@type\":\"ImageObject\",\"inLanguage\":\"en-US\",\"@id\":\"https:\/\/rauchfrei.at\/#\/schema\/person\/image\/\",\"url\":\"https:\/\/secure.gravatar.com\/avatar\/0f26ab1de0c83f37b101366a1244bf5de74c6d9c0641811dc6f7fc551dad1c7f?s=96&d=mm&r=g\",\"contentUrl\":\"https:\/\/secure.gravatar.com\/avatar\/0f26ab1de0c83f37b101366a1244bf5de74c6d9c0641811dc6f7fc551dad1c7f?s=96&d=mm&r=g\",\"caption\":\"Andrea B\u00fcttner\"},\"url\":\"https:\/\/rauchfrei.at\/en\/author\/buettner\/\"}]}<\/script>\n<!-- \/ Yoast SEO plugin. -->","yoast_head_json":{"title":"Wir w\u00fcnschen sch\u00f6ne Weihnachten! - Rauchfrei Telefon","robots":{"index":"index","follow":"follow","max-snippet":"max-snippet:-1","max-image-preview":"max-image-preview:large","max-video-preview":"max-video-preview:-1"},"canonical":"https:\/\/rauchfrei.at\/9769-2\/","og_locale":"en_US","og_type":"article","og_title":"Wir w\u00fcnschen sch\u00f6ne Weihnachten! - Rauchfrei Telefon","og_description":"***Wir vomRauchfrei Telefonw\u00fcnschen sehr fr\u00f6hlicheund sch\u00f6ne Weihnachtsfeiertagund einen guten Rutsch ins Jahr 2018!\u2014\u2014\u2014\u2014(C) shutterstock","og_url":"https:\/\/rauchfrei.at\/9769-2\/","og_site_name":"Rauchfrei Telefon","article_published_time":"2017-12-22T16:00:45+00:00","article_modified_time":"2019-04-24T09:48:40+00:00","og_image":[{"width":2000,"height":1334,"url":"https:\/\/rauchfrei.at\/wp-content\/uploads\/shutterstock_312463934_2000px.jpg","type":"image\/jpeg"}],"author":"Andrea B\u00fcttner","twitter_card":"summary_large_image","twitter_misc":{"Written by":"Andrea B\u00fcttner","Est. reading time":"1 minute"},"schema":{"@context":"https:\/\/schema.org","@graph":[{"@type":"WebPage","@id":"https:\/\/rauchfrei.at\/9769-2\/","url":"https:\/\/rauchfrei.at\/9769-2\/","name":"Wir w\u00fcnschen sch\u00f6ne Weihnachten! - Rauchfrei Telefon","isPartOf":{"@id":"https:\/\/rauchfrei.at\/#website"},"primaryImageOfPage":{"@id":"https:\/\/rauchfrei.at\/9769-2\/#primaryimage"},"image":{"@id":"https:\/\/rauchfrei.at\/9769-2\/#primaryimage"},"thumbnailUrl":"https:\/\/rauchfrei.at\/wp-content\/uploads\/shutterstock_312463934_2000px.jpg","datePublished":"2017-12-22T16:00:45+00:00","dateModified":"2019-04-24T09:48:40+00:00","author":{"@id":"https:\/\/rauchfrei.at\/#\/schema\/person\/7993cb8bdf02ba65fd4ec8ec38b2dbbf"},"inLanguage":"en-US","potentialAction":[{"@type":"ReadAction","target":["https:\/\/rauchfrei.at\/9769-2\/"]}]},{"@type":"ImageObject","inLanguage":"en-US","@id":"https:\/\/rauchfrei.at\/9769-2\/#primaryimage","url":"https:\/\/rauchfrei.at\/wp-content\/uploads\/shutterstock_312463934_2000px.jpg","contentUrl":"https:\/\/rauchfrei.at\/wp-content\/uploads\/shutterstock_312463934_2000px.jpg","width":2000,"height":1334,"caption":"(C) Shutterstock"},{"@type":"WebSite","@id":"https:\/\/rauchfrei.at\/#website","url":"https:\/\/rauchfrei.at\/","name":"Rauchfrei Telefon","description":"Eine \u00f6sterreichweite Initiative der Sozialversicherungen.","potentialAction":[{"@type":"SearchAction","target":{"@type":"EntryPoint","urlTemplate":"https:\/\/rauchfrei.at\/?s={search_term_string}"},"query-input":{"@type":"PropertyValueSpecification","valueRequired":true,"valueName":"search_term_string"}}],"inLanguage":"en-US"},{"@type":"Person","@id":"https:\/\/rauchfrei.at\/#\/schema\/person\/7993cb8bdf02ba65fd4ec8ec38b2dbbf","name":"Andrea B\u00fcttner","image":{"@type":"ImageObject","inLanguage":"en-US","@id":"https:\/\/rauchfrei.at\/#\/schema\/person\/image\/","url":"https:\/\/secure.gravatar.com\/avatar\/0f26ab1de0c83f37b101366a1244bf5de74c6d9c0641811dc6f7fc551dad1c7f?s=96&d=mm&r=g","contentUrl":"https:\/\/secure.gravatar.com\/avatar\/0f26ab1de0c83f37b101366a1244bf5de74c6d9c0641811dc6f7fc551dad1c7f?s=96&d=mm&r=g","caption":"Andrea B\u00fcttner"},"url":"https:\/\/rauchfrei.at\/en\/author\/buettner\/"}]}},"_links":{"self":[{"href":"https:\/\/rauchfrei.at\/en\/wp-json\/wp\/v2\/posts\/9769","targetHints":{"allow":["GET"]}}],"collection":[{"href":"https:\/\/rauchfrei.at\/en\/wp-json\/wp\/v2\/posts"}],"about":[{"href":"https:\/\/rauchfrei.at\/en\/wp-json\/wp\/v2\/types\/post"}],"author":[{"embeddable":true,"href":"https:\/\/rauchfrei.at\/en\/wp-json\/wp\/v2\/users\/11"}],"replies":[{"embeddable":true,"href":"https:\/\/rauchfrei.at\/en\/wp-json\/wp\/v2\/comments?post=9769"}],"version-history":[{"count":5,"href":"https:\/\/rauchfrei.at\/en\/wp-json\/wp\/v2\/posts\/9769\/revisions"}],"predecessor-version":[{"id":15971,"href":"https:\/\/rauchfrei.at\/en\/wp-json\/wp\/v2\/posts\/9769\/revisions\/15971"}],"wp:featuredmedia":[{"embeddable":true,"href":"https:\/\/rauchfrei.at\/en\/wp-json\/wp\/v2\/media\/9785"}],"wp:attachment":[{"href":"https:\/\/rauchfrei.at\/en\/wp-json\/wp\/v2\/media?parent=9769"}],"wp:term":[{"taxonomy":"category","embeddable":true,"href":"https:\/\/rauchfrei.at\/en\/wp-json\/wp\/v2\/categories?post=9769"},{"taxonomy":"post_tag","embeddable":true,"href":"https:\/\/rauchfrei.at\/en\/wp-json\/wp\/v2\/tags?post=9769"}],"curies":[{"name":"wp","href":"https:\/\/api.w.org\/{rel}","templated":true}]}}