
{"id":9790,"date":"2018-01-08T10:00:24","date_gmt":"2018-01-08T08:00:24","guid":{"rendered":"http:\/\/rauchfrei.at\/?p=9790"},"modified":"2022-07-21T12:01:05","modified_gmt":"2022-07-21T10:01:05","slug":"neue-rauchfrei-kurse-in-ganz-oesterreich-starten-sie-durch","status":"publish","type":"post","link":"https:\/\/rauchfrei.at\/en\/neue-rauchfrei-kurse-in-ganz-oesterreich-starten-sie-durch\/","title":{"rendered":"Neue Rauchfrei-Kurse in ganz \u00d6sterreich"},"content":{"rendered":"<p>[et_pb_section fb_built=&#8221;1&#8243; module_class=&#8221;header&#8221; _builder_version=&#8221;4.16&#8243; custom_padding=&#8221;30px|||&#8221; global_colors_info=&#8221;{}&#8221;][et_pb_row _builder_version=&#8221;4.16&#8243; background_size=&#8221;initial&#8221; background_position=&#8221;top_left&#8221; background_repeat=&#8221;repeat&#8221; global_colors_info=&#8221;{}&#8221;][et_pb_column type=&#8221;4_4&#8243; _builder_version=&#8221;4.16&#8243; custom_padding=&#8221;|||&#8221; global_colors_info=&#8221;{}&#8221; custom_padding__hover=&#8221;|||&#8221;][et_pb_dp_dmb_module_10001 subheadline=&#8221; Starten Sie durch!&#8221; _builder_version=&#8221;4.16&#8243; global_colors_info=&#8221;{}&#8221;][\/et_pb_dp_dmb_module_10001][\/et_pb_column][\/et_pb_row][\/et_pb_section][et_pb_section fb_built=&#8221;1&#8243; _builder_version=&#8221;4.16&#8243; custom_padding=&#8221;30px|||&#8221; global_colors_info=&#8221;{}&#8221;][et_pb_row column_structure=&#8221;2_3,1_3&#8243; _builder_version=&#8221;4.16&#8243; global_colors_info=&#8221;{}&#8221;][et_pb_column type=&#8221;2_3&#8243; module_class=&#8221;blog-content&#8221; _builder_version=&#8221;4.16&#8243; custom_padding=&#8221;|||&#8221; global_colors_info=&#8221;{}&#8221; custom_padding__hover=&#8221;|||&#8221;][et_pb_text _builder_version=&#8221;4.17.4&#8243; hover_enabled=&#8221;0&#8243; global_colors_info=&#8221;{}&#8221; sticky_enabled=&#8221;0&#8243;]<\/p>\n<p>Sie geh\u00f6ren auch zu den Raucherinnen und Rauchern, die im Jahr 2018 gern rauchfrei aufatmen w\u00fcrden? Sie haben vielleicht sogar probiert vom Glimmst\u00e4ngel los zu kommen?<\/p>\n<p>Wir wissen: Raucher\/innen, die Unterst\u00fctzung annehmen, haben deutlich h\u00f6here Erfolgsquoten.<\/p>\n<blockquote>\n<p>Gemeinsam <strong>in der Gruppe<\/strong>, f\u00e4llt es vielen leichter rauchfrei zu werden.<\/p>\n<\/blockquote>\n<p><strong>Wo finde ich Rauchfrei-Kurse in meiner N\u00e4he?<br \/><\/strong>Unter unten stehenden Button finden\u00a0Sie Rauchfrei-Kurse nach Bundesl\u00e4ndern sortiert:<\/p>\n<p>[\/et_pb_text][et_pb_button button_url=&#8221;https:\/\/rauchfrei.at\/aufhoeren\/weitere-beratungsangebote-in-oe\/&#8221; button_text=&#8221;Beratungsangebote in \u00d6sterreich&#8221; _builder_version=&#8221;4.17.4&#8243; hover_enabled=&#8221;0&#8243; global_colors_info=&#8221;{}&#8221; button_text_size__hover_enabled=&#8221;off&#8221; button_one_text_size__hover_enabled=&#8221;off&#8221; button_two_text_size__hover_enabled=&#8221;off&#8221; button_text_color__hover_enabled=&#8221;off&#8221; button_one_text_color__hover_enabled=&#8221;off&#8221; button_two_text_color__hover_enabled=&#8221;off&#8221; button_border_width__hover_enabled=&#8221;off&#8221; button_one_border_width__hover_enabled=&#8221;off&#8221; button_two_border_width__hover_enabled=&#8221;off&#8221; button_border_color__hover_enabled=&#8221;off&#8221; button_one_border_color__hover_enabled=&#8221;off&#8221; button_two_border_color__hover_enabled=&#8221;off&#8221; button_border_radius__hover_enabled=&#8221;off&#8221; button_one_border_radius__hover_enabled=&#8221;off&#8221; button_two_border_radius__hover_enabled=&#8221;off&#8221; button_letter_spacing__hover_enabled=&#8221;off&#8221; button_one_letter_spacing__hover_enabled=&#8221;off&#8221; button_two_letter_spacing__hover_enabled=&#8221;off&#8221; button_bg_color__hover_enabled=&#8221;off&#8221; button_one_bg_color__hover_enabled=&#8221;off&#8221; button_two_bg_color__hover_enabled=&#8221;off&#8221; sticky_enabled=&#8221;0&#8243;][\/et_pb_button][et_pb_post_nav in_same_term=&#8221;off&#8221; _builder_version=&#8221;4.16&#8243; custom_margin=&#8221;0px||0px|&#8221; custom_padding=&#8221;0px||0px|&#8221; global_colors_info=&#8221;{}&#8221;][\/et_pb_post_nav][\/et_pb_column][et_pb_column type=&#8221;1_3&#8243; module_class=&#8221;cat-and-tag&#8221; _builder_version=&#8221;4.16&#8243; custom_padding=&#8221;|||&#8221; global_colors_info=&#8221;{}&#8221; custom_padding__hover=&#8221;|||&#8221;][et_pb_sidebar area=&#8221;et_pb_widget_area_1&#8243; _builder_version=&#8221;4.16&#8243; global_colors_info=&#8221;{}&#8221;][\/et_pb_sidebar][\/et_pb_column][\/et_pb_row][et_pb_row _builder_version=&#8221;4.16&#8243; background_size=&#8221;initial&#8221; background_position=&#8221;top_left&#8221; background_repeat=&#8221;repeat&#8221; global_colors_info=&#8221;{}&#8221;][et_pb_column type=&#8221;4_4&#8243; _builder_version=&#8221;4.16&#8243; custom_padding=&#8221;|||&#8221; global_colors_info=&#8221;{}&#8221; custom_padding__hover=&#8221;|||&#8221;][\/et_pb_column][\/et_pb_row][\/et_pb_section]<\/p>\n","protected":false},"excerpt":{"rendered":"<p>Ihr Selbstversuch rauchfrei zu werden hat nicht geklappt? Zahlreiche Angebote unterst\u00fctzen Sie dabei von der Zigarette los zu kommen. Wie Rauchfrei-Kurse ablaufen und worum es genau geht, zeigt ein kurzes Video der STGKK. Finden Sie unter den \u00f6sterreichweit aktuellen Kursterminen das passende Angebot f\u00fcr Sie!<\/p>\n","protected":false},"author":11,"featured_media":0,"comment_status":"closed","ping_status":"closed","sticky":false,"template":"","format":"standard","meta":{"_et_pb_use_builder":"on","_et_pb_old_content":"<p>Sie geh\u00f6ren auch zu den Raucherinnen und Rauchern, die im Jahr 2018 gern rauchfrei aufatmen w\u00fcrden? Sie haben vielleicht sogar probiert vom Glimmst\u00e4ngel los zu kommen?<\/p><p>\u00a0<\/p><p>Wir wissen: Raucher\/innen, die Unterst\u00fctzung annehmen, haben deutlich h\u00f6here Erfolgsquoten.<\/p><p>\u00a0<\/p><p>Und: Gemeinsam in der Gruppe, f\u00e4llt es vielen leichter rauchfrei zu werden.<\/p><p>\u00a0<\/p><p>Wie l\u00e4uft so ein Rauchfrei-Kurs ab?<\/p><p>Sehen Sie selbst, ein <a href=\"https:\/\/www.stgkk.at\/portal27\/stgkkportal\/content?contentid=10007.785288&viewmode=content\" target=\"_blank\" rel=\"noopener\">Video<\/a> erl\u00e4utert es anschaulich!<\/p><p>\u00a0<\/p><p>Wo finde ich Rauchfrei-Kurse in meiner N\u00e4he?<\/p><p>Hier finden\u00a0Sie Rauchfrei-Kurse nach Bundesl\u00e4ndern sortiert:<\/p><p><a href=\"https:\/\/rauchfrei.at\/aufhoeren\/weitere-beratungsangebote-in-oe\/\" target=\"_blank\" rel=\"noopener\">Beratungsangebote in \u00d6sterreich <\/a><\/p>","_et_gb_content_width":"","footnotes":""},"categories":[234],"tags":[],"class_list":["post-9790","post","type-post","status-publish","format-standard","hentry","category-oesterreichweite-angebote-zur-entwoehnung"],"yoast_head":"<!-- This site is optimized with the Yoast SEO plugin v26.2 - https:\/\/yoast.com\/wordpress\/plugins\/seo\/ -->\n<title>Neue Rauchfrei-Kurse in ganz \u00d6sterreich - Rauchfrei Telefon<\/title>\n<meta name=\"robots\" content=\"index, follow, max-snippet:-1, max-image-preview:large, max-video-preview:-1\" \/>\n<link rel=\"canonical\" href=\"https:\/\/rauchfrei.at\/neue-rauchfrei-kurse-in-ganz-oesterreich-starten-sie-durch\/\" \/>\n<meta property=\"og:locale\" content=\"en_US\" \/>\n<meta property=\"og:type\" content=\"article\" \/>\n<meta property=\"og:title\" content=\"Neue Rauchfrei-Kurse in ganz \u00d6sterreich - Rauchfrei Telefon\" \/>\n<meta property=\"og:description\" content=\"Ihr Selbstversuch rauchfrei zu werden hat nicht geklappt? Zahlreiche Angebote unterst\u00fctzen Sie dabei von der Zigarette los zu kommen. Wie Rauchfrei-Kurse ablaufen und worum es genau geht, zeigt ein kurzes Video der STGKK. Finden Sie unter den \u00f6sterreichweit aktuellen Kursterminen das passende Angebot f\u00fcr Sie!\" \/>\n<meta property=\"og:url\" content=\"https:\/\/rauchfrei.at\/neue-rauchfrei-kurse-in-ganz-oesterreich-starten-sie-durch\/\" \/>\n<meta property=\"og:site_name\" content=\"Rauchfrei Telefon\" \/>\n<meta property=\"article:published_time\" content=\"2018-01-08T08:00:24+00:00\" \/>\n<meta property=\"article:modified_time\" content=\"2022-07-21T10:01:05+00:00\" \/>\n<meta name=\"author\" content=\"Andrea B\u00fcttner\" \/>\n<meta name=\"twitter:card\" content=\"summary_large_image\" \/>\n<meta name=\"twitter:label1\" content=\"Written by\" \/>\n\t<meta name=\"twitter:data1\" content=\"Andrea B\u00fcttner\" \/>\n\t<meta name=\"twitter:label2\" content=\"Est. reading time\" \/>\n\t<meta name=\"twitter:data2\" content=\"2 minutes\" \/>\n<script type=\"application\/ld+json\" class=\"yoast-schema-graph\">{\"@context\":\"https:\/\/schema.org\",\"@graph\":[{\"@type\":\"WebPage\",\"@id\":\"https:\/\/rauchfrei.at\/neue-rauchfrei-kurse-in-ganz-oesterreich-starten-sie-durch\/\",\"url\":\"https:\/\/rauchfrei.at\/neue-rauchfrei-kurse-in-ganz-oesterreich-starten-sie-durch\/\",\"name\":\"Neue Rauchfrei-Kurse in ganz \u00d6sterreich - Rauchfrei Telefon\",\"isPartOf\":{\"@id\":\"https:\/\/rauchfrei.at\/#website\"},\"datePublished\":\"2018-01-08T08:00:24+00:00\",\"dateModified\":\"2022-07-21T10:01:05+00:00\",\"author\":{\"@id\":\"https:\/\/rauchfrei.at\/#\/schema\/person\/7993cb8bdf02ba65fd4ec8ec38b2dbbf\"},\"inLanguage\":\"en-US\",\"potentialAction\":[{\"@type\":\"ReadAction\",\"target\":[\"https:\/\/rauchfrei.at\/neue-rauchfrei-kurse-in-ganz-oesterreich-starten-sie-durch\/\"]}]},{\"@type\":\"WebSite\",\"@id\":\"https:\/\/rauchfrei.at\/#website\",\"url\":\"https:\/\/rauchfrei.at\/\",\"name\":\"Rauchfrei Telefon\",\"description\":\"Eine \u00f6sterreichweite Initiative der Sozialversicherungen.\",\"potentialAction\":[{\"@type\":\"SearchAction\",\"target\":{\"@type\":\"EntryPoint\",\"urlTemplate\":\"https:\/\/rauchfrei.at\/?s={search_term_string}\"},\"query-input\":{\"@type\":\"PropertyValueSpecification\",\"valueRequired\":true,\"valueName\":\"search_term_string\"}}],\"inLanguage\":\"en-US\"},{\"@type\":\"Person\",\"@id\":\"https:\/\/rauchfrei.at\/#\/schema\/person\/7993cb8bdf02ba65fd4ec8ec38b2dbbf\",\"name\":\"Andrea B\u00fcttner\",\"image\":{\"@type\":\"ImageObject\",\"inLanguage\":\"en-US\",\"@id\":\"https:\/\/rauchfrei.at\/#\/schema\/person\/image\/\",\"url\":\"https:\/\/secure.gravatar.com\/avatar\/0f26ab1de0c83f37b101366a1244bf5de74c6d9c0641811dc6f7fc551dad1c7f?s=96&d=mm&r=g\",\"contentUrl\":\"https:\/\/secure.gravatar.com\/avatar\/0f26ab1de0c83f37b101366a1244bf5de74c6d9c0641811dc6f7fc551dad1c7f?s=96&d=mm&r=g\",\"caption\":\"Andrea B\u00fcttner\"},\"url\":\"https:\/\/rauchfrei.at\/en\/author\/buettner\/\"}]}<\/script>\n<!-- \/ Yoast SEO plugin. -->","yoast_head_json":{"title":"Neue Rauchfrei-Kurse in ganz \u00d6sterreich - Rauchfrei Telefon","robots":{"index":"index","follow":"follow","max-snippet":"max-snippet:-1","max-image-preview":"max-image-preview:large","max-video-preview":"max-video-preview:-1"},"canonical":"https:\/\/rauchfrei.at\/neue-rauchfrei-kurse-in-ganz-oesterreich-starten-sie-durch\/","og_locale":"en_US","og_type":"article","og_title":"Neue Rauchfrei-Kurse in ganz \u00d6sterreich - Rauchfrei Telefon","og_description":"Ihr Selbstversuch rauchfrei zu werden hat nicht geklappt? Zahlreiche Angebote unterst\u00fctzen Sie dabei von der Zigarette los zu kommen. Wie Rauchfrei-Kurse ablaufen und worum es genau geht, zeigt ein kurzes Video der STGKK. Finden Sie unter den \u00f6sterreichweit aktuellen Kursterminen das passende Angebot f\u00fcr Sie!","og_url":"https:\/\/rauchfrei.at\/neue-rauchfrei-kurse-in-ganz-oesterreich-starten-sie-durch\/","og_site_name":"Rauchfrei Telefon","article_published_time":"2018-01-08T08:00:24+00:00","article_modified_time":"2022-07-21T10:01:05+00:00","author":"Andrea B\u00fcttner","twitter_card":"summary_large_image","twitter_misc":{"Written by":"Andrea B\u00fcttner","Est. reading time":"2 minutes"},"schema":{"@context":"https:\/\/schema.org","@graph":[{"@type":"WebPage","@id":"https:\/\/rauchfrei.at\/neue-rauchfrei-kurse-in-ganz-oesterreich-starten-sie-durch\/","url":"https:\/\/rauchfrei.at\/neue-rauchfrei-kurse-in-ganz-oesterreich-starten-sie-durch\/","name":"Neue Rauchfrei-Kurse in ganz \u00d6sterreich - Rauchfrei Telefon","isPartOf":{"@id":"https:\/\/rauchfrei.at\/#website"},"datePublished":"2018-01-08T08:00:24+00:00","dateModified":"2022-07-21T10:01:05+00:00","author":{"@id":"https:\/\/rauchfrei.at\/#\/schema\/person\/7993cb8bdf02ba65fd4ec8ec38b2dbbf"},"inLanguage":"en-US","potentialAction":[{"@type":"ReadAction","target":["https:\/\/rauchfrei.at\/neue-rauchfrei-kurse-in-ganz-oesterreich-starten-sie-durch\/"]}]},{"@type":"WebSite","@id":"https:\/\/rauchfrei.at\/#website","url":"https:\/\/rauchfrei.at\/","name":"Rauchfrei Telefon","description":"Eine \u00f6sterreichweite Initiative der Sozialversicherungen.","potentialAction":[{"@type":"SearchAction","target":{"@type":"EntryPoint","urlTemplate":"https:\/\/rauchfrei.at\/?s={search_term_string}"},"query-input":{"@type":"PropertyValueSpecification","valueRequired":true,"valueName":"search_term_string"}}],"inLanguage":"en-US"},{"@type":"Person","@id":"https:\/\/rauchfrei.at\/#\/schema\/person\/7993cb8bdf02ba65fd4ec8ec38b2dbbf","name":"Andrea B\u00fcttner","image":{"@type":"ImageObject","inLanguage":"en-US","@id":"https:\/\/rauchfrei.at\/#\/schema\/person\/image\/","url":"https:\/\/secure.gravatar.com\/avatar\/0f26ab1de0c83f37b101366a1244bf5de74c6d9c0641811dc6f7fc551dad1c7f?s=96&d=mm&r=g","contentUrl":"https:\/\/secure.gravatar.com\/avatar\/0f26ab1de0c83f37b101366a1244bf5de74c6d9c0641811dc6f7fc551dad1c7f?s=96&d=mm&r=g","caption":"Andrea B\u00fcttner"},"url":"https:\/\/rauchfrei.at\/en\/author\/buettner\/"}]}},"_links":{"self":[{"href":"https:\/\/rauchfrei.at\/en\/wp-json\/wp\/v2\/posts\/9790","targetHints":{"allow":["GET"]}}],"collection":[{"href":"https:\/\/rauchfrei.at\/en\/wp-json\/wp\/v2\/posts"}],"about":[{"href":"https:\/\/rauchfrei.at\/en\/wp-json\/wp\/v2\/types\/post"}],"author":[{"embeddable":true,"href":"https:\/\/rauchfrei.at\/en\/wp-json\/wp\/v2\/users\/11"}],"replies":[{"embeddable":true,"href":"https:\/\/rauchfrei.at\/en\/wp-json\/wp\/v2\/comments?post=9790"}],"version-history":[{"count":9,"href":"https:\/\/rauchfrei.at\/en\/wp-json\/wp\/v2\/posts\/9790\/revisions"}],"predecessor-version":[{"id":24585,"href":"https:\/\/rauchfrei.at\/en\/wp-json\/wp\/v2\/posts\/9790\/revisions\/24585"}],"wp:attachment":[{"href":"https:\/\/rauchfrei.at\/en\/wp-json\/wp\/v2\/media?parent=9790"}],"wp:term":[{"taxonomy":"category","embeddable":true,"href":"https:\/\/rauchfrei.at\/en\/wp-json\/wp\/v2\/categories?post=9790"},{"taxonomy":"post_tag","embeddable":true,"href":"https:\/\/rauchfrei.at\/en\/wp-json\/wp\/v2\/tags?post=9790"}],"curies":[{"name":"wp","href":"https:\/\/api.w.org\/{rel}","templated":true}]}}