
{"id":9836,"date":"2018-01-22T10:00:21","date_gmt":"2018-01-22T08:00:21","guid":{"rendered":"http:\/\/rauchfrei.at\/?p=9836"},"modified":"2019-04-24T11:38:28","modified_gmt":"2019-04-24T09:38:28","slug":"grippe-verkuehlung-und-rauchstopp","status":"publish","type":"post","link":"https:\/\/rauchfrei.at\/en\/grippe-verkuehlung-und-rauchstopp\/","title":{"rendered":"Grippe, Verk\u00fchlung und Rauchstopp"},"content":{"rendered":"<p>[et_pb_section bb_built=&#8221;1&#8243; fullwidth=&#8221;off&#8221; specialty=&#8221;off&#8221; _builder_version=&#8221;3.0.99&#8243; module_class=&#8221;header&#8221; next_background_color=&#8221;#000000&#8243;][et_pb_row _builder_version=&#8221;3.0.99&#8243;][et_pb_column type=&#8221;4_4&#8243;][et_pb_dp_dmb_module_10001 _builder_version=&#8221;3.21.1&#8243; z_index_tablet=&#8221;500&#8243; \/][\/et_pb_column][\/et_pb_row][\/et_pb_section][et_pb_section bb_built=&#8221;1&#8243; _builder_version=&#8221;3.0.99&#8243; custom_padding=&#8221;30px|||&#8221; prev_background_color=&#8221;#000000&#8243;][et_pb_row _builder_version=&#8221;3.0.99&#8243; module_class_2=&#8221;cat-and-tag&#8221; module_class_1=&#8221;blog-content&#8221;][et_pb_column type=&#8221;2_3&#8243;][et_pb_image _builder_version=&#8221;3.0.99&#8243; src=&#8221;https:\/\/rauchfrei.at\/wp-content\/uploads\/grippe_rauchfrei.jpg&#8221; show_in_lightbox=&#8221;off&#8221; url_new_window=&#8221;off&#8221; use_overlay=&#8221;off&#8221; always_center_on_mobile=&#8221;on&#8221; force_fullwidth=&#8221;off&#8221; show_bottom_space=&#8221;on&#8221; \/][et_pb_text _builder_version=&#8221;3.0.99&#8243; background_layout=&#8221;light&#8221;]<\/p>\n<p>\nGerade bei grippalen Infekten hat man oft wenig \u00a0Lust auf Zigaretten. \u00a0Also warum diese Zeit nicht gleich f\u00fcr den Rauchstopp n\u00fctzen?<\/p>\n<p>Legen Sie die Zigaretten weg! Probieren Sie sich abzulenken, wenn trotz Husten, Schnupfen und Heiserkeit doch der Gusto auf eine Zigarette kommt. Gut k\u00f6nnen Sie sich mit der<a href=\"https:\/\/rauchfrei.at\/die-3-a-technik\/\" target=\"_blank\" rel=\"noopener noreferrer\"> 3A-Technik <\/a>ablenken.<\/p>\n<blockquote>\n<p>G\u00f6nnen Sie sich und Ihrem <strong>K\u00f6rper etwas Gutes<\/strong>.<\/p>\n<\/blockquote>\n<p>Trinken Sie ein Soda-Zitrone oder bei\u00dfen Sie in einen sauren Apfel. Das kann einerseits die Lust auf eine Zigarette nehmen, andererseits st\u00e4rkt es Ihre Abwehrkr\u00e4fte, damit Sie schnell wieder gesund werden.<\/p>\n<p><img loading=\"lazy\" decoding=\"async\" class=\"size-medium wp-image-9843 alignleft\" src=\"https:\/\/rauchfrei.at\/wp-content\/uploads\/shutterstock_734513200_2000px-225x281.jpg\" alt=\"\" width=\"225\" height=\"281\" data-id=\"9843\" srcset=\"https:\/\/rauchfrei.at\/wp-content\/uploads\/shutterstock_734513200_2000px-225x281.jpg 225w, https:\/\/rauchfrei.at\/wp-content\/uploads\/shutterstock_734513200_2000px-768x960.jpg 768w, https:\/\/rauchfrei.at\/wp-content\/uploads\/shutterstock_734513200_2000px-480x600.jpg 480w, https:\/\/rauchfrei.at\/wp-content\/uploads\/shutterstock_734513200_2000px.jpg 2000w\" sizes=\"(max-width: 225px) 100vw, 225px\" \/><\/p>\n<p>Wenn Sie die ersten rauchfreien Tage geschafft haben, g\u00f6nnen Sie sich eine kleine Belohnung als Unterst\u00fctzung und zur Motivation, auch wenn die Grippe vorbei ist, weiterhin rauchfrei zu bleiben.<\/p>\n<p>Die n\u00e4chste Grippewelle kann Sie dann mitunter nicht mehr so ersch\u00fcttern, weil Nichtraucher\/innen ein st\u00e4rkeres Immunsystem haben.<\/p>\n<p>Bei Fragen und Wunsch nach Beratung stehen wir gerne unter 0800 810 013 zur Unterst\u00fctzung.<\/p>\n<p>(C) shutterstock<\/p>\n<p>[\/et_pb_text][et_pb_post_nav _builder_version=&#8221;3.0.99&#8243; in_same_term=&#8221;off&#8221; show_prev=&#8221;on&#8221; show_next=&#8221;on&#8221; \/][\/et_pb_column][et_pb_column type=&#8221;1_3&#8243;][et_pb_sidebar _builder_version=&#8221;3.0.99&#8243; area=&#8221;et_pb_widget_area_1&#8243; orientation=&#8221;left&#8221; show_border=&#8221;on&#8221; background_layout=&#8221;light&#8221; \/][\/et_pb_column][\/et_pb_row][\/et_pb_section]<\/p>\n","protected":false},"excerpt":{"rendered":"<p>Die Grippewelle ist im Anrollen und kommt so wie jedes Jahr wieder nach \u00d6sterreich.<br \/>\nWenn man krank im Bett liegt, k\u00f6nnte man diese Gelegenheit gleich f\u00fcr einen Rauchstopp n\u00fctzen.<\/p>\n","protected":false},"author":11,"featured_media":10006,"comment_status":"closed","ping_status":"closed","sticky":false,"template":"","format":"standard","meta":{"_et_pb_use_builder":"on","_et_pb_old_content":"<p>\u00a0<\/p><p>Gerade bei grippalen Infekten hat man oft wenig \u00a0Lust auf Zigaretten. \u00a0Also warum diese Zeit nicht gleich f\u00fcr den Rauchstopp n\u00fctzen?<\/p><p>\u00a0<\/p><p>\u00a0<\/p><p>Legen Sie die Zigaretten weg! Probieren Sie sich abzulenken, wenn trotz Husten, Schnupfen und Heiserkeit doch der Gusto auf eine Zigarette kommt. Gut k\u00f6nnen Sie sich mit der<a href=\"https:\/\/rauchfrei.at\/die-3-a-technik\/\" target=\"_blank\" rel=\"noopener\"> 3A-Technik <\/a>ablenken.<\/p><p>\u00a0<\/p><p>G\u00f6nnen Sie sich und Ihrem K\u00f6rper etwas Gutes. Trinken Sie ein Soda-Zitrone oder bei\u00dfen Sie in einen sauren Apfel. Das kann einerseits die Lust auf eine Zigarette nehmen, andererseits st\u00e4rkt es Ihre Abwehrkr\u00e4fte, damit Sie schnell wieder gesund werden.<\/p><p>\u00a0<\/p><p><img class=\"alignnone size-medium wp-image-9843\" src=\"https:\/\/rauchfrei.at\/wp-content\/uploads\/shutterstock_734513200_2000px-225x281.jpg\" alt=\"\" width=\"225\" height=\"281\" data-id=\"9843\" \/><br \/> (C) shutterstock<\/p><p>\u00a0<\/p><p>Wenn Sie die ersten rauchfreien Tage geschafft haben, g\u00f6nnen Sie sich eine kleine Belohnung als Unterst\u00fctzung und zur Motivation, auch wenn die Grippe vorbei ist, weiterhin rauchfrei zu bleiben.<\/p><p>\u00a0<\/p><p>Die n\u00e4chste Grippewelle kann Sie dann mitunter nicht mehr so ersch\u00fcttern, weil Nichtraucher\/innen ein st\u00e4rkeres Immunsystem haben.<\/p><p>\u00a0<\/p><p>Bei Fragen und Wunsch nach Beratung stehen wir gerne unter 0800 810 013 zur Unterst\u00fctzung.<\/p>","_et_gb_content_width":"","footnotes":""},"categories":[236],"tags":[],"class_list":["post-9836","post","type-post","status-publish","format-standard","has-post-thumbnail","hentry","category-nicht-kategorisiert"],"yoast_head":"<!-- This site is optimized with the Yoast SEO plugin v26.2 - https:\/\/yoast.com\/wordpress\/plugins\/seo\/ -->\n<title>Grippe, Verk\u00fchlung und Rauchstopp - Rauchfrei Telefon<\/title>\n<meta name=\"robots\" content=\"index, follow, max-snippet:-1, max-image-preview:large, max-video-preview:-1\" \/>\n<link rel=\"canonical\" href=\"https:\/\/rauchfrei.at\/grippe-verkuehlung-und-rauchstopp\/\" \/>\n<meta property=\"og:locale\" content=\"en_US\" \/>\n<meta property=\"og:type\" content=\"article\" \/>\n<meta property=\"og:title\" content=\"Grippe, Verk\u00fchlung und Rauchstopp - Rauchfrei Telefon\" \/>\n<meta property=\"og:description\" content=\"Die Grippewelle ist im Anrollen und kommt so wie jedes Jahr wieder nach \u00d6sterreich. Wenn man krank im Bett liegt, k\u00f6nnte man diese Gelegenheit gleich f\u00fcr einen Rauchstopp n\u00fctzen.\" \/>\n<meta property=\"og:url\" content=\"https:\/\/rauchfrei.at\/grippe-verkuehlung-und-rauchstopp\/\" \/>\n<meta property=\"og:site_name\" content=\"Rauchfrei Telefon\" \/>\n<meta property=\"article:published_time\" content=\"2018-01-22T08:00:21+00:00\" \/>\n<meta property=\"article:modified_time\" content=\"2019-04-24T09:38:28+00:00\" \/>\n<meta property=\"og:image\" content=\"https:\/\/rauchfrei.at\/wp-content\/uploads\/grippe_rauchfrei.jpg\" \/>\n\t<meta property=\"og:image:width\" content=\"2000\" \/>\n\t<meta property=\"og:image:height\" content=\"1333\" \/>\n\t<meta property=\"og:image:type\" content=\"image\/jpeg\" \/>\n<meta name=\"author\" content=\"Andrea B\u00fcttner\" \/>\n<meta name=\"twitter:card\" content=\"summary_large_image\" \/>\n<meta name=\"twitter:label1\" content=\"Written by\" \/>\n\t<meta name=\"twitter:data1\" content=\"Andrea B\u00fcttner\" \/>\n\t<meta name=\"twitter:label2\" content=\"Est. reading time\" \/>\n\t<meta name=\"twitter:data2\" content=\"2 minutes\" \/>\n<script type=\"application\/ld+json\" class=\"yoast-schema-graph\">{\"@context\":\"https:\/\/schema.org\",\"@graph\":[{\"@type\":\"WebPage\",\"@id\":\"https:\/\/rauchfrei.at\/grippe-verkuehlung-und-rauchstopp\/\",\"url\":\"https:\/\/rauchfrei.at\/grippe-verkuehlung-und-rauchstopp\/\",\"name\":\"Grippe, Verk\u00fchlung und Rauchstopp - Rauchfrei Telefon\",\"isPartOf\":{\"@id\":\"https:\/\/rauchfrei.at\/#website\"},\"primaryImageOfPage\":{\"@id\":\"https:\/\/rauchfrei.at\/grippe-verkuehlung-und-rauchstopp\/#primaryimage\"},\"image\":{\"@id\":\"https:\/\/rauchfrei.at\/grippe-verkuehlung-und-rauchstopp\/#primaryimage\"},\"thumbnailUrl\":\"https:\/\/rauchfrei.at\/wp-content\/uploads\/grippe_rauchfrei.jpg\",\"datePublished\":\"2018-01-22T08:00:21+00:00\",\"dateModified\":\"2019-04-24T09:38:28+00:00\",\"author\":{\"@id\":\"https:\/\/rauchfrei.at\/#\/schema\/person\/7993cb8bdf02ba65fd4ec8ec38b2dbbf\"},\"inLanguage\":\"en-US\",\"potentialAction\":[{\"@type\":\"ReadAction\",\"target\":[\"https:\/\/rauchfrei.at\/grippe-verkuehlung-und-rauchstopp\/\"]}]},{\"@type\":\"ImageObject\",\"inLanguage\":\"en-US\",\"@id\":\"https:\/\/rauchfrei.at\/grippe-verkuehlung-und-rauchstopp\/#primaryimage\",\"url\":\"https:\/\/rauchfrei.at\/wp-content\/uploads\/grippe_rauchfrei.jpg\",\"contentUrl\":\"https:\/\/rauchfrei.at\/wp-content\/uploads\/grippe_rauchfrei.jpg\",\"width\":2000,\"height\":1333},{\"@type\":\"WebSite\",\"@id\":\"https:\/\/rauchfrei.at\/#website\",\"url\":\"https:\/\/rauchfrei.at\/\",\"name\":\"Rauchfrei Telefon\",\"description\":\"Eine \u00f6sterreichweite Initiative der Sozialversicherungen.\",\"potentialAction\":[{\"@type\":\"SearchAction\",\"target\":{\"@type\":\"EntryPoint\",\"urlTemplate\":\"https:\/\/rauchfrei.at\/?s={search_term_string}\"},\"query-input\":{\"@type\":\"PropertyValueSpecification\",\"valueRequired\":true,\"valueName\":\"search_term_string\"}}],\"inLanguage\":\"en-US\"},{\"@type\":\"Person\",\"@id\":\"https:\/\/rauchfrei.at\/#\/schema\/person\/7993cb8bdf02ba65fd4ec8ec38b2dbbf\",\"name\":\"Andrea B\u00fcttner\",\"image\":{\"@type\":\"ImageObject\",\"inLanguage\":\"en-US\",\"@id\":\"https:\/\/rauchfrei.at\/#\/schema\/person\/image\/\",\"url\":\"https:\/\/secure.gravatar.com\/avatar\/0f26ab1de0c83f37b101366a1244bf5de74c6d9c0641811dc6f7fc551dad1c7f?s=96&d=mm&r=g\",\"contentUrl\":\"https:\/\/secure.gravatar.com\/avatar\/0f26ab1de0c83f37b101366a1244bf5de74c6d9c0641811dc6f7fc551dad1c7f?s=96&d=mm&r=g\",\"caption\":\"Andrea B\u00fcttner\"},\"url\":\"https:\/\/rauchfrei.at\/en\/author\/buettner\/\"}]}<\/script>\n<!-- \/ Yoast SEO plugin. -->","yoast_head_json":{"title":"Grippe, Verk\u00fchlung und Rauchstopp - Rauchfrei Telefon","robots":{"index":"index","follow":"follow","max-snippet":"max-snippet:-1","max-image-preview":"max-image-preview:large","max-video-preview":"max-video-preview:-1"},"canonical":"https:\/\/rauchfrei.at\/grippe-verkuehlung-und-rauchstopp\/","og_locale":"en_US","og_type":"article","og_title":"Grippe, Verk\u00fchlung und Rauchstopp - Rauchfrei Telefon","og_description":"Die Grippewelle ist im Anrollen und kommt so wie jedes Jahr wieder nach \u00d6sterreich. Wenn man krank im Bett liegt, k\u00f6nnte man diese Gelegenheit gleich f\u00fcr einen Rauchstopp n\u00fctzen.","og_url":"https:\/\/rauchfrei.at\/grippe-verkuehlung-und-rauchstopp\/","og_site_name":"Rauchfrei Telefon","article_published_time":"2018-01-22T08:00:21+00:00","article_modified_time":"2019-04-24T09:38:28+00:00","og_image":[{"width":2000,"height":1333,"url":"https:\/\/rauchfrei.at\/wp-content\/uploads\/grippe_rauchfrei.jpg","type":"image\/jpeg"}],"author":"Andrea B\u00fcttner","twitter_card":"summary_large_image","twitter_misc":{"Written by":"Andrea B\u00fcttner","Est. reading time":"2 minutes"},"schema":{"@context":"https:\/\/schema.org","@graph":[{"@type":"WebPage","@id":"https:\/\/rauchfrei.at\/grippe-verkuehlung-und-rauchstopp\/","url":"https:\/\/rauchfrei.at\/grippe-verkuehlung-und-rauchstopp\/","name":"Grippe, Verk\u00fchlung und Rauchstopp - Rauchfrei Telefon","isPartOf":{"@id":"https:\/\/rauchfrei.at\/#website"},"primaryImageOfPage":{"@id":"https:\/\/rauchfrei.at\/grippe-verkuehlung-und-rauchstopp\/#primaryimage"},"image":{"@id":"https:\/\/rauchfrei.at\/grippe-verkuehlung-und-rauchstopp\/#primaryimage"},"thumbnailUrl":"https:\/\/rauchfrei.at\/wp-content\/uploads\/grippe_rauchfrei.jpg","datePublished":"2018-01-22T08:00:21+00:00","dateModified":"2019-04-24T09:38:28+00:00","author":{"@id":"https:\/\/rauchfrei.at\/#\/schema\/person\/7993cb8bdf02ba65fd4ec8ec38b2dbbf"},"inLanguage":"en-US","potentialAction":[{"@type":"ReadAction","target":["https:\/\/rauchfrei.at\/grippe-verkuehlung-und-rauchstopp\/"]}]},{"@type":"ImageObject","inLanguage":"en-US","@id":"https:\/\/rauchfrei.at\/grippe-verkuehlung-und-rauchstopp\/#primaryimage","url":"https:\/\/rauchfrei.at\/wp-content\/uploads\/grippe_rauchfrei.jpg","contentUrl":"https:\/\/rauchfrei.at\/wp-content\/uploads\/grippe_rauchfrei.jpg","width":2000,"height":1333},{"@type":"WebSite","@id":"https:\/\/rauchfrei.at\/#website","url":"https:\/\/rauchfrei.at\/","name":"Rauchfrei Telefon","description":"Eine \u00f6sterreichweite Initiative der Sozialversicherungen.","potentialAction":[{"@type":"SearchAction","target":{"@type":"EntryPoint","urlTemplate":"https:\/\/rauchfrei.at\/?s={search_term_string}"},"query-input":{"@type":"PropertyValueSpecification","valueRequired":true,"valueName":"search_term_string"}}],"inLanguage":"en-US"},{"@type":"Person","@id":"https:\/\/rauchfrei.at\/#\/schema\/person\/7993cb8bdf02ba65fd4ec8ec38b2dbbf","name":"Andrea B\u00fcttner","image":{"@type":"ImageObject","inLanguage":"en-US","@id":"https:\/\/rauchfrei.at\/#\/schema\/person\/image\/","url":"https:\/\/secure.gravatar.com\/avatar\/0f26ab1de0c83f37b101366a1244bf5de74c6d9c0641811dc6f7fc551dad1c7f?s=96&d=mm&r=g","contentUrl":"https:\/\/secure.gravatar.com\/avatar\/0f26ab1de0c83f37b101366a1244bf5de74c6d9c0641811dc6f7fc551dad1c7f?s=96&d=mm&r=g","caption":"Andrea B\u00fcttner"},"url":"https:\/\/rauchfrei.at\/en\/author\/buettner\/"}]}},"_links":{"self":[{"href":"https:\/\/rauchfrei.at\/en\/wp-json\/wp\/v2\/posts\/9836","targetHints":{"allow":["GET"]}}],"collection":[{"href":"https:\/\/rauchfrei.at\/en\/wp-json\/wp\/v2\/posts"}],"about":[{"href":"https:\/\/rauchfrei.at\/en\/wp-json\/wp\/v2\/types\/post"}],"author":[{"embeddable":true,"href":"https:\/\/rauchfrei.at\/en\/wp-json\/wp\/v2\/users\/11"}],"replies":[{"embeddable":true,"href":"https:\/\/rauchfrei.at\/en\/wp-json\/wp\/v2\/comments?post=9836"}],"version-history":[{"count":5,"href":"https:\/\/rauchfrei.at\/en\/wp-json\/wp\/v2\/posts\/9836\/revisions"}],"predecessor-version":[{"id":15964,"href":"https:\/\/rauchfrei.at\/en\/wp-json\/wp\/v2\/posts\/9836\/revisions\/15964"}],"wp:featuredmedia":[{"embeddable":true,"href":"https:\/\/rauchfrei.at\/en\/wp-json\/wp\/v2\/media\/10006"}],"wp:attachment":[{"href":"https:\/\/rauchfrei.at\/en\/wp-json\/wp\/v2\/media?parent=9836"}],"wp:term":[{"taxonomy":"category","embeddable":true,"href":"https:\/\/rauchfrei.at\/en\/wp-json\/wp\/v2\/categories?post=9836"},{"taxonomy":"post_tag","embeddable":true,"href":"https:\/\/rauchfrei.at\/en\/wp-json\/wp\/v2\/tags?post=9836"}],"curies":[{"name":"wp","href":"https:\/\/api.w.org\/{rel}","templated":true}]}}