
{"id":9863,"date":"2018-02-12T10:00:50","date_gmt":"2018-02-12T08:00:50","guid":{"rendered":"https:\/\/rauchfrei.at\/?p=9863"},"modified":"2019-04-24T11:30:25","modified_gmt":"2019-04-24T09:30:25","slug":"valentinstag-startschuss-fuer-den-rauchstopp","status":"publish","type":"post","link":"https:\/\/rauchfrei.at\/en\/valentinstag-startschuss-fuer-den-rauchstopp\/","title":{"rendered":"Valentinstag: Startschuss f\u00fcr den Rauchstopp?"},"content":{"rendered":"<p>[et_pb_section bb_built=&#8221;1&#8243; fullwidth=&#8221;off&#8221; specialty=&#8221;off&#8221; _builder_version=&#8221;3.0.99&#8243; module_class=&#8221;header&#8221; next_background_color=&#8221;#000000&#8243;][et_pb_row _builder_version=&#8221;3.0.99&#8243;][et_pb_column type=&#8221;4_4&#8243;][et_pb_dp_dmb_module_10001 _builder_version=&#8221;3.21.1&#8243; z_index_tablet=&#8221;500&#8243; \/][\/et_pb_column][\/et_pb_row][\/et_pb_section][et_pb_section bb_built=&#8221;1&#8243; prev_background_color=&#8221;#000000&#8243;][et_pb_row][et_pb_column type=&#8221;2_3&#8243;][et_pb_text]<\/p>\n<p>\nAus Umfragen ist bekannt, dass f\u00fcr 35% eine Beziehung mit einem Raucher, einer Raucherin von vornherein ausgeschlossen ist.<\/p>\n<p>Raucherinnen und Raucher sind gegen ihren eigenen Geruch immunisiert, w\u00e4hrend Nikotin-Ausd\u00fcnstungen \u00fcber Haut und Schleimh\u00e4ute von Nichtraucherinnen und Nichtrauchern als besonders intensiv und unangenehm wahrgenommen werden. Dies spielt besonders beim K\u00fcssen und Kuscheln eine Rolle.<\/p>\n<p>Dar\u00fcber hinaus gibt es noch andere Gr\u00fcnde, warum sich Rauchen negativ auf die Partnersuche oder in einer Partnerschaft auswirkt: Rauchen vermindert die Attraktivit\u00e4t bei Frau und Mann, die Potenz sowie die Fruchtbarkeit. In bereits bestehenden Partnerschaften, kann das einseitige Rauchverhalten die Beziehung wirklich auf die Probe stellen.<\/p>\n<p>Wollen Sie ihrem Partner zuliebe aufh\u00f6ren oder sind Sie gerade Hals \u00fcber Kopf verliebt? Dann nutzen Sie diese Gelegenheit und Motivation und machen einen Rauchstopp!<\/p>\n<p><img loading=\"lazy\" decoding=\"async\" class=\"alignnone size-medium wp-image-9872\" src=\"https:\/\/rauchfrei.at\/wp-content\/uploads\/shutterstock_360750854_2000px-225x225.jpg\" alt=\"\" width=\"225\" height=\"225\" data-id=\"9872\" \/><br \/>\n(C)\u00a0shutterstock<\/p>\n<p>Bef\u00fcrchten Sie Entzugserscheinungen wie Reizbarkeit oder haben Sie Angst vor \u00a0Gewichtszunahme? Mit K\u00fcssen k\u00f6nnen Sie dem entgegenwirken, denn K\u00fcssen regt den Stoffwechsel an und Kalorien werden verbrannt. Au\u00dferdem werden die Gl\u00fcckshormone Dopamin, Serotonin und Oxytocin ausgesch\u00fcttet. Diese Hormone bauen Stress ab und sorgen damit f\u00fcr Entspannung.<\/p>\n<p>Sie m\u00f6chten ihre Partnerin\/ihren Partner beim Rauchstopp unterst\u00fctzen, oder m\u00f6chten selbst den Rauchstopp angehen? Gerne beraten wir Sie beim Rauchfrei Telefon, oder schicken Ihnen kostenlos Infomaterialien zu, die Sie gerne auch Ihrer Liebsten\/Ihrem Liebsten weitergeben k\u00f6nnen!<\/p>\n<p>Mit Unterst\u00fctzung geht\u2019s leichter!<\/p>\n<p>PS: Wenn die Liebe gerade keine Motivation zum Rauchstopp bietet: vielleicht ist der heutige Aschermittwoch und die anstehende Fastenzeit ein Motivationsgrund um den Rauchstopp in Angriff zu nehmen.<\/p>\n<p>[\/et_pb_text][\/et_pb_column][et_pb_column type=&#8221;1_3&#8243;][et_pb_sidebar _builder_version=&#8221;3.15&#8243; area=&#8221;sidebar-1&#8243; \/][\/et_pb_column][\/et_pb_row][\/et_pb_section]<\/p>\n","protected":false},"excerpt":{"rendered":"<p>Der Valentinstag gilt als der Tag der Liebenden. Gerade deshalb eignet sich dieser Tag besonders um mit dem Rauchen aufzuh\u00f6ren \u2013 aus Liebe zu den Menschen in der eigenen Umgebung. Lesen Sie im Blog warum sich der Valentinstag gut als Rauchstopptag eignen k\u00f6nnte.<\/p>\n","protected":false},"author":11,"featured_media":0,"comment_status":"open","ping_status":"open","sticky":false,"template":"","format":"standard","meta":{"_et_pb_use_builder":"on","_et_pb_old_content":"<p>\u00a0<br \/>Aus Umfragen ist bekannt, dass f\u00fcr 35% eine Beziehung mit einem Raucher, einer Raucherin von vornherein ausgeschlossen ist.<br \/>\u00a0<br \/>Raucherinnen und Raucher sind gegen ihren eigenen Geruch immunisiert, w\u00e4hrend Nikotin-Ausd\u00fcnstungen \u00fcber Haut und Schleimh\u00e4ute von Nichtraucherinnen und Nichtrauchern als besonders intensiv und unangenehm wahrgenommen werden. Dies spielt besonders beim K\u00fcssen und Kuscheln eine Rolle.<br \/>\u00a0<br \/>Dar\u00fcber hinaus gibt es noch andere Gr\u00fcnde, warum sich Rauchen negativ auf die Partnersuche oder in einer Partnerschaft auswirkt: Rauchen vermindert die Attraktivit\u00e4t bei Frau und Mann, die Potenz sowie die Fruchtbarkeit. In bereits bestehenden Partnerschaften, kann das einseitige Rauchverhalten die Beziehung wirklich auf die Probe stellen.<br \/>\u00a0<br \/>Wollen Sie ihrem Partner zuliebe aufh\u00f6ren oder sind Sie gerade Hals \u00fcber Kopf verliebt? Dann nutzen Sie diese Gelegenheit und Motivation und machen einen Rauchstopp!<br \/>\u00a0<br \/><img class=\"alignnone size-medium wp-image-9872\" src=\"https:\/\/rauchfrei.at\/wp-content\/uploads\/shutterstock_360750854_2000px-225x225.jpg\" alt=\"\" width=\"225\" height=\"225\" data-id=\"9872\" \/><br \/>(C)\u00a0shutterstock<br \/>\u00a0<br \/>Bef\u00fcrchten Sie Entzugserscheinungen wie Reizbarkeit oder haben Sie Angst vor \u00a0Gewichtszunahme? Mit K\u00fcssen k\u00f6nnen Sie dem entgegenwirken, denn K\u00fcssen regt den Stoffwechsel an und Kalorien werden verbrannt. Au\u00dferdem werden die Gl\u00fcckshormone Dopamin, Serotonin und Oxytocin ausgesch\u00fcttet. Diese Hormone bauen Stress ab und sorgen damit f\u00fcr Entspannung.<br \/>\u00a0<br \/>Sie m\u00f6chten ihre Partnerin\/ihren Partner beim Rauchstopp unterst\u00fctzen, oder m\u00f6chten selbst den Rauchstopp angehen? Gerne beraten wir Sie beim Rauchfrei Telefon, oder schicken Ihnen kostenlos Infomaterialien zu, die Sie gerne auch Ihrer Liebsten\/Ihrem Liebsten weitergeben k\u00f6nnen!<br \/>\u00a0<br \/>Mit Unterst\u00fctzung geht\u2019s leichter!<br \/>\u00a0<br \/>PS: Wenn die Liebe gerade keine Motivation zum Rauchstopp bietet: vielleicht ist der heutige Aschermittwoch und die anstehende Fastenzeit ein Motivationsgrund um den Rauchstopp in Angriff zu nehmen.<br \/>\u00a0<br \/>\u00a0<\/p>","_et_gb_content_width":"","footnotes":""},"categories":[233],"tags":[],"class_list":["post-9863","post","type-post","status-publish","format-standard","hentry","category-unterstuetzung-beim-rauchstopp"],"yoast_head":"<!-- This site is optimized with the Yoast SEO plugin v26.2 - https:\/\/yoast.com\/wordpress\/plugins\/seo\/ -->\n<title>Valentinstag: Startschuss f\u00fcr den Rauchstopp? - Rauchfrei Telefon<\/title>\n<meta name=\"robots\" content=\"index, follow, max-snippet:-1, max-image-preview:large, max-video-preview:-1\" \/>\n<link rel=\"canonical\" href=\"https:\/\/rauchfrei.at\/valentinstag-startschuss-fuer-den-rauchstopp\/\" \/>\n<meta property=\"og:locale\" content=\"en_US\" \/>\n<meta property=\"og:type\" content=\"article\" \/>\n<meta property=\"og:title\" content=\"Valentinstag: Startschuss f\u00fcr den Rauchstopp? - Rauchfrei Telefon\" \/>\n<meta property=\"og:description\" content=\"Der Valentinstag gilt als der Tag der Liebenden. Gerade deshalb eignet sich dieser Tag besonders um mit dem Rauchen aufzuh\u00f6ren \u2013 aus Liebe zu den Menschen in der eigenen Umgebung. Lesen Sie im Blog warum sich der Valentinstag gut als Rauchstopptag eignen k\u00f6nnte.\" \/>\n<meta property=\"og:url\" content=\"https:\/\/rauchfrei.at\/valentinstag-startschuss-fuer-den-rauchstopp\/\" \/>\n<meta property=\"og:site_name\" content=\"Rauchfrei Telefon\" \/>\n<meta property=\"article:published_time\" content=\"2018-02-12T08:00:50+00:00\" \/>\n<meta property=\"article:modified_time\" content=\"2019-04-24T09:30:25+00:00\" \/>\n<meta property=\"og:image\" content=\"https:\/\/rauchfrei.at\/wp-content\/uploads\/shutterstock_360750854_2000px-225x225.jpg\" \/>\n<meta name=\"author\" content=\"Andrea B\u00fcttner\" \/>\n<meta name=\"twitter:card\" content=\"summary_large_image\" \/>\n<meta name=\"twitter:label1\" content=\"Written by\" \/>\n\t<meta name=\"twitter:data1\" content=\"Andrea B\u00fcttner\" \/>\n\t<meta name=\"twitter:label2\" content=\"Est. reading time\" \/>\n\t<meta name=\"twitter:data2\" content=\"2 minutes\" \/>\n<script type=\"application\/ld+json\" class=\"yoast-schema-graph\">{\"@context\":\"https:\/\/schema.org\",\"@graph\":[{\"@type\":\"WebPage\",\"@id\":\"https:\/\/rauchfrei.at\/valentinstag-startschuss-fuer-den-rauchstopp\/\",\"url\":\"https:\/\/rauchfrei.at\/valentinstag-startschuss-fuer-den-rauchstopp\/\",\"name\":\"Valentinstag: Startschuss f\u00fcr den Rauchstopp? - Rauchfrei Telefon\",\"isPartOf\":{\"@id\":\"https:\/\/rauchfrei.at\/#website\"},\"primaryImageOfPage\":{\"@id\":\"https:\/\/rauchfrei.at\/valentinstag-startschuss-fuer-den-rauchstopp\/#primaryimage\"},\"image\":{\"@id\":\"https:\/\/rauchfrei.at\/valentinstag-startschuss-fuer-den-rauchstopp\/#primaryimage\"},\"thumbnailUrl\":\"https:\/\/rauchfrei.at\/wp-content\/uploads\/shutterstock_360750854_2000px-225x225.jpg\",\"datePublished\":\"2018-02-12T08:00:50+00:00\",\"dateModified\":\"2019-04-24T09:30:25+00:00\",\"author\":{\"@id\":\"https:\/\/rauchfrei.at\/#\/schema\/person\/7993cb8bdf02ba65fd4ec8ec38b2dbbf\"},\"inLanguage\":\"en-US\",\"potentialAction\":[{\"@type\":\"ReadAction\",\"target\":[\"https:\/\/rauchfrei.at\/valentinstag-startschuss-fuer-den-rauchstopp\/\"]}]},{\"@type\":\"ImageObject\",\"inLanguage\":\"en-US\",\"@id\":\"https:\/\/rauchfrei.at\/valentinstag-startschuss-fuer-den-rauchstopp\/#primaryimage\",\"url\":\"https:\/\/rauchfrei.at\/wp-content\/uploads\/shutterstock_360750854_2000px-225x225.jpg\",\"contentUrl\":\"https:\/\/rauchfrei.at\/wp-content\/uploads\/shutterstock_360750854_2000px-225x225.jpg\"},{\"@type\":\"WebSite\",\"@id\":\"https:\/\/rauchfrei.at\/#website\",\"url\":\"https:\/\/rauchfrei.at\/\",\"name\":\"Rauchfrei Telefon\",\"description\":\"Eine \u00f6sterreichweite Initiative der Sozialversicherungen.\",\"potentialAction\":[{\"@type\":\"SearchAction\",\"target\":{\"@type\":\"EntryPoint\",\"urlTemplate\":\"https:\/\/rauchfrei.at\/?s={search_term_string}\"},\"query-input\":{\"@type\":\"PropertyValueSpecification\",\"valueRequired\":true,\"valueName\":\"search_term_string\"}}],\"inLanguage\":\"en-US\"},{\"@type\":\"Person\",\"@id\":\"https:\/\/rauchfrei.at\/#\/schema\/person\/7993cb8bdf02ba65fd4ec8ec38b2dbbf\",\"name\":\"Andrea B\u00fcttner\",\"image\":{\"@type\":\"ImageObject\",\"inLanguage\":\"en-US\",\"@id\":\"https:\/\/rauchfrei.at\/#\/schema\/person\/image\/\",\"url\":\"https:\/\/secure.gravatar.com\/avatar\/0f26ab1de0c83f37b101366a1244bf5de74c6d9c0641811dc6f7fc551dad1c7f?s=96&d=mm&r=g\",\"contentUrl\":\"https:\/\/secure.gravatar.com\/avatar\/0f26ab1de0c83f37b101366a1244bf5de74c6d9c0641811dc6f7fc551dad1c7f?s=96&d=mm&r=g\",\"caption\":\"Andrea B\u00fcttner\"},\"url\":\"https:\/\/rauchfrei.at\/en\/author\/buettner\/\"}]}<\/script>\n<!-- \/ Yoast SEO plugin. -->","yoast_head_json":{"title":"Valentinstag: Startschuss f\u00fcr den Rauchstopp? - Rauchfrei Telefon","robots":{"index":"index","follow":"follow","max-snippet":"max-snippet:-1","max-image-preview":"max-image-preview:large","max-video-preview":"max-video-preview:-1"},"canonical":"https:\/\/rauchfrei.at\/valentinstag-startschuss-fuer-den-rauchstopp\/","og_locale":"en_US","og_type":"article","og_title":"Valentinstag: Startschuss f\u00fcr den Rauchstopp? - Rauchfrei Telefon","og_description":"Der Valentinstag gilt als der Tag der Liebenden. Gerade deshalb eignet sich dieser Tag besonders um mit dem Rauchen aufzuh\u00f6ren \u2013 aus Liebe zu den Menschen in der eigenen Umgebung. Lesen Sie im Blog warum sich der Valentinstag gut als Rauchstopptag eignen k\u00f6nnte.","og_url":"https:\/\/rauchfrei.at\/valentinstag-startschuss-fuer-den-rauchstopp\/","og_site_name":"Rauchfrei Telefon","article_published_time":"2018-02-12T08:00:50+00:00","article_modified_time":"2019-04-24T09:30:25+00:00","og_image":[{"url":"https:\/\/rauchfrei.at\/wp-content\/uploads\/shutterstock_360750854_2000px-225x225.jpg","type":"","width":"","height":""}],"author":"Andrea B\u00fcttner","twitter_card":"summary_large_image","twitter_misc":{"Written by":"Andrea B\u00fcttner","Est. reading time":"2 minutes"},"schema":{"@context":"https:\/\/schema.org","@graph":[{"@type":"WebPage","@id":"https:\/\/rauchfrei.at\/valentinstag-startschuss-fuer-den-rauchstopp\/","url":"https:\/\/rauchfrei.at\/valentinstag-startschuss-fuer-den-rauchstopp\/","name":"Valentinstag: Startschuss f\u00fcr den Rauchstopp? - Rauchfrei Telefon","isPartOf":{"@id":"https:\/\/rauchfrei.at\/#website"},"primaryImageOfPage":{"@id":"https:\/\/rauchfrei.at\/valentinstag-startschuss-fuer-den-rauchstopp\/#primaryimage"},"image":{"@id":"https:\/\/rauchfrei.at\/valentinstag-startschuss-fuer-den-rauchstopp\/#primaryimage"},"thumbnailUrl":"https:\/\/rauchfrei.at\/wp-content\/uploads\/shutterstock_360750854_2000px-225x225.jpg","datePublished":"2018-02-12T08:00:50+00:00","dateModified":"2019-04-24T09:30:25+00:00","author":{"@id":"https:\/\/rauchfrei.at\/#\/schema\/person\/7993cb8bdf02ba65fd4ec8ec38b2dbbf"},"inLanguage":"en-US","potentialAction":[{"@type":"ReadAction","target":["https:\/\/rauchfrei.at\/valentinstag-startschuss-fuer-den-rauchstopp\/"]}]},{"@type":"ImageObject","inLanguage":"en-US","@id":"https:\/\/rauchfrei.at\/valentinstag-startschuss-fuer-den-rauchstopp\/#primaryimage","url":"https:\/\/rauchfrei.at\/wp-content\/uploads\/shutterstock_360750854_2000px-225x225.jpg","contentUrl":"https:\/\/rauchfrei.at\/wp-content\/uploads\/shutterstock_360750854_2000px-225x225.jpg"},{"@type":"WebSite","@id":"https:\/\/rauchfrei.at\/#website","url":"https:\/\/rauchfrei.at\/","name":"Rauchfrei Telefon","description":"Eine \u00f6sterreichweite Initiative der Sozialversicherungen.","potentialAction":[{"@type":"SearchAction","target":{"@type":"EntryPoint","urlTemplate":"https:\/\/rauchfrei.at\/?s={search_term_string}"},"query-input":{"@type":"PropertyValueSpecification","valueRequired":true,"valueName":"search_term_string"}}],"inLanguage":"en-US"},{"@type":"Person","@id":"https:\/\/rauchfrei.at\/#\/schema\/person\/7993cb8bdf02ba65fd4ec8ec38b2dbbf","name":"Andrea B\u00fcttner","image":{"@type":"ImageObject","inLanguage":"en-US","@id":"https:\/\/rauchfrei.at\/#\/schema\/person\/image\/","url":"https:\/\/secure.gravatar.com\/avatar\/0f26ab1de0c83f37b101366a1244bf5de74c6d9c0641811dc6f7fc551dad1c7f?s=96&d=mm&r=g","contentUrl":"https:\/\/secure.gravatar.com\/avatar\/0f26ab1de0c83f37b101366a1244bf5de74c6d9c0641811dc6f7fc551dad1c7f?s=96&d=mm&r=g","caption":"Andrea B\u00fcttner"},"url":"https:\/\/rauchfrei.at\/en\/author\/buettner\/"}]}},"_links":{"self":[{"href":"https:\/\/rauchfrei.at\/en\/wp-json\/wp\/v2\/posts\/9863","targetHints":{"allow":["GET"]}}],"collection":[{"href":"https:\/\/rauchfrei.at\/en\/wp-json\/wp\/v2\/posts"}],"about":[{"href":"https:\/\/rauchfrei.at\/en\/wp-json\/wp\/v2\/types\/post"}],"author":[{"embeddable":true,"href":"https:\/\/rauchfrei.at\/en\/wp-json\/wp\/v2\/users\/11"}],"replies":[{"embeddable":true,"href":"https:\/\/rauchfrei.at\/en\/wp-json\/wp\/v2\/comments?post=9863"}],"version-history":[{"count":3,"href":"https:\/\/rauchfrei.at\/en\/wp-json\/wp\/v2\/posts\/9863\/revisions"}],"predecessor-version":[{"id":15958,"href":"https:\/\/rauchfrei.at\/en\/wp-json\/wp\/v2\/posts\/9863\/revisions\/15958"}],"wp:attachment":[{"href":"https:\/\/rauchfrei.at\/en\/wp-json\/wp\/v2\/media?parent=9863"}],"wp:term":[{"taxonomy":"category","embeddable":true,"href":"https:\/\/rauchfrei.at\/en\/wp-json\/wp\/v2\/categories?post=9863"},{"taxonomy":"post_tag","embeddable":true,"href":"https:\/\/rauchfrei.at\/en\/wp-json\/wp\/v2\/tags?post=9863"}],"curies":[{"name":"wp","href":"https:\/\/api.w.org\/{rel}","templated":true}]}}